{"id":342183,"date":"2026-09-05T14:22:11","date_gmt":"2026-09-05T14:22:11","guid":{"rendered":"https:\/\/www.europesays.com\/fi\/342183\/"},"modified":"2026-09-05T14:22:11","modified_gmt":"2026-09-05T14:22:11","slug":"archie-cruz-muusikon-elamanmuutos-ja-suuri-laina-maksamatta","status":"publish","type":"post","link":"https:\/\/www.europesays.com\/fi\/342183\/","title":{"rendered":"Archie Cruz: Muusikon El\u00e4m\u00e4nmuutos ja Suuri Laina Maksamatta"},"content":{"rendered":"<p>\n            20250820 HELSINKI. Erikoisjoukot-pressi. ARTTU KUOSMANEN,. KUVA: ATTE KAJOVA<br \/>\n            ATTE KAJOVA\n        <\/p>\n<p class=\"subtitle \">Amerikkaa valloittamaan aikoinaan l\u00e4hteneell\u00e4 muusikolla on nyky\u00e4\u00e4n erilaiset kuviot k\u00e4ynniss\u00e4.<\/p>\n<p class=\"article-content article-content-width !bg-background\">Muusikko , 34, viett\u00e4\u00e4 nyky\u00e4\u00e4n hyvin erilaista el\u00e4m\u00e4\u00e4 kuin viel\u00e4 nuorempana.<\/p>\n<p class=\"font-weight-bold m-font-weight-bold article-content article-content-width !bg-background\">Video: Archie Cruz avaa, miten isyys on h\u00e4neen vaikuttanut.\u00a0<\/p>\n<p>Juhlia ja tuomioita<\/p>\n<p class=\"article-content article-content-width !bg-background\">Sipooseen puolisonsa , 22, kanssa muuttanut Archie oli ennen kova juhlimaan, ja p\u00e4ihteiden v\u00e4ritt\u00e4m\u00e4 el\u00e4m\u00e4 toi mukanaan my\u00f6s useita rikostuomioita.<\/p>\n<p class=\"article-content article-content-width !bg-background\"><a href=\"https:\/\/www.hs.fi\/popkulttuuri\/art-2000012169214.html\" target=\"_blank\" rel=\"nofollow noopener\">HS<\/a>:n tuoreessa haastattelussa Archi kertoo muun muassa p\u00e4ihdekuntoutuksessa k\u00e4ymisest\u00e4. Siell\u00e4 muusikko tajusi, ett\u00e4 oma suhde alkoholiin oli vinksallaan.<\/p>\n<p class=\"article-content article-content-width !bg-background\">Nyky\u00e4\u00e4n h\u00e4n el\u00e4\u00e4 selv\u00e4\u00e4 el\u00e4m\u00e4\u00e4 ja on pienen tyt\u00f6n is\u00e4.<\/p>\n<p>        <a itemprop=\"url\" href=\"https:\/\/www.seiska.fi\/kotimaa\/archie-cruz-nelinkertaistin-palkkani-kahdessa-vuodessa\/2218776\" rel=\"nofollow noopener\" target=\"_blank\"><\/p>\n<p>\nArchie Cruz:\n<\/p>\n<p class=\"section-date\">\n        <strong class=\"article-section\" data-section=\"kotimaa\"><br \/>\n            kotimaa<br \/>\n        <\/strong><br \/>\n        25.7. 20:24\n    <\/p>\n<p>Archie Cruz: &#8221;Nelinkertaistin palkkani kahdessa vuodessa&#8221;\n    <\/p>\n<p itemprop=\"description\" class=\"subtitle \">\n    Archie on selke\u00e4sti parantanut juoksuaan.\n<\/p>\n<p>        <\/a><\/p>\n<p>Toisenlaisia musahommia<\/p>\n<p class=\"article-content article-content-width !bg-background\">Archie kertoo haastattelussa kokeilleensa trubaduurin hommia Tallinnan-laivalla. Aluksi Archie on pestist\u00e4 innoissaan, mutta loppujen lopuksi h\u00e4n toteaa, ettei aivan heti l\u00e4htisi uudestaan.\u00a0<\/p>\n<p class=\"article-content article-content-width !bg-background\">Archiella on uransa alkuvaiheilla ollut suuria suunnitelmia, kuten Amerikan valloittaminen musiikillaan.\u00a0<\/p>\n<p class=\"article-content article-content-width !bg-background\">Santa Cruz -yhtyeens\u00e4 kanssa New Yorkissa vuonna 2014 esiintynyt Archie ajatteli silloin, ett\u00e4 l\u00e4pimurto oli tapahtunut. H\u00e4n perusti b\u00e4ndin yhdess\u00e4  kanssa vuonna 2007.<\/p>\n<p>                <img decoding=\"async\" src=\"https:\/\/www.europesays.com\/fi\/wp-content\/uploads\/2026\/09\/2164684.webp\" width=\"576\" height=\"274\" alt=\"Archie Cruz Fuengirolassa kes\u00e4ll\u00e4.\" loading=\"lazy\" \/>            <\/p>\n<p>\n            Archie Cruz Fuengirolassa kes\u00e4ll\u00e4.<br \/>\n            Mika Heikkil\u00e4\n        <\/p>\n<p class=\"article-content article-content-width !bg-background\">Euroopassa ja Amerikassa kiert\u00e4nyt b\u00e4ndi kuitenkin hajosi vuonna 2018.<\/p>\n<p class=\"article-content article-content-width !bg-background\">\u2013 Kun alkoi voida huonosti ja tuli masennusta ja alkoholilla l\u00e4tr\u00e4\u00e4mist\u00e4, en ollut mik\u00e4\u00e4n maailman paras tyyppi. Ei pystynyt ottamaan vastuuta, Archie kuvailee itse\u00e4\u00e4n b\u00e4ndikaverina.<\/p>\n<p class=\"article-content article-content-width !bg-background\">Muusikon mukaan b\u00e4ndin j\u00e4tt\u00e4neet j\u00e4senet hylk\u00e4siv\u00e4t h\u00e4net keikkabussista tienposkeen.<\/p>\n<p>        <a itemprop=\"url\" href=\"https:\/\/www.seiska.fi\/kotimaa\/talta-iida-vainio-nayttaa-nykyaan-tuore-kuva\/2215407\" rel=\"nofollow noopener\" target=\"_blank\"><\/p>\n<p>\nTuore kuva\n<\/p>\n<p class=\"section-date\">\n        <strong class=\"article-section\" data-section=\"kotimaa\"><br \/>\n            kotimaa<br \/>\n        <\/strong><br \/>\n        23.7. 17:30\n    <\/p>\n<p>T\u00e4lt\u00e4 Iida Vainio n\u00e4ytt\u00e4\u00e4 nyky\u00e4\u00e4n \u2013 tuore kuva!\n    <\/p>\n<p itemprop=\"description\" class=\"subtitle \">\n    Perhe-el\u00e4m\u00e4\u00e4 viett\u00e4v\u00e4n Iidan ja Archien arjesta paljastuu lis\u00e4tietoa.\n<\/p>\n<p>        <\/a><\/p>\n<p>Iso laina maksamatta<\/p>\n<p class=\"article-content article-content-width !bg-background\">Santa Cruz lainasi Archien is\u00e4lt\u00e4 tuolloin kymmeni\u00e4 tuhansia euroja kiertueen kuluja varten, kun uskoa b\u00e4ndin potentiaaliin oli.\u00a0Yhtye ei kuitenkaan ollut tuottoisa, ja kiertuetta varten otettu laina on yh\u00e4 maksamatta.<\/p>\n<p class=\"article-content article-content-width !bg-background\">Nyky\u00e4\u00e4n Archie tekee musiikkia suomeksi, mutta vastaanotto ei ole ollut aivan niin innokasta kuin artisti olisi toivonut.<\/p>\n<p class=\"article-content article-content-width !bg-background\">\u2013\u00a0Omaan makuun vastaanotto on ollut aika haalea. Olisin toivonut, ett\u00e4 ne r\u00e4j\u00e4ytt\u00e4\u00e4 pankin. Mutta ehk\u00e4 ne ei ole tarpeeksi hyvi\u00e4 viel\u00e4. Pit\u00e4\u00e4 tehd\u00e4 lis\u00e4\u00e4, Archie pohtii haastattelussa.<\/p>\n<p>        <a itemprop=\"url\" href=\"https:\/\/www.seiska.fi\/kotimaa\/herranjestas-archie-cruzin-shokkimuutos\/2201647\" rel=\"nofollow noopener\" target=\"_blank\"><\/p>\n<p>\nHerranjestas!\n<\/p>\n<p class=\"section-date\">\n        <strong class=\"article-section\" data-section=\"kotimaa\"><br \/>\n            kotimaa<br \/>\n        <\/strong><br \/>\n        9.7. 07:00\n    <\/p>\n<p>Herranjestas! Archie Cruzin shokkimuutos\n    <\/p>\n<p itemprop=\"description\" class=\"subtitle \">\n    Archie Cruz vaikuttaa muuttuneelta miehelt\u00e4.\n<\/p>\n<p>        <\/a><\/p>\n<p class=\"italic m-italic article-content article-content-width !bg-background\">Juttua muokattu 5.9. kello 17.00: Juttuun t\u00e4smennetty, ett\u00e4 lainan Archien is\u00e4lt\u00e4 otti Santa Cruz -yhtye, ei Archie yksin, kuten jutussa aiemmin kerrottiin.<\/p>\n","protected":false},"excerpt":{"rendered":"20250820 HELSINKI. Erikoisjoukot-pressi. ARTTU KUOSMANEN,. KUVA: ATTE KAJOVA ATTE KAJOVA Amerikkaa valloittamaan aikoinaan l\u00e4hteneell\u00e4 muusikolla on nyky\u00e4\u00e4n erilaiset&hellip;\n","protected":false},"author":2,"featured_media":342184,"comment_status":"","ping_status":"","sticky":false,"template":"","format":"standard","meta":{"footnotes":"","_share_on_mastodon":"0"},"categories":[136],"tags":[2345,407,137,33,31,30,2344,408,20396,42172,9015,32,109],"class_list":["post-342183","post","type-post","status-publish","format-standard","has-post-thumbnail","category-julkkikset","tag-archie-cruz","tag-celebrities","tag-entertainment","tag-fi","tag-finland","tag-finnish","tag-iida-vainio","tag-julkkikset","tag-laina","tag-paihdekuntoutus","tag-santa-cruz","tag-suomi","tag-viihde"],"share_on_mastodon":{"url":"https:\/\/pubeurope.com\/@fi\/117218885611455996","error":""},"_links":{"self":[{"href":"https:\/\/www.europesays.com\/fi\/wp-json\/wp\/v2\/posts\/342183","targetHints":{"allow":["GET"]}}],"collection":[{"href":"https:\/\/www.europesays.com\/fi\/wp-json\/wp\/v2\/posts"}],"about":[{"href":"https:\/\/www.europesays.com\/fi\/wp-json\/wp\/v2\/types\/post"}],"author":[{"embeddable":true,"href":"https:\/\/www.europesays.com\/fi\/wp-json\/wp\/v2\/users\/2"}],"replies":[{"embeddable":true,"href":"https:\/\/www.europesays.com\/fi\/wp-json\/wp\/v2\/comments?post=342183"}],"version-history":[{"count":0,"href":"https:\/\/www.europesays.com\/fi\/wp-json\/wp\/v2\/posts\/342183\/revisions"}],"wp:featuredmedia":[{"embeddable":true,"href":"https:\/\/www.europesays.com\/fi\/wp-json\/wp\/v2\/media\/342184"}],"wp:attachment":[{"href":"https:\/\/www.europesays.com\/fi\/wp-json\/wp\/v2\/media?parent=342183"}],"wp:term":[{"taxonomy":"category","embeddable":true,"href":"https:\/\/www.europesays.com\/fi\/wp-json\/wp\/v2\/categories?post=342183"},{"taxonomy":"post_tag","embeddable":true,"href":"https:\/\/www.europesays.com\/fi\/wp-json\/wp\/v2\/tags?post=342183"}],"curies":[{"name":"wp","href":"https:\/\/api.w.org\/{rel}","templated":true}]}}