{"id":342185,"date":"2026-09-05T14:29:24","date_gmt":"2026-09-05T14:29:24","guid":{"rendered":"https:\/\/www.europesays.com\/fi\/342185\/"},"modified":"2026-09-05T14:29:24","modified_gmt":"2026-09-05T14:29:24","slug":"jalkapallokannattajien-marssit-haittaavat-liikennetta-tampereella","status":"publish","type":"post","link":"https:\/\/www.europesays.com\/fi\/342185\/","title":{"rendered":"Jalkapallo\u00adkannattajien marssit haittaavat liikennett\u00e4 Tampereella"},"content":{"rendered":"<p>Jalkapallon Suomen cupin finaali pelataan illalla Tampereen Tammelan stadionilla.<\/p>\n<p class=\"font-(family-name:--picture-caption-font-family) text-(length:--picture-caption-font-size) leading-(--picture-caption-leading) font-(--picture-caption-font-weight) text-(color:--picture-caption-color)\">Jalkapalloseura HJK:n kannattajat marssivat Tampereen Tammelassa lauantaina 5. syyskuuta. Video:\u00a0Tatu Airo \/ Aamulehti<\/p>\n<p class=\"article-body mb-(--paragraph-margin-b) px-nof-16\">Aamulehti<\/p>\n<p class=\"article-body mb-(--paragraph-margin-b) px-nof-16\">Jalkapallon Suomen cupin finaali vaikuttaa liikenteeseen ja poliisin valvontaan Tampereella lauantaina.<\/p>\n<p class=\"article-body mb-(--paragraph-margin-b) px-nof-16\">Jalkapallofanit marssivat Tammelan stadionille, ja marssi aiheuttaa tilap\u00e4ist\u00e4 haittaa liikenteelle Rautatienkadulla ja Tammelan alueella, kertoo Sis\u00e4-Suomen poliisi.<\/p>\n<p class=\"article-body mb-(--paragraph-margin-b) px-nof-16\">Esimerkiksi Nysse kertoo, ett\u00e4 ratikan palvelussa Tampereen keskustassa on viiv\u00e4styksi\u00e4 keskustassa etenev\u00e4n kulkueen vuoksi.<\/p>\n<p class=\"article-body mb-(--paragraph-margin-b) px-nof-16\">Poliisi arvioi perjantaina, ett\u00e4 kannattajien marssi hidastaa liikennett\u00e4 noin kello 16\u201317.15. Poliisi ohjaa liikennett\u00e4. Poliisin mukaan Tammelan stadionin alueella liikkuu ottelun vuoksi lauantaina muutenkin tavallista enemm\u00e4n poliisipartioita.<\/p>\n<p class=\"article-body mb-(--paragraph-margin-b) px-nof-16\">FC Inter ja HJK kohtaavat miesten jalkapallon Suomen Cupin loppuottelussa stadionilla kello 18.<\/p>\n<p class=\"nof-ui-body-medium break-words mb-(--paragraph-margin-b) px-nof-16\">Uutinen p\u00e4ivittyy.<\/p>\n","protected":false},"excerpt":{"rendered":"Jalkapallon Suomen cupin finaali pelataan illalla Tampereen Tammelan stadionilla. Jalkapalloseura HJK:n kannattajat marssivat Tampereen Tammelassa lauantaina 5. syyskuuta.&hellip;\n","protected":false},"author":2,"featured_media":342186,"comment_status":"","ping_status":"","sticky":false,"template":"","format":"standard","meta":{"footnotes":"","_share_on_mastodon":"0"},"categories":[158],"tags":[157,33,31,30,159,32,160],"class_list":["post-342185","post","type-post","status-publish","format-standard","has-post-thumbnail","category-urheilu","tag-aamulehti","tag-fi","tag-finland","tag-finnish","tag-sports","tag-suomi","tag-urheilu"],"share_on_mastodon":{"url":"https:\/\/pubeurope.com\/@fi\/117218913009612579","error":""},"_links":{"self":[{"href":"https:\/\/www.europesays.com\/fi\/wp-json\/wp\/v2\/posts\/342185","targetHints":{"allow":["GET"]}}],"collection":[{"href":"https:\/\/www.europesays.com\/fi\/wp-json\/wp\/v2\/posts"}],"about":[{"href":"https:\/\/www.europesays.com\/fi\/wp-json\/wp\/v2\/types\/post"}],"author":[{"embeddable":true,"href":"https:\/\/www.europesays.com\/fi\/wp-json\/wp\/v2\/users\/2"}],"replies":[{"embeddable":true,"href":"https:\/\/www.europesays.com\/fi\/wp-json\/wp\/v2\/comments?post=342185"}],"version-history":[{"count":0,"href":"https:\/\/www.europesays.com\/fi\/wp-json\/wp\/v2\/posts\/342185\/revisions"}],"wp:featuredmedia":[{"embeddable":true,"href":"https:\/\/www.europesays.com\/fi\/wp-json\/wp\/v2\/media\/342186"}],"wp:attachment":[{"href":"https:\/\/www.europesays.com\/fi\/wp-json\/wp\/v2\/media?parent=342185"}],"wp:term":[{"taxonomy":"category","embeddable":true,"href":"https:\/\/www.europesays.com\/fi\/wp-json\/wp\/v2\/categories?post=342185"},{"taxonomy":"post_tag","embeddable":true,"href":"https:\/\/www.europesays.com\/fi\/wp-json\/wp\/v2\/tags?post=342185"}],"curies":[{"name":"wp","href":"https:\/\/api.w.org\/{rel}","templated":true}]}}