{"id":342187,"date":"2026-09-05T14:30:13","date_gmt":"2026-09-05T14:30:13","guid":{"rendered":"https:\/\/www.europesays.com\/fi\/342187\/"},"modified":"2026-09-05T14:30:13","modified_gmt":"2026-09-05T14:30:13","slug":"miss-suomi-finalistit-stailasivat-itsensa-katso-kuvat","status":"publish","type":"post","link":"https:\/\/www.europesays.com\/fi\/342187\/","title":{"rendered":"Miss Suomi -finalistit stailasivat itsens\u00e4, katso kuvat"},"content":{"rendered":"<p><strong class=\"typography-bold\">Miss Suomi -finalisteista julkaistiin uusia kuvia.\u00a0<\/strong><\/p>\n<p><a class=\"cursor-pointer underline\" data-testid=\"internal-link\" role=\"link\" href=\"https:\/\/www.mtvuutiset.fi\/aihe\/miss-suomi\/2826900\" rel=\"nofollow noopener\" target=\"_blank\">Miss Suomi<\/a> -finalistit poseeraavat tuoreissa otoksissa itse stailaamassaan tyyliss\u00e4. Tiedotteen mukaan kilpailun stylisti <strong class=\"typography-bold\">Aleksandra Kantola<\/strong> haastoi finalistit rakentamaan sukkahousujen ymp\u00e4rille t\u00e4ysin oman n\u00e4k\u00f6isens\u00e4 tyylikokonaisuuden.\u00a0<\/p>\n<p>Finalistit saivat hy\u00f6dynt\u00e4\u00e4 kuvauksissa Miss Suomi -tuotannon asusteita ja rekvisiittaa sek\u00e4 yhdistell\u00e4 niit\u00e4 vapaasti oman persoonallisuutensa mukaisesti.<\/p>\n<p>Miss Suomi 2026 -finaaligaala j\u00e4rjestet\u00e4\u00e4n lauantaina 5.9.2026 Hype Arenalla Espoossa.<\/p>\n<p><strong class=\"typography-bold\">1. Henniina M\u00e4\u00e4tt\u00e4.<\/strong><\/p>\n<p>1. Henniina M\u00e4\u00e4tt\u00e4Erno Nikolov \/ Miss Suomi<\/p>\n<p><strong class=\"typography-bold\">2. Veera Gr\u00f6nlund<\/strong><\/p>\n","protected":false},"excerpt":{"rendered":"Miss Suomi -finalisteista julkaistiin uusia kuvia.\u00a0 Miss Suomi -finalistit poseeraavat tuoreissa otoksissa itse stailaamassaan tyyliss\u00e4. Tiedotteen mukaan kilpailun&hellip;\n","protected":false},"author":2,"featured_media":342188,"comment_status":"","ping_status":"","sticky":false,"template":"","format":"standard","meta":{"footnotes":"","_share_on_mastodon":"0"},"categories":[130],"tags":[137,33,31,30,32,109],"class_list":["post-342187","post","type-post","status-publish","format-standard","has-post-thumbnail","category-viihde","tag-entertainment","tag-fi","tag-finland","tag-finnish","tag-suomi","tag-viihde"],"share_on_mastodon":{"url":"https:\/\/pubeurope.com\/@fi\/117218916591924240","error":""},"_links":{"self":[{"href":"https:\/\/www.europesays.com\/fi\/wp-json\/wp\/v2\/posts\/342187","targetHints":{"allow":["GET"]}}],"collection":[{"href":"https:\/\/www.europesays.com\/fi\/wp-json\/wp\/v2\/posts"}],"about":[{"href":"https:\/\/www.europesays.com\/fi\/wp-json\/wp\/v2\/types\/post"}],"author":[{"embeddable":true,"href":"https:\/\/www.europesays.com\/fi\/wp-json\/wp\/v2\/users\/2"}],"replies":[{"embeddable":true,"href":"https:\/\/www.europesays.com\/fi\/wp-json\/wp\/v2\/comments?post=342187"}],"version-history":[{"count":0,"href":"https:\/\/www.europesays.com\/fi\/wp-json\/wp\/v2\/posts\/342187\/revisions"}],"wp:featuredmedia":[{"embeddable":true,"href":"https:\/\/www.europesays.com\/fi\/wp-json\/wp\/v2\/media\/342188"}],"wp:attachment":[{"href":"https:\/\/www.europesays.com\/fi\/wp-json\/wp\/v2\/media?parent=342187"}],"wp:term":[{"taxonomy":"category","embeddable":true,"href":"https:\/\/www.europesays.com\/fi\/wp-json\/wp\/v2\/categories?post=342187"},{"taxonomy":"post_tag","embeddable":true,"href":"https:\/\/www.europesays.com\/fi\/wp-json\/wp\/v2\/tags?post=342187"}],"curies":[{"name":"wp","href":"https:\/\/api.w.org\/{rel}","templated":true}]}}