{"id":342201,"date":"2026-09-05T14:56:09","date_gmt":"2026-09-05T14:56:09","guid":{"rendered":"https:\/\/www.europesays.com\/fi\/342201\/"},"modified":"2026-09-05T14:56:09","modified_gmt":"2026-09-05T14:56:09","slug":"suora-lahetys-miss-suomi-finaalin-punaiselta-matolta-eveliina-uosukainen-ja-joni-rintala-avautuivat-vauva-arjestaan","status":"publish","type":"post","link":"https:\/\/www.europesays.com\/fi\/342201\/","title":{"rendered":"Suora l\u00e4hetys Miss Suomi -finaalin punaiselta matolta: Eveliina Uosukainen ja Joni Rintala avautuivat vauva-arjestaan"},"content":{"rendered":"<p>Miss Suomen finaalin punaiselle matolle saapuu lauantaina tunnettuja kasvoja.<\/p>\n<p class=\"font-(family-name:--picture-caption-font-family) text-(length:--picture-caption-font-size) leading-(--picture-caption-leading) font-(--picture-caption-font-weight) text-(color:--picture-caption-color)\">Suora l\u00e4hetys alkaa noin kello 17.30.<\/p>\n<p class=\"article-body mb-(--paragraph-margin-b) px-nof-16\">Uusi Miss Suomi valitaan lauantaina 5. syyskuuta Espoon Hype-areenalla. IS l\u00e4hett\u00e4\u00e4 suoran l\u00e4hetyksen gaalan punaiselta matolta noin kello 17.30 alkaen. Haastattelemme punaisella matolla gaalan t\u00e4htivieraita. IS seuraa punaista mattoa t\u00e4ss\u00e4 artikkelissa.<\/p>\n<p class=\"article-body mb-(--paragraph-margin-b) px-nof-16\">Finaali n\u00e4hd\u00e4\u00e4n suorana l\u00e4hetyksen\u00e4 Alfa-kanavalla kello 20 alkaen.<\/p>\n<p class=\"article-body mb-(--paragraph-margin-b) px-nof-16\">Finaalissa kilpailevat <a class=\"font-bold underline-offset-[0.12em] [text-decoration:var(--person-link-text-decoration)] [text-decoration-color:var(--person-link-text-decoration-color)]!\" href=\"https:\/\/www.is.fi\/haku\/?query=Veera%20Gr%C3%B6nlund\" rel=\"nofollow noopener\" target=\"_blank\">Veera Gr\u00f6nlund<\/a>, <a class=\"font-bold underline-offset-[0.12em] [text-decoration:var(--person-link-text-decoration)] [text-decoration-color:var(--person-link-text-decoration-color)]!\" href=\"https:\/\/www.is.fi\/haku\/?query=Henniina%20M%C3%A4%C3%A4tt%C3%A4\" rel=\"nofollow noopener\" target=\"_blank\">Henniina M\u00e4\u00e4tt\u00e4<\/a>, <a class=\"font-bold underline-offset-[0.12em] [text-decoration:var(--person-link-text-decoration)] [text-decoration-color:var(--person-link-text-decoration-color)]!\" href=\"https:\/\/www.is.fi\/haku\/?query=Sani%20Merit%C3%A4hti\" rel=\"nofollow noopener\" target=\"_blank\">Sani Merit\u00e4hti<\/a>, <a class=\"font-bold underline-offset-[0.12em] [text-decoration:var(--person-link-text-decoration)] [text-decoration-color:var(--person-link-text-decoration-color)]!\" href=\"https:\/\/www.is.fi\/haku\/?query=Rebekka%20Homanen\" rel=\"nofollow noopener\" target=\"_blank\">Rebekka Homanen<\/a>, <a class=\"font-bold underline-offset-[0.12em] [text-decoration:var(--person-link-text-decoration)] [text-decoration-color:var(--person-link-text-decoration-color)]!\" href=\"https:\/\/www.is.fi\/haku\/?query=Iiris%20Yli-Kaatiala\" rel=\"nofollow noopener\" target=\"_blank\">Iiris Yli-Kaatiala<\/a>, <a class=\"font-bold underline-offset-[0.12em] [text-decoration:var(--person-link-text-decoration)] [text-decoration-color:var(--person-link-text-decoration-color)]!\" href=\"https:\/\/www.is.fi\/haku\/?query=Katariina%20Kinnunen,\" rel=\"nofollow noopener\" target=\"_blank\">Katariina Kinnunen,<\/a> <a class=\"font-bold underline-offset-[0.12em] [text-decoration:var(--person-link-text-decoration)] [text-decoration-color:var(--person-link-text-decoration-color)]!\" href=\"https:\/\/www.is.fi\/haku\/?query=Sofia%20Singh\" rel=\"nofollow noopener\" target=\"_blank\">Sofia Singh<\/a>, <a class=\"font-bold underline-offset-[0.12em] [text-decoration:var(--person-link-text-decoration)] [text-decoration-color:var(--person-link-text-decoration-color)]!\" href=\"https:\/\/www.is.fi\/haku\/?query=Jutta%20H%C3%A4kkinen\" rel=\"nofollow noopener\" target=\"_blank\">Jutta H\u00e4kkinen<\/a>, I<a class=\"font-bold underline-offset-[0.12em] [text-decoration:var(--person-link-text-decoration)] [text-decoration-color:var(--person-link-text-decoration-color)]!\" href=\"https:\/\/www.is.fi\/haku\/?query=ida%20Puljuj%C3%A4rvi\" rel=\"nofollow noopener\" target=\"_blank\">ida Puljuj\u00e4rvi<\/a> ja <a class=\"font-bold underline-offset-[0.12em] [text-decoration:var(--person-link-text-decoration)] [text-decoration-color:var(--person-link-text-decoration-color)]!\" href=\"https:\/\/www.is.fi\/haku\/?query=Aleksandra%20Hannusaari\" rel=\"nofollow noopener\" target=\"_blank\">Aleksandra Hannusaari<\/a>.<\/p>\n<p class=\"article-body mb-(--paragraph-margin-b) px-nof-16\">Finaalin juontavat vuoden 2024 Miss Suomi <a class=\"font-bold underline-offset-[0.12em] [text-decoration:var(--person-link-text-decoration)] [text-decoration-color:var(--person-link-text-decoration-color)]!\" href=\"https:\/\/www.is.fi\/haku\/?query=Matilda%20Wirtavuori\" rel=\"nofollow noopener\" target=\"_blank\">Matilda Wirtavuori<\/a> sek\u00e4 vuoden 2001 Miss Suomi <a class=\"font-bold underline-offset-[0.12em] [text-decoration:var(--person-link-text-decoration)] [text-decoration-color:var(--person-link-text-decoration-color)]!\" href=\"https:\/\/www.is.fi\/haku\/?query=Heidi%20Willman\" rel=\"nofollow noopener\" target=\"_blank\">Heidi Willman<\/a>.<\/p>\n<p class=\"article-body mb-(--paragraph-margin-b) px-nof-16\">Tuomarit ovat t\u00e4n\u00e4 vuonna vuoden 1996 Miss Suomen 1. perint\u00f6prinsessa <a class=\"font-bold underline-offset-[0.12em] [text-decoration:var(--person-link-text-decoration)] [text-decoration-color:var(--person-link-text-decoration-color)]!\" href=\"https:\/\/www.is.fi\/haku\/?query=Anitra%20Ahtola\" rel=\"nofollow noopener\" target=\"_blank\">Anitra Ahtola<\/a>, Erikoisjoukot-ohjelmasta tuttu <a class=\"font-bold underline-offset-[0.12em] [text-decoration:var(--person-link-text-decoration)] [text-decoration-color:var(--person-link-text-decoration-color)]!\" href=\"https:\/\/www.is.fi\/haku\/?query=Matias%20Pet%C3%A4ist%C3%B6\" rel=\"nofollow noopener\" target=\"_blank\">Matias Pet\u00e4ist\u00f6<\/a>, mentalisti <a class=\"font-bold underline-offset-[0.12em] [text-decoration:var(--person-link-text-decoration)] [text-decoration-color:var(--person-link-text-decoration-color)]!\" href=\"https:\/\/www.is.fi\/haku\/?query=Noora%20Karma\" rel=\"nofollow noopener\" target=\"_blank\">Noora Karma<\/a>, toimittaja <a class=\"font-bold underline-offset-[0.12em] [text-decoration:var(--person-link-text-decoration)] [text-decoration-color:var(--person-link-text-decoration-color)]!\" href=\"https:\/\/www.is.fi\/haku\/?query=Katja%20Lintunen\" rel=\"nofollow noopener\" target=\"_blank\">Katja Lintunen<\/a> sek\u00e4 kauneusvaikuttaja ja yritt\u00e4j\u00e4 <a class=\"font-bold underline-offset-[0.12em] [text-decoration:var(--person-link-text-decoration)] [text-decoration-color:var(--person-link-text-decoration-color)]!\" href=\"https:\/\/www.is.fi\/haku\/?query=Rita%20Jokinen\" rel=\"nofollow noopener\" target=\"_blank\">Rita Jokinen<\/a>, joka valittiin Miss Suomi 2015 -kilpailussa yleis\u00f6n suosikiksi.<\/p>\n<p class=\"article-body mb-(--paragraph-margin-b) px-nof-16\">Miss Suomi <a class=\"font-bold underline-offset-[0.12em] [text-decoration:var(--person-link-text-decoration)] [text-decoration-color:var(--person-link-text-decoration-color)]!\" href=\"https:\/\/www.is.fi\/haku\/?query=Tara%20Lehtonen\" rel=\"nofollow noopener\" target=\"_blank\">Tara Lehtonen<\/a> luovuttaa kruunun finaalissa uudelle Miss Suomelle. Lehtosen kausi Miss Suomena j\u00e4i poikkeuksellisen lyhyeksi, sill\u00e4 h\u00e4n oli alun perin ensimm\u00e4inen perint\u00f6prinsessa. Kisan voittajaksi kruunattu <a class=\"font-bold underline-offset-[0.12em] [text-decoration:var(--person-link-text-decoration)] [text-decoration-color:var(--person-link-text-decoration-color)]!\" href=\"https:\/\/www.is.fi\/haku\/?query=Sarah%20Dzafce\" rel=\"nofollow noopener\" target=\"_blank\">Sarah Dzafce<\/a> luopui kruunustaan rasismikohun my\u00f6t\u00e4.<\/p>\n","protected":false},"excerpt":{"rendered":"Miss Suomen finaalin punaiselle matolle saapuu lauantaina tunnettuja kasvoja. Suora l\u00e4hetys alkaa noin kello 17.30. Uusi Miss Suomi&hellip;\n","protected":false},"author":2,"featured_media":342202,"comment_status":"","ping_status":"","sticky":false,"template":"","format":"standard","meta":{"footnotes":"","_share_on_mastodon":"0"},"categories":[130],"tags":[137,33,31,30,34,32,109],"class_list":["post-342201","post","type-post","status-publish","format-standard","has-post-thumbnail","category-viihde","tag-entertainment","tag-fi","tag-finland","tag-finnish","tag-ilta-sanomat","tag-suomi","tag-viihde"],"share_on_mastodon":{"url":"https:\/\/pubeurope.com\/@fi\/117219018991363368","error":""},"_links":{"self":[{"href":"https:\/\/www.europesays.com\/fi\/wp-json\/wp\/v2\/posts\/342201","targetHints":{"allow":["GET"]}}],"collection":[{"href":"https:\/\/www.europesays.com\/fi\/wp-json\/wp\/v2\/posts"}],"about":[{"href":"https:\/\/www.europesays.com\/fi\/wp-json\/wp\/v2\/types\/post"}],"author":[{"embeddable":true,"href":"https:\/\/www.europesays.com\/fi\/wp-json\/wp\/v2\/users\/2"}],"replies":[{"embeddable":true,"href":"https:\/\/www.europesays.com\/fi\/wp-json\/wp\/v2\/comments?post=342201"}],"version-history":[{"count":0,"href":"https:\/\/www.europesays.com\/fi\/wp-json\/wp\/v2\/posts\/342201\/revisions"}],"wp:featuredmedia":[{"embeddable":true,"href":"https:\/\/www.europesays.com\/fi\/wp-json\/wp\/v2\/media\/342202"}],"wp:attachment":[{"href":"https:\/\/www.europesays.com\/fi\/wp-json\/wp\/v2\/media?parent=342201"}],"wp:term":[{"taxonomy":"category","embeddable":true,"href":"https:\/\/www.europesays.com\/fi\/wp-json\/wp\/v2\/categories?post=342201"},{"taxonomy":"post_tag","embeddable":true,"href":"https:\/\/www.europesays.com\/fi\/wp-json\/wp\/v2\/tags?post=342201"}],"curies":[{"name":"wp","href":"https:\/\/api.w.org\/{rel}","templated":true}]}}