{"id":342207,"date":"2026-09-05T15:01:21","date_gmt":"2026-09-05T15:01:21","guid":{"rendered":"https:\/\/www.europesays.com\/fi\/342207\/"},"modified":"2026-09-05T15:01:21","modified_gmt":"2026-09-05T15:01:21","slug":"kohu-paisuu-turussa-nyt-puhuu-erotettu-valtuutettu-petteri-orpo-mainittu","status":"publish","type":"post","link":"https:\/\/www.europesays.com\/fi\/342207\/","title":{"rendered":"Kohu paisuu Turussa: Nyt puhuu erotettu valtuutettu, Petteri Orpo mainittu"},"content":{"rendered":"<p>Valtuutettu Elina Hiltunen (kok): \u201dJa edelleenk\u00e4\u00e4n edes eilisess\u00e4 Turun kokoomuksen p\u00e4ivityksess\u00e4 ei kerrottu mit\u00e4\u00e4n konkreettista kohtaa videoillani, jotka olisivat rikkoneet s\u00e4\u00e4nt\u00f6j\u00e4\u201d.<\/p>\n<p><img decoding=\"async\" class=\"image image-show image-preview\" src=\"https:\/\/www.europesays.com\/fi\/wp-content\/uploads\/2026\/09\/483a286a75085d4f086b1aae1f517c13123878c32af669acb215af520e7f9fd1.jpg\" alt=\"\"\/><img decoding=\"async\" class=\"image image-show\" src=\"https:\/\/www.europesays.com\/fi\/wp-content\/uploads\/2026\/09\/1788620481_791_483a286a75085d4f086b1aae1f517c13123878c32af669acb215af520e7f9fd1.jpg\" alt=\"\"\/><\/p>\n<p>Kokoomuksen puheenjohtaja, p\u00e4\u00e4ministeri Petteri Orpo hallituksen budjetti-infossa 1.9.2026. KIMMO HAAPALA<\/p>\n<p class=\"paragraph\">Kokoomuksen Turun valtuustoryhm\u00e4st\u00e4 m\u00e4\u00e4r\u00e4ajaksi erotettu ja paikallisyhdistykselt\u00e4\u00e4n varoituksen saanut <strong>Elina Hiltunen<\/strong> julkisti Turun kokoomuksen valtuustoryhm\u00e4lle laatimansa vastineen X-viestipalvelussa lauantaina. Siin\u00e4 h\u00e4n pyyt\u00e4\u00e4 selvennyksi\u00e4 siit\u00e4, mit\u00e4 tosiasiallisia s\u00e4\u00e4nt\u00f6j\u00e4 h\u00e4n on rikkonut, ja kyseenalaistaa sit\u00e4, ett\u00e4 muslimiyhteis\u00f6jen \u00e4\u00e4nien menetysten pelossa tehd\u00e4\u00e4n t\u00e4llaisia ratkaisuja.<\/p>\n<p class=\"paragraph\">\u2013 Kerroin my\u00f6s suoraan uskovani, ett\u00e4 t\u00e4st\u00e4 nousee kohu. Yritin viel\u00e4 her\u00e4tell\u00e4 valtuustoryhm\u00e4n j\u00e4seni\u00e4 n\u00e4kem\u00e4\u00e4n, milt\u00e4 t\u00e4m\u00e4 n\u00e4ytt\u00e4\u00e4 kokoomuksen kannalta, ja ett\u00e4 minua ei kannattaisi t\u00e4m\u00e4n asian vuoksi erottaa, mutta erotusp\u00e4\u00e4t\u00f6s oli silti yksimielinen, Hiltunen kirjoittaa.<\/p>\n<p class=\"paragraph\">Hiltusen mukaan h\u00e4nt\u00e4 on yritetty \u201dmaalailla\u201d valehtelijaksi.<\/p>\n<p class=\"paragraph\">\u2013 Ja edelleenk\u00e4\u00e4n edes eilisess\u00e4 Turun kokoomuksen p\u00e4ivityksess\u00e4 ei kerrottu mit\u00e4\u00e4n konkreettista kohtaa videoillani, jotka olisivat rikkoneet s\u00e4\u00e4nt\u00f6j\u00e4.<\/p>\n<p class=\"paragraph\">Vastineessaan Hiltunen my\u00f6nt\u00e4\u00e4, ett\u00e4 video oli k\u00e4rjek\u00e4s. H\u00e4n kuitenkin huomauttaa, ett\u00e4 aihe on yhteiskunnallisesti kiistanalainen ja ett\u00e4 videon tarkoituksena on her\u00e4tt\u00e4\u00e4 keskustelua siit\u00e4, miten islamin uskonnolliset tekstit ja perinteiset tulkinnat sopeutuvat l\u00e4nsimaisen yhteiskunnan arvoihin.<\/p>\n<p class=\"paragraph\">\u2013 K\u00e4rjekkyys tai uskonnon arvostelu ei itsess\u00e4\u00e4n tee viestist\u00e4 rasistista tai syrjiv\u00e4\u00e4, h\u00e4n kirjoittaa vastineessaan.<\/p>\n<p class=\"paragraph\">Hiltunen kertoo sitoutuneensa Turun pormestariohjelman syrjinn\u00e4nvastaiseen sitoumukseen ja olevansa valmis sitoutumaan siihen my\u00f6s jatkossa.<\/p>\n<p class=\"paragraph\">\u2013 Sitoumuksen soveltaminen edellytt\u00e4\u00e4 kuitenkin, ett\u00e4 ensin osoitetaan, mik\u00e4 julkaisemassani videossa on rasistista, muukalaisvihamielist\u00e4 tai syrjiv\u00e4\u00e4. Pelkk\u00e4 v\u00e4ite siit\u00e4, ett\u00e4 video on \u201dsitoumuksen hengen vastainen\u201d tai ett\u00e4 joku on loukkaantunut, ei riit\u00e4, Hiltunen kirjoittaa vastineessaan.<\/p>\n<p class=\"paragraph\">H\u00e4n muistuttaa, ett\u00e4 kokoomus m\u00e4\u00e4rittelee itse tavoitteekseen vapaan ja l\u00e4nsimaiseen yhteiskuntaj\u00e4rjestykseen perustuvan avoimen yhteiskunnan, jossa yksil\u00f6nvapaus ja ihmisoikeudet on turvattu.<\/p>\n<p>Hiltunen viittaa koraaniin<\/p>\n<p class=\"paragraph\">Hiltusen mukaan videossa esitetyt v\u00e4itteet liittyv\u00e4t todellisiin islamilaisiin l\u00e4hteisiin.<\/p>\n<p class=\"paragraph\">\u2013 Tarkoituksena ei ollut keksi\u00e4 islamista kielteisi\u00e4 v\u00e4itteit\u00e4, vaan tarkastella sit\u00e4, mit\u00e4 islamin keskeisiss\u00e4 tekstil\u00e4hteiss\u00e4 ja klassisessa oikeusperinteess\u00e4 todella opetetaan.<\/p>\n<p class=\"paragraph\">Hiltunen kertoo ottaneensa videolla esiin esimerkiksi <strong>Aishan<\/strong> avioliiton <strong>Muhammedin<\/strong> kanssa t\u00e4m\u00e4n ollessa 6-vuotias ja avioliiton t\u00e4yt\u00e4nt\u00f6\u00f6npanon 9-vuotiaana. L\u00e4hteeksi h\u00e4n mainitsee Sahih al-Bukhari 5134. Sahih al-Bukhari on Wikipedian mukaan islamin sunnalaisen suuntauksen arvostetuin ja luotettavimpana pidetty hadith-kokoelma.<\/p>\n<p class=\"paragraph\">Hiltunen nostaa esiin sen, ett\u00e4 Koraani sallii miehelle 2\u20134 vaimoa tai kertoo siit\u00e4, kuinka naista saa ly\u00f6d\u00e4, jos h\u00e4n ei tottele.<\/p>\n<p>Puheenjohtaja Manni TS:lle: \u201dKukaan ei pysty painostamaan puheenjohtajaa mihink\u00e4\u00e4n\u201d<\/p>\n<p class=\"paragraph\">Hiltusen n\u00e4kemys on, ett\u00e4 kokoomuksessa otetaan Turussa ohjeistuksia vastaan muslimeilta.<\/p>\n<p class=\"paragraph\">\u2013\u2009Turussa on sellaisia muslimiyhteis\u00f6j\u00e4 ja niiden johtajia, jotka ihan suoraan sanoo p\u00e4\u00e4tt\u00e4jille, ett\u00e4 jos ette tee n\u00e4in, niin me siirret\u00e4\u00e4n tietty osa muslimi\u00e4\u00e4nist\u00e4 toiselle puolueelle. Se valtapeli on siell\u00e4 aivan j\u00e4rkytt\u00e4v\u00e4\u00e4, Hiltunen kommentoi <a href=\"https:\/\/www.ts.fi\/a\/7076199\" target=\"_blank\" rel=\"noopener nofollow\">Turun Sanomille<\/a>.<\/p>\n<p class=\"paragraph\">Kokoomuksen Turun valtuustoryhm\u00e4n puheenjohtaja <strong>Olli A. Manni<\/strong> painottaa TS:lle, ett\u00e4 Turun kokoomuksen valtuustoryhm\u00e4\u00e4n kuuluvan kokoomuksen puheenjohtajan, p\u00e4\u00e4ministeri <strong>Petteri Orpon<\/strong> syyllist\u00e4minen siit\u00e4, ett\u00e4 h\u00e4n ottaisi ohjeita vastaan muslimeilta, ei ole sopiva ulostulo toiselta valtuutetulta.<\/p>\n<p class=\"paragraph\">\u2013\u2009Kukaan ei pysty painostamaan puheenjohtajaa mihink\u00e4\u00e4n. Se oli minusta eritt\u00e4in ik\u00e4v\u00e4\u00e4, eik\u00e4 pid\u00e4 paikkaansa, Manni sanoo.<\/p>\n<p>Turun kokoomus: \u201dHiltusen ulostulot ratkaisun j\u00e4lkeen vahvistavat ryhm\u00e4n toimineen oikein\u201d<\/p>\n<p class=\"paragraph\">Turun kokoomus \u201doikaisi\u201d Hiltusen tapaukseen liittyvi\u00e4 v\u00e4itteit\u00e4 <a href=\"https:\/\/www.facebook.com\/search\/top\/?q=Kokoomus%20Turku&amp;locale=fi_FI\" target=\"_blank\" rel=\"noopener nofollow\">Facebookissa<\/a> perjantaina.<\/p>\n<p class=\"paragraph\">\u2013 Kyse ei ole yksitt\u00e4isest\u00e4 videosta tai julkaisusta, vaan kokonaisuudesta, jossa h\u00e4nen julkaisujaan on pidetty ep\u00e4asiallisina ja ristiriitaisina kokoomuksen ohjelmien ja yhteisten sopimusten kanssa. My\u00f6s Turun kokoomuksen antama varoitus on perustunut t\u00e4h\u00e4n kokonaisarvioon, perustelut kuuluvat.<\/p>\n<p class=\"paragraph\">Turun kokoomuksen mukaan Hiltuselle annettiin ennen p\u00e4\u00e4t\u00f6ksentekoa mahdollisuus vastata h\u00e4nt\u00e4 koskeviin n\u00e4kemyksiin.<\/p>\n<p class=\"paragraph\">\u2013 H\u00e4nen kirjallinen vastineensa oli ryhm\u00e4n valtuutettujen k\u00e4ytett\u00e4viss\u00e4 p\u00e4\u00e4t\u00f6st\u00e4 teht\u00e4ess\u00e4. Valtuustoryhm\u00e4 teki erottamisp\u00e4\u00e4t\u00f6ksen yksimielisesti.<\/p>\n<p class=\"paragraph\">Turun kokoomuksen mukaan sananvapaus on kokoomukselle t\u00e4rke\u00e4 arvo.<\/p>\n<p class=\"paragraph\">\u2013 Vapauteen liittyy kuitenkin aina my\u00f6s vastuu. Kokoomuksen toimijoilta edellytet\u00e4\u00e4n, ett\u00e4 omia n\u00e4kemyksi\u00e4 voidaan tuoda esiin avoimesti ilman vastakkainasettelun lietsomista tai ihmisten loukkaamista. T\u00e4t\u00e4 vapauden ja vastuun tasapainoa edellytet\u00e4\u00e4n kaikilta kokoomuksen toimijoilta.<\/p>\n<p class=\"paragraph\">Turun kokoomuksesta on ymm\u00e4rrett\u00e4v\u00e4\u00e4, ett\u00e4 p\u00e4\u00e4t\u00f6s on ollut Hiltuselle vaikea.<\/p>\n<p class=\"paragraph\">\u2013 P\u00e4\u00e4t\u00f6ksess\u00e4 on kuitenkin arvioitu h\u00e4nen toimintaansa suhteessa ryhm\u00e4n yhteisiin pelis\u00e4\u00e4nt\u00f6ihin, ei h\u00e4nen persoonaansa. Turun kokoomuksen valtuustoryhm\u00e4n p\u00e4\u00e4t\u00f6s on perusteltu ja asianmukaisesti tehty. Hiltusen ulostulot ratkaisun j\u00e4lkeen vahvistavat ryhm\u00e4n toimineen oikein.<\/p>\n","protected":false},"excerpt":{"rendered":"Valtuutettu Elina Hiltunen (kok): \u201dJa edelleenk\u00e4\u00e4n edes eilisess\u00e4 Turun kokoomuksen p\u00e4ivityksess\u00e4 ei kerrottu mit\u00e4\u00e4n konkreettista kohtaa videoillani, jotka&hellip;\n","protected":false},"author":2,"featured_media":342208,"comment_status":"","ping_status":"","sticky":false,"template":"","format":"standard","meta":{"footnotes":"","_share_on_mastodon":"0"},"categories":[12],"tags":[35,22,23,26,27,33,31,30,17,24,25,28,29,15,48,18,21,637,886,885,887,32,19,20,16],"class_list":["post-342207","post","type-post","status-publish","format-standard","has-post-thumbnail","category-suomi","tag-24h","tag-breaking-news","tag-breakingnews","tag-featured-news","tag-featurednews","tag-fi","tag-finland","tag-finnish","tag-headlines","tag-latest-news","tag-latestnews","tag-main-news","tag-mainnews","tag-news","tag-oikeistopuolueet","tag-otsikot","tag-paauutiset","tag-politiikka","tag-puolueet","tag-suomen-poliittiset-puolueet","tag-suomen-politiikka","tag-suomi","tag-top-stories","tag-topstories","tag-uutiset"],"share_on_mastodon":{"url":"https:\/\/pubeurope.com\/@fi\/117219039242043571","error":""},"_links":{"self":[{"href":"https:\/\/www.europesays.com\/fi\/wp-json\/wp\/v2\/posts\/342207","targetHints":{"allow":["GET"]}}],"collection":[{"href":"https:\/\/www.europesays.com\/fi\/wp-json\/wp\/v2\/posts"}],"about":[{"href":"https:\/\/www.europesays.com\/fi\/wp-json\/wp\/v2\/types\/post"}],"author":[{"embeddable":true,"href":"https:\/\/www.europesays.com\/fi\/wp-json\/wp\/v2\/users\/2"}],"replies":[{"embeddable":true,"href":"https:\/\/www.europesays.com\/fi\/wp-json\/wp\/v2\/comments?post=342207"}],"version-history":[{"count":0,"href":"https:\/\/www.europesays.com\/fi\/wp-json\/wp\/v2\/posts\/342207\/revisions"}],"wp:featuredmedia":[{"embeddable":true,"href":"https:\/\/www.europesays.com\/fi\/wp-json\/wp\/v2\/media\/342208"}],"wp:attachment":[{"href":"https:\/\/www.europesays.com\/fi\/wp-json\/wp\/v2\/media?parent=342207"}],"wp:term":[{"taxonomy":"category","embeddable":true,"href":"https:\/\/www.europesays.com\/fi\/wp-json\/wp\/v2\/categories?post=342207"},{"taxonomy":"post_tag","embeddable":true,"href":"https:\/\/www.europesays.com\/fi\/wp-json\/wp\/v2\/tags?post=342207"}],"curies":[{"name":"wp","href":"https:\/\/api.w.org\/{rel}","templated":true}]}}