{"id":342209,"date":"2026-09-05T15:02:10","date_gmt":"2026-09-05T15:02:10","guid":{"rendered":"https:\/\/www.europesays.com\/fi\/342209\/"},"modified":"2026-09-05T15:02:10","modified_gmt":"2026-09-05T15:02:10","slug":"yhdysvallat-sanoo-tuhonneensa-kolme-iranilaista-oljytankkeria-uutisia-lyhyesti","status":"publish","type":"post","link":"https:\/\/www.europesays.com\/fi\/342209\/","title":{"rendered":"Yhdysvallat sanoo tuhonneensa kolme iranilaista \u00f6ljytankkeria | Uutisia lyhyesti"},"content":{"rendered":"<p class=\"aw__sc-1qwuw0s-0 aw__sc-ngllmo-0 epAWpq fzYpjk yle__article__paragraph\">Yhdysvaltojen asevoimat kertoo tuhonneensa kolme iranilaista \u00f6ljytankkeria.<\/p>\n<p class=\"aw__sc-1qwuw0s-0 aw__sc-ngllmo-0 epAWpq fzYpjk yle__article__paragraph\">Yhdysvaltojen mukaan iskujen syy on Iranin aiemmat ohjuslaukaisut yhdysvaltalaisia sotalaivoja kohti.<\/p>\n<p class=\"aw__sc-1qwuw0s-0 aw__sc-ngllmo-0 epAWpq fzYpjk yle__article__paragraph\">Yksi tankkereista tuhottiin l\u00e4hell\u00e4 Khargin saarta, mist\u00e4 aiemmin lauantaina kuultiin r\u00e4j\u00e4hdyksi\u00e4.<\/p>\n<p class=\"aw__sc-1qwuw0s-0 aw__sc-ngllmo-0 epAWpq fzYpjk yle__article__paragraph\">Yhdysvaltojen mukaan amerikkalaisia ei loukkaantunut Iranin ohjusiskuissa. Tankkereilla olleiden tilasta ei ole tietoa.<\/p>\n<p class=\"aw__sc-1qwuw0s-0 aw__sc-ngllmo-0 epAWpq fzYpjk yle__article__paragraph\">L\u00e4hde: AFP, Reuters<\/p>\n","protected":false},"excerpt":{"rendered":"Yhdysvaltojen asevoimat kertoo tuhonneensa kolme iranilaista \u00f6ljytankkeria. Yhdysvaltojen mukaan iskujen syy on Iranin aiemmat ohjuslaukaisut yhdysvaltalaisia sotalaivoja kohti.&hellip;\n","protected":false},"author":2,"featured_media":342210,"comment_status":"","ping_status":"","sticky":false,"template":"","format":"standard","meta":{"footnotes":"","_share_on_mastodon":"0"},"categories":[5],"tags":[22,23,26,27,33,31,30,17,27973,3648,992,24,25,28,29,15,5913,2536,18,21,5970,1472,20836,32,19,20,56,16,619,4595,29113],"class_list":["post-342209","post","type-post","status-publish","format-standard","has-post-thumbnail","category-otsikot","tag-breaking-news","tag-breakingnews","tag-featured-news","tag-featurednews","tag-fi","tag-finland","tag-finnish","tag-headlines","tag-hormuzinsalmi","tag-iran","tag-lahi-ita","tag-latest-news","tag-latestnews","tag-main-news","tag-mainnews","tag-news","tag-oljy","tag-oljy-ja-kaasu","tag-otsikot","tag-paauutiset","tag-rahtilaivat","tag-rajahdykset","tag-sailioalukset","tag-suomi","tag-top-stories","tag-topstories","tag-ulkomaat","tag-uutiset","tag-yhdysvallat","tag-yhdysvaltain-asevoimat","tag-yhdysvaltojen-ja-israelin-ilmaiskut-iraniin-2026"],"share_on_mastodon":{"url":"https:\/\/pubeurope.com\/@fi\/117219042546186048","error":""},"_links":{"self":[{"href":"https:\/\/www.europesays.com\/fi\/wp-json\/wp\/v2\/posts\/342209","targetHints":{"allow":["GET"]}}],"collection":[{"href":"https:\/\/www.europesays.com\/fi\/wp-json\/wp\/v2\/posts"}],"about":[{"href":"https:\/\/www.europesays.com\/fi\/wp-json\/wp\/v2\/types\/post"}],"author":[{"embeddable":true,"href":"https:\/\/www.europesays.com\/fi\/wp-json\/wp\/v2\/users\/2"}],"replies":[{"embeddable":true,"href":"https:\/\/www.europesays.com\/fi\/wp-json\/wp\/v2\/comments?post=342209"}],"version-history":[{"count":0,"href":"https:\/\/www.europesays.com\/fi\/wp-json\/wp\/v2\/posts\/342209\/revisions"}],"wp:featuredmedia":[{"embeddable":true,"href":"https:\/\/www.europesays.com\/fi\/wp-json\/wp\/v2\/media\/342210"}],"wp:attachment":[{"href":"https:\/\/www.europesays.com\/fi\/wp-json\/wp\/v2\/media?parent=342209"}],"wp:term":[{"taxonomy":"category","embeddable":true,"href":"https:\/\/www.europesays.com\/fi\/wp-json\/wp\/v2\/categories?post=342209"},{"taxonomy":"post_tag","embeddable":true,"href":"https:\/\/www.europesays.com\/fi\/wp-json\/wp\/v2\/tags?post=342209"}],"curies":[{"name":"wp","href":"https:\/\/api.w.org\/{rel}","templated":true}]}}