{"id":342215,"date":"2026-09-05T15:24:12","date_gmt":"2026-09-05T15:24:12","guid":{"rendered":"https:\/\/www.europesays.com\/fi\/342215\/"},"modified":"2026-09-05T15:24:12","modified_gmt":"2026-09-05T15:24:12","slug":"yollisia-riitoja-syyttelya-ja-itkua-eva-wahlstrom-puhuu-10-vuotishaapaivanaan-riipaisevan-rehellisesti-avioliitostaan","status":"publish","type":"post","link":"https:\/\/www.europesays.com\/fi\/342215\/","title":{"rendered":"&#8221;Y\u00f6llisi\u00e4 riitoja, syyttely\u00e4 ja itkua&#8221; \u2013 Eva Wahlstr\u00f6m puhuu 10-vuotish\u00e4\u00e4p\u00e4iv\u00e4n\u00e4\u00e4n riipaisevan rehellisesti avioliitostaan"},"content":{"rendered":"<p class=\"wp-block-paragraph\">Entinen ammattilaisnyrkkeilij\u00e4 <strong>Eva Wahlstr\u00f6m<\/strong> on julkaissut 10-vuotish\u00e4\u00e4p\u00e4iv\u00e4ns\u00e4 kunniaksi rehellisen ja tunteikkaan p\u00e4ivityksen Instagram-tililleen.<\/p>\n<p class=\"wp-block-paragraph\">Wahlstr\u00f6m avioitui nyrkkeilij\u00e4 <strong>Niklas R\u00e4s\u00e4sen<\/strong> kanssa vuonna 2016.<\/p>\n<p>Lue my\u00f6s: <a href=\"https:\/\/www.voice.fi\/viihde\/talta-naytti-robin-packalenin-elokuu-haakuva-hurmaa-somessa\" title=\"T\u00e4lt\u00e4 n\u00e4ytti Robin Packalenin elokuu \u2013 h\u00e4\u00e4kuva hurmaa somessa\" class=\"underline-custom !font-heading !font-bold !underline-offset-4 !decoration-4 !decoration-accent !text-md\" rel=\"nofollow noopener\" target=\"_blank\">T\u00e4lt\u00e4 n\u00e4ytti Robin Packalenin elokuu \u2013 h\u00e4\u00e4kuva hurmaa somessa<\/a><\/p>\n<p>Lue my\u00f6s: <a href=\"https:\/\/www.voice.fi\/ilmiot\/kadonnutta-lasta-etsinyt-poliisi-ampui-aasinvarsan-omistajat-shokissa-han-oli-vasta-vauva\" title=\"Kadonnutta lasta etsinyt poliisi ampui aasinvarsan \u2013 omistajat shokissa: \u201dH\u00e4n oli vasta vauva\u201d\" class=\"underline-custom !font-heading !font-bold !underline-offset-4 !decoration-4 !decoration-accent !text-md\" rel=\"nofollow noopener\" target=\"_blank\">Kadonnutta lasta etsinyt poliisi ampui aasinvarsan \u2013 omistajat shokissa: \u201dH\u00e4n oli vasta vauva\u201d<\/a><\/p>\n<p class=\"wp-block-paragraph\">\u2013 Muistan kymmenen vuotta sitten, kun pappi sanoi:\u201dkunnes kuolema teid\u00e4t erottaa\u201d. Mua itketti ajatus, jos tiemme eroaisivat edes silloin. Halusin jatkaa yhdess\u00e4 my\u00f6s seuraavassa el\u00e4m\u00e4ss\u00e4, Wahlstr\u00f6m aloittaa.<\/p>\n<p class=\"wp-block-paragraph\">H\u00e4n toteaa, ettei parin kymmenes avioliittovuosi ollut luultavasti kummankaan odotusten mukainen.<\/p>\n<p class=\"wp-block-paragraph\">\u2013 Yht\u00e4kki\u00e4 meid\u00e4n suhde oli t\u00e4ynn\u00e4 ep\u00e4varmuutta, y\u00f6llisi\u00e4 riitoja, syyttely\u00e4 ja itkua. Parhaat yst\u00e4v\u00e4t ja sielunkumppanit olivat toisilleen kuin vieraat, harvoin en\u00e4\u00e4 edes samalla puolella. Se oli shokeeraavaa. Kuka s\u00e4 oot? Kuka m\u00e4? Ja onko en\u00e4\u00e4 meit\u00e4? V\u00e4lill\u00e4 oli niin raskasta ett\u00e4 toivottiin, ettei olisi, Wahlstr\u00f6m kirjoittaa.<\/p>\n<p class=\"wp-block-paragraph\">Wahlstr\u00f6m jatkaa sanomalla, ettei aina ole kyse kenenk\u00e4\u00e4n tekemisist\u00e4 tai tekem\u00e4tt\u00e4 j\u00e4tt\u00e4misest\u00e4, eik\u00e4 liioin kolmansista osapuolista tai rakkauden hiipumisesta. H\u00e4n puhuu my\u00f6s siit\u00e4, kuinka ihmiset muuttuvat el\u00e4m\u00e4ns\u00e4 aikana.<\/p>\n<p class=\"wp-block-paragraph\">\u2013 Mutta kymmenen vuotta aviossa on my\u00f6s opettanut, ettei ole paljoa sellaista, mit\u00e4 ei teht\u00e4isi toistemme vuoksi. Perheen vuoksi. Sen vuoksi, ett\u00e4 voitaisiin vanheta yhdess\u00e4.<\/p>\n<p class=\"wp-block-paragraph\">\u2013 Kymmenen vuotta on opettanut, ett\u00e4 voi pyyt\u00e4\u00e4 ja saada apua. Ett\u00e4 voi oppia uutta. Ett\u00e4 voi p\u00e4ivitt\u00e4\u00e4 itse\u00e4\u00e4n ja liittoaan. Ett\u00e4 voi pyyt\u00e4\u00e4 anteeksi ja antaa anteeksi. Ett\u00e4 voi menn\u00e4 helvetin l\u00e4pi monen monta kertaa ja selvit\u00e4 sielt\u00e4 voittajana. Ja ett\u00e4 kannattaa uskoa ihmeisiin, Wahlstr\u00f6m toteaa.<\/p>\n<p>Lue my\u00f6s: <a href=\"https:\/\/www.voice.fi\/viihde\/olli-hermanin-ja-tytti-puolison-vauva-on-syntynyt\" title=\"Olli Hermanin ja Tytti-puolison vauva on syntynyt\" class=\"underline-custom !font-heading !font-bold !underline-offset-4 !decoration-4 !decoration-accent !text-md\" rel=\"nofollow noopener\" target=\"_blank\">Olli Hermanin ja Tytti-puolison vauva on syntynyt<\/a><\/p>\n<p>Lue my\u00f6s: <a href=\"https:\/\/www.voice.fi\/viihde\/is-jenni-poikelus-palaa-hetkeksi-televisioon-sitten-voin-jatkaa-vauvakuplassa\" title=\"IS: Jenni Poikelus palaa hetkeksi televisioon \u2013 \u201dSitten voin jatkaa vauvakuplassa\u201d\" class=\"underline-custom !font-heading !font-bold !underline-offset-4 !decoration-4 !decoration-accent !text-md\" rel=\"nofollow noopener\" target=\"_blank\">IS: Jenni Poikelus palaa hetkeksi televisioon \u2013 \u201dSitten voin jatkaa vauvakuplassa\u201d<\/a><\/p>\n<p class=\"wp-block-paragraph\">Seuraavat sanansa Wahlstr\u00f6m osoittaa suoraan puolisolleen:<\/p>\n<p class=\"wp-block-paragraph\">\u2013 S\u00e4 oot mun aarre, nyt ja ikuisesti. M\u00e4 rakastan sua ja ik\u00e4v\u00f6in sua joka p\u00e4iv\u00e4 mun vierelle. Kiitos rakas, ett\u00e4 taistelet.<\/p>\n<p class=\"wp-block-paragraph\">\u2013 Toivotaan, ett\u00e4 ty\u00f6 kantaa. Pidet\u00e4\u00e4n toisistamme lujasti kiinni ja jatketaan samalla puolella. Ja toivotaan, ett\u00e4 ensi vuodesta tulee edes hiukan helpompi.<\/p>\n<p class=\"wp-block-paragraph\">Wahlstr\u00f6min kirjoitus resonoi my\u00f6s h\u00e4nen seuraajissaan:<\/p>\n<p class=\"wp-block-paragraph\">\u2013 Omat liitot ei valitettavasti ole kest\u00e4neet, muistan silti viel\u00e4 ensimm\u00e4isen vihkipapin sanat: Rakastakaa toisianne eniten, silloin kun toinen ansaitsee sit\u00e4 v\u00e4hiten. Paljon onnea, nyt ja jatkossakin.<\/p>\n<p class=\"wp-block-paragraph\">\u2013 Ihanan aito postaus eik\u00e4 mik\u00e4\u00e4n suhde ole pelkk\u00e4\u00e4 ruusuilla tanssimista. Rakkaudent\u00e4yteist\u00e4 10. h\u00e4\u00e4p\u00e4iv\u00e4\u00e4 teille!<\/p>\n<p class=\"wp-block-paragraph\">\u2013 Ihanasti kirjoitettu. Aitoa ja el\u00e4m\u00e4nmakuista. Ei feikki\u00e4 tai p\u00e4\u00e4lleliimattua kulissia. Paljon onnea nyt ja paljon ihania vuosia toivon teille tulevaan.<\/p>\n<p class=\"wp-block-paragraph\">\u2013 Kiitos rehellisest\u00e4 kirjoituksesta pitk\u00e4n parisuhteen monista vivahteista. T\u00e4\u00e4ll\u00e4 18 vuotta taivalta takana.\u00a0<\/p>\n","protected":false},"excerpt":{"rendered":"Entinen ammattilaisnyrkkeilij\u00e4 Eva Wahlstr\u00f6m on julkaissut 10-vuotish\u00e4\u00e4p\u00e4iv\u00e4ns\u00e4 kunniaksi rehellisen ja tunteikkaan p\u00e4ivityksen Instagram-tililleen. Wahlstr\u00f6m avioitui nyrkkeilij\u00e4 Niklas R\u00e4s\u00e4sen&hellip;\n","protected":false},"author":2,"featured_media":342216,"comment_status":"","ping_status":"","sticky":false,"template":"","format":"standard","meta":{"footnotes":"","_share_on_mastodon":"0"},"categories":[130],"tags":[42173,1075,137,9874,33,31,30,4718,32,109],"class_list":["post-342215","post","type-post","status-publish","format-standard","has-post-thumbnail","category-viihde","tag-10-vuotishaapaiva","tag-avioliitto","tag-entertainment","tag-eva-wahlstrom","tag-fi","tag-finland","tag-finnish","tag-haapaiva","tag-suomi","tag-viihde"],"share_on_mastodon":{"url":"","error":""},"_links":{"self":[{"href":"https:\/\/www.europesays.com\/fi\/wp-json\/wp\/v2\/posts\/342215","targetHints":{"allow":["GET"]}}],"collection":[{"href":"https:\/\/www.europesays.com\/fi\/wp-json\/wp\/v2\/posts"}],"about":[{"href":"https:\/\/www.europesays.com\/fi\/wp-json\/wp\/v2\/types\/post"}],"author":[{"embeddable":true,"href":"https:\/\/www.europesays.com\/fi\/wp-json\/wp\/v2\/users\/2"}],"replies":[{"embeddable":true,"href":"https:\/\/www.europesays.com\/fi\/wp-json\/wp\/v2\/comments?post=342215"}],"version-history":[{"count":0,"href":"https:\/\/www.europesays.com\/fi\/wp-json\/wp\/v2\/posts\/342215\/revisions"}],"wp:featuredmedia":[{"embeddable":true,"href":"https:\/\/www.europesays.com\/fi\/wp-json\/wp\/v2\/media\/342216"}],"wp:attachment":[{"href":"https:\/\/www.europesays.com\/fi\/wp-json\/wp\/v2\/media?parent=342215"}],"wp:term":[{"taxonomy":"category","embeddable":true,"href":"https:\/\/www.europesays.com\/fi\/wp-json\/wp\/v2\/categories?post=342215"},{"taxonomy":"post_tag","embeddable":true,"href":"https:\/\/www.europesays.com\/fi\/wp-json\/wp\/v2\/tags?post=342215"}],"curies":[{"name":"wp","href":"https:\/\/api.w.org\/{rel}","templated":true}]}}