{"id":342219,"date":"2026-09-05T15:28:19","date_gmt":"2026-09-05T15:28:19","guid":{"rendered":"https:\/\/www.europesays.com\/fi\/342219\/"},"modified":"2026-09-05T15:28:19","modified_gmt":"2026-09-05T15:28:19","slug":"tanaan-tvssa-nyt-aikuinen-tytar-huolestui-isansa-uuden-naisystavan-alaikaisista-tyttarista-olin-vasta-10-tai-11","status":"publish","type":"post","link":"https:\/\/www.europesays.com\/fi\/342219\/","title":{"rendered":"T\u00e4n\u00e4\u00e4n tv:ss\u00e4: Nyt aikuinen tyt\u00e4r huolestui is\u00e4ns\u00e4 uuden naisyst\u00e4v\u00e4n alaik\u00e4isist\u00e4 tytt\u00e4rist\u00e4 \u2013 \u201dOlin vasta 10 tai 11\u201d"},"content":{"rendered":"<p>Entinen poliisi, huippuasianajaja ja muut ammattilaiset tutkivat true crime -sarjassa norjalaista perheenis\u00e4\u00e4.<\/p>\n<p><img decoding=\"async\" class=\"image image-show image-preview\" src=\"https:\/\/www.europesays.com\/fi\/wp-content\/uploads\/2026\/09\/afcf04665444574f124d36968e59e76d14b0c26b85c9fd61612c422c9dddaf33.jpg\" alt=\"\"\/><img decoding=\"async\" class=\"image image-show\" src=\"https:\/\/www.europesays.com\/fi\/wp-content\/uploads\/2026\/09\/1788622099_768_afcf04665444574f124d36968e59e76d14b0c26b85c9fd61612c422c9dddaf33.jpg\" alt=\"\"\/><\/p>\n<p>Johnny Brenna johtaa tv-sarjassa Krimvakta-joukkoa, joka tutkii poliisin jo sulkemia tapauksia. Warner Bros. Discovery, Inc.<\/p>\n<p class=\"paragraph\">Norjalaisessa true crime -sarjassa Rikosten ratkojat selvitet\u00e4\u00e4n tapauksia, jotka poliisi on jo sulkenut.<\/p>\n<p class=\"paragraph\">Ensimm\u00e4inen juttu koskee Bergenin \u00c5sanessa asuvaa perheenis\u00e4\u00e4, jota tyt\u00e4r ja t\u00e4t\u00e4 nyky\u00e4 jo ex-vaimo ovat koettaneet saada vastuuseen v\u00e4itetyist\u00e4 teoistaan. Miehen kerrotaan kuvanneen itse kodin kylpyhuoneessa salaa ihmisi\u00e4, my\u00f6s lapsia. H\u00e4nen sanotaan my\u00f6s kannustaneen vaikka vain kahville piipahtaneita ihmisi\u00e4 menem\u00e4\u00e4n poreammeeseen, jonka l\u00e4heisyydess\u00e4 piilokamerat ovat olleet sijoitettuina. Rikosilmoitukset eiv\u00e4t ole tuottaneet toivottua lopputulosta. Poliisi on hyl\u00e4nnyt ne vanhentumiseen vedoten.<\/p>\n<p class=\"paragraph\">Ohjelman mukaan Norjassa tehdyst\u00e4 l\u00e4hes 300 000 vuosittaisesta rikosilmoituksesta poliisi on hyllytt\u00e4 nyt noin 200 000 juttua.<\/p>\n<p class=\"paragraph\">\u2013\u2009Silloin kannattaa olla rikollinen, kuuluu ohjelman tekij\u00f6iden johtop\u00e4\u00e4t\u00f6s.<\/p>\n<p class=\"paragraph\">Perheenis\u00e4n tapausta tutkivat Krimvakta-ryhm\u00e4\u00e4n kuuluvat ex-poliisi <strong>Johnny Brenna<\/strong>, huippujuristi <strong>Gunhild L\u00e6rum<\/strong>, datatutkija <strong>Mia Landsem<\/strong>, journalisti <strong>Ole L\u00f8kkevik<\/strong> ja yksityisetsiv\u00e4 <strong>Kenneth Berg<\/strong>. He tekev\u00e4t ty\u00f6t\u00e4, jota poliisi ei edes aloittanut. He etsiv\u00e4t todistusaineistoa, jonka turvin tyt\u00e4r ja \u00e4iti pystyv\u00e4t viel\u00e4 kertaalleen tekem\u00e4\u00e4n rikosilmoituksen.<\/p>\n<p>Huippujuristi Gunhild L\u00e6rum ja datatutkija Mia Landsem kuuluvat tutkijajoukkoon. Warner Bros. Discovery, Inc.<\/p>\n<p class=\"paragraph\">Dokumenttisarjassa n\u00e4hd\u00e4\u00e4n salaa kuvattua materiaalia. Tunnistamattomiksi j\u00e4\u00e4v\u00e4t ihmiset ovat alasti ja k\u00e4yv\u00e4t tarpeillaan. Mukana on my\u00f6s perheenj\u00e4seni\u00e4, sukulaisia, lasten yst\u00e4vi\u00e4 ja muita lapsia.<\/p>\n<p class=\"paragraph\">Samalla lailla katsojille tunnistamattomaksi j\u00e4\u00e4v\u00e4 \u00e4iti tiivist\u00e4\u00e4 tapahtuneen.<\/p>\n<p class=\"paragraph\">\u2013\u2009Perheen is\u00e4 on laskelmoivasti remontoinut kylpyhuoneen, asentanut sinne kameran ja kuvannut ja siirt\u00e4nyt jaettavaa aineistoa. T\u00e4m\u00e4n keskell\u00e4 on kasvanut kaksi lasta. Minun maailmassani oli t\u00e4ysin selv\u00e4\u00e4, ett\u00e4 poliisi tutkisi asiaa. J\u00e4rkytyin, kun tutkinta lopetettiin.<\/p>\n<p class=\"paragraph\">Tyt\u00e4r huomasi ensimm\u00e4isen\u00e4, ett\u00e4 jokin on pieless\u00e4.<\/p>\n<p class=\"paragraph\">\u2013\u2009Huomasin sen ensi kertaa, kun olin vasta 10 tai 11. N\u00e4in h\u00e4nen ottavan kuvia, kun \u00e4iti vaihtoi vaatteita. Huomasin, ett\u00e4 h\u00e4n yritti salailla sit\u00e4.<\/p>\n<p class=\"paragraph\">\u00c4iti raivostui tuolloin lastensa is\u00e4lle, joka puolustautui, ett\u00e4 kuvat olivat vain h\u00e4nen omaan k\u00e4ytt\u00f6\u00f6ns\u00e4. \u00c4idin mukaan selvisi kuitenkin, ett\u00e4 h\u00e4nen kuviaan oli jaettu netiss\u00e4.<\/p>\n<p class=\"paragraph\">Kun nainen otti miehest\u00e4 avioeron, naisen veli kertoi t\u00e4lle jotain huolestuttavaa.<\/p>\n<p class=\"paragraph\">\u2013\u2009Veli osasi kertoa jotain, mik\u00e4 muutti siskon maailman, Berg kuvailee tv:ss\u00e4.<\/p>\n<p class=\"paragraph\">Veli oli y\u00f6pynyt 1990-luvulla sisarensa perheen kodissa. Veli ei ollut saanut nukuttua, ja h\u00e4n oli etsinyt videoita katseltavakseen. H\u00e4n olikin l\u00f6yt\u00e4nyt VHS-kasetteja, joiden sis\u00e4lt\u00f6 oli yll\u00e4tt\u00e4nyt ja j\u00e4rkytt\u00e4nyt. Niiss\u00e4 oli paljastavaa materiaalia siskon perheen kylpyhuoneessa kuvanneista kameroista. Tuoreeltaan veli ei ollut kertonut siskolleen l\u00f6yd\u00f6st\u00e4\u00e4n.<\/p>\n<p class=\"paragraph\">\u2013\u2009En tiennyt, miten hoitaisin asian. Ajattelin, ett\u00e4 jos kerron asiasta, suhde on ohi, tunnistamattomaksi j\u00e4\u00e4v\u00e4 veli perustelee ohjelmassa.<\/p>\n<p>T\u00e4m\u00e4 ryhm\u00e4 muodostaa Rikosten ratkaisijat. Sarjan ykk\u00f6skausi l\u00f6ytyy jo kokonaisuudessaan HBO Max -suoratoistopalvelusta. Warner Bros. Discovery, Inc. <\/p>\n<p class=\"paragraph\">Avioeron j\u00e4lkeen is\u00e4 on solminut uuden parisuhteen. Naisyst\u00e4v\u00e4ll\u00e4 on kaksi alaik\u00e4ist\u00e4 tyt\u00e4rt\u00e4. Miehen parikymppinen tyt\u00e4r ja h\u00e4nen ex-vaimonsa pelk\u00e4\u00e4v\u00e4t, ett\u00e4 mies kuvaa salaa edelleen.<\/p>\n<p class=\"paragraph\">Todistusaineistoa hankkiakseen aikuinen tyt\u00e4r osallistuu tutkimuksiin. H\u00e4n k\u00e4y kuvaamassa entist\u00e4 lapsuudenkotiaan, etenkin vanhaa ja ty\u00f6n alla olevaa uutta kylpyhuonetta. Krimvakta-ryhm\u00e4n asiantuntija k\u00e4y materiaalin l\u00e4pi.<\/p>\n<p class=\"paragraph\">\u2013\u2009Esitettyjen tietojen perusteella on hyvin todenn\u00e4k\u00f6ist\u00e4, ett\u00e4 t\u00e4\u00e4ll\u00e4 on valvontakameroita, kuuluu h\u00e4nen p\u00e4\u00e4telm\u00e4ns\u00e4 tv:ss\u00e4.<\/p>\n<p class=\"paragraph\">Lis\u00e4ksi tyt\u00e4r l\u00f6yt\u00e4\u00e4 vanhoja VHS-kasetteja, jotka k\u00e4yd\u00e4\u00e4n l\u00e4pi. Niiden joukossa on kylpyhuoneessa kuvattuja videoita.<\/p>\n<p class=\"paragraph\">Kun tapauksesta lopulta l\u00f6ydett\u00e4v\u00e4 materiaali kootaan yhteen ja n\u00e4ytet\u00e4\u00e4n miehen ex-vaimolle ja tytt\u00e4relle, on reaktio paljonpuhuva.<\/p>\n<p class=\"paragraph\">\u2013\u2009Tuskallista ja \u00e4ll\u00f6tt\u00e4v\u00e4\u00e4, tyt\u00e4r kuvailee.<\/p>\n<p class=\"paragraph\">My\u00f6s uusi rikosilmoitus tehd\u00e4\u00e4n kaiken ker\u00e4tyn materiaalin perusteella. T\u00e4ll\u00e4 kertaa \u00c5sanen poliisilaitoksella jututetaan \u00e4iti\u00e4 ja tyt\u00e4rt\u00e4. Miehen kotiin, perheen entiseen yhteiseen kotiin, tehd\u00e4\u00e4n lis\u00e4ksi kotietsint\u00e4. Poliisi ottaa miehen kiinni, kun t\u00e4m\u00e4 on palaamassa ty\u00f6matkalta.<\/p>\n<p>Sarjassa tutkitaan my\u00f6s muita tapauksia, kuten sit\u00e4, minne s\u00e4hk\u00f6potkulaudat katoavat. Warner Bros. Discovery, Inc. <\/p>\n<p class=\"paragraph\">Ohjelmassa kerrotaan, ett\u00e4 yhdeks\u00e4n kuukautta tapahtuneen j\u00e4lkeen miest\u00e4 vastaan ei ole nostettu syytett\u00e4 eik\u00e4 h\u00e4nt\u00e4 ole kuulusteltu.<\/p>\n<p class=\"paragraph\">Is\u00e4 v\u00e4itt\u00e4\u00e4 ohjelmassa n\u00e4ht\u00e4v\u00e4ss\u00e4 vastineessaan, ett\u00e4 h\u00e4nen ex-vaimonsa on tiennyt kamerasta eik\u00e4 kuvia ole koskaan jaettu. H\u00e4nen on vaikea puhua asiasta, koska se on h\u00e4nen mukaansa mennytt\u00e4.<\/p>\n<p class=\"paragraph\">Ex-vaimo kiist\u00e4\u00e4 koskaan antaneensa lupaa salakuvaamiseen tai suostuneensa alastonkuvauksiin.<\/p>\n<p class=\"paragraph\">Rikosten ratkojat t\u00e4n\u00e4\u00e4n Friill\u00e4 kello 19.05 &amp; jo kokonaan HBO Maxilla. <a href=\"https:\/\/www.iltalehti.fi\/telkku\/\" rel=\"nofollow noopener\" target=\"_blank\">Katso kaikki\u00a0TV-ohjelmat ja l\u00e4hetysajat Telkun TV-oppaasta<\/a>.<\/p>\n","protected":false},"excerpt":{"rendered":"Entinen poliisi, huippuasianajaja ja muut ammattilaiset tutkivat true crime -sarjassa norjalaista perheenis\u00e4\u00e4. Johnny Brenna johtaa tv-sarjassa Krimvakta-joukkoa, joka&hellip;\n","protected":false},"author":2,"featured_media":342220,"comment_status":"","ping_status":"","sticky":false,"template":"","format":"standard","meta":{"footnotes":"","_share_on_mastodon":"0"},"categories":[14],"tags":[35,22,23,26,27,33,31,30,17,101,99,100,24,25,28,29,15,18,21,98,32,19,20,56,16,102,59,60,61],"class_list":["post-342219","post","type-post","status-publish","format-standard","has-post-thumbnail","category-ulkomaat","tag-24h","tag-breaking-news","tag-breakingnews","tag-featured-news","tag-featurednews","tag-fi","tag-finland","tag-finnish","tag-headlines","tag-ihmissuhteet","tag-lapset","tag-lapset-ja-nuoret","tag-latest-news","tag-latestnews","tag-main-news","tag-mainnews","tag-news","tag-otsikot","tag-paauutiset","tag-perhe","tag-suomi","tag-top-stories","tag-topstories","tag-ulkomaat","tag-uutiset","tag-vanhemmat","tag-world","tag-world-news","tag-worldnews"],"share_on_mastodon":{"url":"https:\/\/pubeurope.com\/@fi\/117219145589410356","error":""},"_links":{"self":[{"href":"https:\/\/www.europesays.com\/fi\/wp-json\/wp\/v2\/posts\/342219","targetHints":{"allow":["GET"]}}],"collection":[{"href":"https:\/\/www.europesays.com\/fi\/wp-json\/wp\/v2\/posts"}],"about":[{"href":"https:\/\/www.europesays.com\/fi\/wp-json\/wp\/v2\/types\/post"}],"author":[{"embeddable":true,"href":"https:\/\/www.europesays.com\/fi\/wp-json\/wp\/v2\/users\/2"}],"replies":[{"embeddable":true,"href":"https:\/\/www.europesays.com\/fi\/wp-json\/wp\/v2\/comments?post=342219"}],"version-history":[{"count":0,"href":"https:\/\/www.europesays.com\/fi\/wp-json\/wp\/v2\/posts\/342219\/revisions"}],"wp:featuredmedia":[{"embeddable":true,"href":"https:\/\/www.europesays.com\/fi\/wp-json\/wp\/v2\/media\/342220"}],"wp:attachment":[{"href":"https:\/\/www.europesays.com\/fi\/wp-json\/wp\/v2\/media?parent=342219"}],"wp:term":[{"taxonomy":"category","embeddable":true,"href":"https:\/\/www.europesays.com\/fi\/wp-json\/wp\/v2\/categories?post=342219"},{"taxonomy":"post_tag","embeddable":true,"href":"https:\/\/www.europesays.com\/fi\/wp-json\/wp\/v2\/tags?post=342219"}],"curies":[{"name":"wp","href":"https:\/\/api.w.org\/{rel}","templated":true}]}}