{"id":342223,"date":"2026-09-05T15:30:12","date_gmt":"2026-09-05T15:30:12","guid":{"rendered":"https:\/\/www.europesays.com\/fi\/342223\/"},"modified":"2026-09-05T15:30:12","modified_gmt":"2026-09-05T15:30:12","slug":"katja-haki-tilaamansa-paketin-edessa-oli-karu-naky","status":"publish","type":"post","link":"https:\/\/www.europesays.com\/fi\/342223\/","title":{"rendered":"Katja haki tilaamansa paketin \u2013 Edess\u00e4 oli karu n\u00e4ky"},"content":{"rendered":"<p>Katja turhautui Postin toimintaan saatuaan runnotun paketin. Postin mukaan l\u00e4hetysten vaurioituminen on harvinaista, ja se johtuu yleens\u00e4 puutteellisesta pakkaamisesta.<\/p>\n<p><img decoding=\"async\" class=\"image image-show image-preview\" src=\"https:\/\/www.europesays.com\/fi\/wp-content\/uploads\/2026\/09\/018fa31318f49ea77ec78298f04d0dfc0e513fc91639b11196f86ccde66a4449.jpg\" alt=\"\"\/><img decoding=\"async\" class=\"image image-show\" src=\"https:\/\/www.europesays.com\/fi\/wp-content\/uploads\/2026\/09\/1788622212_761_018fa31318f49ea77ec78298f04d0dfc0e513fc91639b11196f86ccde66a4449.jpg\" alt=\"\"\/><\/p>\n<p>Katjan mukaan h\u00e4nelle saapunut kosmetiikkal\u00e4hetys oli aivan rutussa. Lukijan kuva<\/p>\n<p class=\"paragraph\">P\u00e4\u00e4kaupunkiseudulla asuva <strong>Katja<\/strong> kertoo olevansa turhautunut siihen, miten Posti k\u00e4sittelee asiakkaidensa paketteja.<\/p>\n<p class=\"paragraph\">Katja kertoo, ett\u00e4 h\u00e4nell\u00e4 on vuosien varrelta monenlaista kokemusta ongelmista Postin kanssa, kuten l\u00e4hetyksen katoamisia tai v\u00e4\u00e4r\u00e4\u00e4n osoitteeseen p\u00e4\u00e4tymist\u00e4.<\/p>\n<p class=\"paragraph\">H\u00e4n kertoo viime viikolla hakeneensa Cocopandan paketin, joka oli Katjan mukaan aivan \u201drunnottu\u201d. H\u00e4n kertoo, ett\u00e4 l\u00e4hett\u00e4j\u00e4 oli kyll\u00e4 pakannut toimituksen asianmukaisesti, mutta se n\u00e4ytti silt\u00e4 kuin olisi j\u00e4\u00e4nyt jonkin painavan l\u00e4hetyksen alle.<\/p>\n<p class=\"paragraph\">Katjan mukaan sis\u00e4ll\u00e4 olleet kosmetiikkatuotteet olivat onneksi s\u00e4ilyneet ehjin\u00e4, mutta h\u00e4n halusi silti antaa asiasta palautetta.<\/p>\n<p class=\"paragraph\">\u2013 Mutta kun reklamoin t\u00e4st\u00e4, Posti ei ole vastannut mit\u00e4\u00e4n todenn\u00e4k\u00f6isesti juuri siksi, koska mit\u00e4\u00e4n tuotteita ei ollut mennyt rikki.<\/p>\n<p>Posti: \u201dHarvinaista\u201d<\/p>\n<p class=\"paragraph\">Postin myyntijohtaja <strong>Elina Rosenlund<\/strong> kommentoi aihetta s\u00e4hk\u00f6postitse Iltalehdelle yleisell\u00e4 tasolla. Rosenlundin mukaan mahdolliset vahingot ja korvausasiat k\u00e4sitell\u00e4\u00e4n aina tapauskohtaisesti.<\/p>\n<p class=\"paragraph\">Vastuu rikkoutuneista paketeista m\u00e4\u00e4r\u00e4ytyy lakien ja yhteisten s\u00e4\u00e4nt\u00f6jen mukaan.<\/p>\n<p class=\"paragraph\">Esimerkiksi Suomen postilaki, maantiekuljetuksia koskeva laki ja kansainv\u00e4lisen postiliiton sopimukset m\u00e4\u00e4ritt\u00e4v\u00e4t, kuka voi saada korvausta kadonneesta tai vahingoittuneesta l\u00e4hetyksest\u00e4. Lakien lis\u00e4ksi korvauksiin vaikuttavat Postin omat toimitusehdot.<\/p>\n<p class=\"paragraph\">Rosenlundin mukaan pakettien rikkoontuminen on \u201dkokonaisl\u00e4hetysm\u00e4\u00e4riin n\u00e4hden harvinaista\u201d, mutta toisinaan niit\u00e4 rikkoutuu.<\/p>\n<p class=\"paragraph\">Yleisin syy rikkoutumiseen on, ett\u00e4 l\u00e4hetett\u00e4v\u00e4 tuote tai tavara ei ole asianmukaisesti pakattu tai pakettiin ei ole merkattu tietoa helposti s\u00e4rkyv\u00e4st\u00e4 sis\u00e4ll\u00f6st\u00e4, Rosenlund kertoo.<\/p>\n<p class=\"paragraph\">Rosenlund muistuttaa, ett\u00e4 tavaran lis\u00e4ksi sinne kannattaa mahduttaa jotain pehme\u00e4\u00e4 suojamateriaalia, kuten paperia, pahvia tai kuplamuovia. Postista saa Helposti s\u00e4rkyv\u00e4 -tarroja, joita voi kiinnitt\u00e4\u00e4 paketteihin.<\/p>\n<p class=\"paragraph\">\u2013 Suosittelemme helposti s\u00e4rkyville tuotteille my\u00f6s S\u00e4rkyv\u00e4-lis\u00e4palvelua, jolloin paketti lajitellaan k\u00e4sin.<\/p>\n<p class=\"paragraph\">\u2013 On kuitenkin hyv\u00e4 huomioida, ett\u00e4 S\u00e4rkyv\u00e4-lis\u00e4palvelu ei ole v\u00e4ltt\u00e4m\u00e4tt\u00e4 saatavilla verkossa toimivissa second hand -markkinapaikoissa. Markkinapaikka vastaa itse siit\u00e4, millaisia toimitustapoja sen kautta ostettujen tavaroiden l\u00e4hetyksiin on saatavilla, Rosenlund kertoo.<\/p>\n<p>Katjan mukaan sis\u00e4ll\u00e4 olleet tuotteet olivat onneksi s\u00e4ilyneet ehjin\u00e4, mutta h\u00e4n p\u00e4\u00e4tti silti antaa asiasta palautetta Postille. Lukijan kuva<\/p>\n","protected":false},"excerpt":{"rendered":"Katja turhautui Postin toimintaan saatuaan runnotun paketin. Postin mukaan l\u00e4hetysten vaurioituminen on harvinaista, ja se johtuu yleens\u00e4 puutteellisesta&hellip;\n","protected":false},"author":2,"featured_media":342224,"comment_status":"","ping_status":"","sticky":false,"template":"","format":"standard","meta":{"footnotes":"","_share_on_mastodon":"0"},"categories":[5],"tags":[35,22,23,2110,26,27,33,31,30,17,2870,898,24,25,3004,28,29,15,18,21,32,19,20,16,2200],"class_list":["post-342223","post","type-post","status-publish","format-standard","has-post-thumbnail","category-otsikot","tag-24h","tag-breaking-news","tag-breakingnews","tag-elamantapa-ja-vapaa-aika","tag-featured-news","tag-featurednews","tag-fi","tag-finland","tag-finnish","tag-headlines","tag-kaupankaynti","tag-kulutustavarat","tag-latest-news","tag-latestnews","tag-liiketoiminta","tag-main-news","tag-mainnews","tag-news","tag-otsikot","tag-paauutiset","tag-suomi","tag-top-stories","tag-topstories","tag-uutiset","tag-vahittaiskauppa-pl-moottoriajoneuvot-kotitaloustavaroiden-korjaus"],"share_on_mastodon":{"url":"https:\/\/pubeurope.com\/@fi\/117219152654314366","error":""},"_links":{"self":[{"href":"https:\/\/www.europesays.com\/fi\/wp-json\/wp\/v2\/posts\/342223","targetHints":{"allow":["GET"]}}],"collection":[{"href":"https:\/\/www.europesays.com\/fi\/wp-json\/wp\/v2\/posts"}],"about":[{"href":"https:\/\/www.europesays.com\/fi\/wp-json\/wp\/v2\/types\/post"}],"author":[{"embeddable":true,"href":"https:\/\/www.europesays.com\/fi\/wp-json\/wp\/v2\/users\/2"}],"replies":[{"embeddable":true,"href":"https:\/\/www.europesays.com\/fi\/wp-json\/wp\/v2\/comments?post=342223"}],"version-history":[{"count":0,"href":"https:\/\/www.europesays.com\/fi\/wp-json\/wp\/v2\/posts\/342223\/revisions"}],"wp:featuredmedia":[{"embeddable":true,"href":"https:\/\/www.europesays.com\/fi\/wp-json\/wp\/v2\/media\/342224"}],"wp:attachment":[{"href":"https:\/\/www.europesays.com\/fi\/wp-json\/wp\/v2\/media?parent=342223"}],"wp:term":[{"taxonomy":"category","embeddable":true,"href":"https:\/\/www.europesays.com\/fi\/wp-json\/wp\/v2\/categories?post=342223"},{"taxonomy":"post_tag","embeddable":true,"href":"https:\/\/www.europesays.com\/fi\/wp-json\/wp\/v2\/tags?post=342223"}],"curies":[{"name":"wp","href":"https:\/\/api.w.org\/{rel}","templated":true}]}}