{"id":342227,"date":"2026-09-05T15:51:16","date_gmt":"2026-09-05T15:51:16","guid":{"rendered":"https:\/\/www.europesays.com\/fi\/342227\/"},"modified":"2026-09-05T15:51:16","modified_gmt":"2026-09-05T15:51:16","slug":"olivia-oras-27-kuoli-anitra-ahtola-herkistyy-iln-haastattelussa-he-eivat-saa-enaa-jatkaa-rakkaustarinaansa","status":"publish","type":"post","link":"https:\/\/www.europesays.com\/fi\/342227\/","title":{"rendered":"Olivia Oras, 27, kuoli \u2013 Anitra Ahtola herkistyy IL:n haastattelussa: \u201dHe eiv\u00e4t saa en\u00e4\u00e4 jatkaa rakkaustarinaansa\u201d"},"content":{"rendered":"<p>Anitra Ahtola muistelee Iltalehdelle herkistyneen\u00e4 kuollutta Olivia Orasta.<\/p>\n<p class=\"paragraph\">Tanssikouluyritt\u00e4j\u00e4 <strong>Anitra Ahtola<\/strong> saapui tuomaroimaan Miss Suomi -kilpailussa vain p\u00e4iv\u00e4 sen j\u00e4lkeen, kun <strong>Olivia Oraksen<\/strong>, 27, kuolemasta uutisoitiin.<\/p>\n<p class=\"paragraph\">\u2013 T\u00e4ll\u00e4 hetkell\u00e4 on suuri suru, Ahtola kertoo Iltalehdelle tilaisuuden punaisella matolla.<\/p>\n<p class=\"paragraph\">Taideperheen tyt\u00e4r Oras oli Ahtoloiden perheyst\u00e4v\u00e4 sek\u00e4 yritt\u00e4j\u00e4n pojan <strong>Oskar Komulaisen<\/strong> avopuoliso.<\/p>\n<p class=\"paragraph\">\u2013 Se, ett\u00e4 he eiv\u00e4t saa en\u00e4\u00e4 jatkaa rakkaustarinaansa, joka oli t\u00e4ysin uniikki, tuntuu niin v\u00e4\u00e4r\u00e4lt\u00e4. Nuori ihminen vied\u00e4\u00e4n, Ahtola kertoo herkistyneen\u00e4.<\/p>\n<p class=\"paragraph\">\u2013 Se on v\u00e4\u00e4rin ja kohtuutonta. Olisi toivonut, kun heill\u00e4 oli t\u00e4ysin ainutlaatuinen, ett\u00e4 he olisivat saaneet jatkaa sit\u00e4, h\u00e4n lis\u00e4\u00e4.<\/p>\n<p><img decoding=\"async\" class=\"image image-show image-preview\" src=\"https:\/\/www.europesays.com\/fi\/wp-content\/uploads\/2026\/09\/514ea3db197b386c2dc2c007f3341ebe3fc29c6ef3c627d60125f23404cffcbc.jpg\" alt=\"\"\/><img decoding=\"async\" class=\"image image-show\" src=\"https:\/\/www.europesays.com\/fi\/wp-content\/uploads\/2026\/09\/1788623476_279_514ea3db197b386c2dc2c007f3341ebe3fc29c6ef3c627d60125f23404cffcbc.jpg\" alt=\"\"\/><\/p>\n<p>Olivia Oras oli kuollessaan 27-vuotias. Karoliina Simoinen<\/p>\n<p class=\"paragraph\">Ahtola kuvailee Olivian olleen todellinen valo ja ihminen, jonka syd\u00e4n oli t\u00e4ytt\u00e4 kultaa.<\/p>\n<p class=\"paragraph\">\u2013 Se, miten h\u00e4n kohtasi ihmisen l\u00e4mm\u00f6ll\u00e4, erityisyydell\u00e4 ja rakkaudella. Se, miten h\u00e4n tuli perheenj\u00e4seneksemme, sulatti hetkess\u00e4. H\u00e4n oli p\u00e4\u00e4m\u00e4\u00e4r\u00e4tietoinen ja niin l\u00e4mmin ja aivan todella ihana.<\/p>\n<p class=\"paragraph\">Ahtola tapasi Oraksen viimeisen kerran lauantaina, kun he olivat yhdess\u00e4 viett\u00e4m\u00e4ss\u00e4 tuttavan h\u00e4it\u00e4. T\u00e4ll\u00e4 hetkell\u00e4 Ahtola menee p\u00e4iv\u00e4 kerrallaan kohti tulevaisuutta.<\/p>\n<p class=\"paragraph\">Oraksen kuolemasta <a href=\"https:\/\/www.iltalehti.fi\/viihdeuutiset\/0680b9c6-8ee1-459c-86d4-f790918cec13\" rel=\"nofollow noopener\" target=\"_blank\">uutisoitiin<\/a> perjantaina, kun h\u00e4nen vanhempansa <strong>Johanna<\/strong> ja <strong>Reijo Oras<\/strong> vahvistivat tiedon <a href=\"https:\/\/www.is.fi\/viihde\/art-2000012252011.html\" target=\"_blank\" rel=\"noopener nofollow\">Ilta-Sanomille<\/a>. Asiasta ensimm\u00e4isen\u00e4 uutisoineen <a href=\"https:\/\/www.uuno.fi\/johanna-ja-reijo-oraksen-tytar-olivia-oras-27-on-kuollut\/\" target=\"_blank\" rel=\"noopener nofollow\">Uunon<\/a> mukaan Olivia kuoli ep\u00e4onnisen hoitotoimenpiteen yhteydess\u00e4 t\u00e4ll\u00e4 viikolla Suomessa. Iltalehti ei ole toistaiseksi tavoittanut Johanna tai Reijo Orasta uutisesta.<\/p>\n<p>Anitra Ahtola on Miss Suomi -kilpailun p\u00e4\u00e4tuomari. Kaisa Vehkalahti<\/p>\n","protected":false},"excerpt":{"rendered":"Anitra Ahtola muistelee Iltalehdelle herkistyneen\u00e4 kuollutta Olivia Orasta. Tanssikouluyritt\u00e4j\u00e4 Anitra Ahtola saapui tuomaroimaan Miss Suomi -kilpailussa vain p\u00e4iv\u00e4&hellip;\n","protected":false},"author":2,"featured_media":342228,"comment_status":"","ping_status":"","sticky":false,"template":"","format":"standard","meta":{"footnotes":"","_share_on_mastodon":"0"},"categories":[130],"tags":[35,137,33,31,30,101,408,99,100,98,32,109],"class_list":["post-342227","post","type-post","status-publish","format-standard","has-post-thumbnail","category-viihde","tag-24h","tag-entertainment","tag-fi","tag-finland","tag-finnish","tag-ihmissuhteet","tag-julkkikset","tag-lapset","tag-lapset-ja-nuoret","tag-perhe","tag-suomi","tag-viihde"],"share_on_mastodon":{"url":"https:\/\/pubeurope.com\/@fi\/117219235732381616","error":""},"_links":{"self":[{"href":"https:\/\/www.europesays.com\/fi\/wp-json\/wp\/v2\/posts\/342227","targetHints":{"allow":["GET"]}}],"collection":[{"href":"https:\/\/www.europesays.com\/fi\/wp-json\/wp\/v2\/posts"}],"about":[{"href":"https:\/\/www.europesays.com\/fi\/wp-json\/wp\/v2\/types\/post"}],"author":[{"embeddable":true,"href":"https:\/\/www.europesays.com\/fi\/wp-json\/wp\/v2\/users\/2"}],"replies":[{"embeddable":true,"href":"https:\/\/www.europesays.com\/fi\/wp-json\/wp\/v2\/comments?post=342227"}],"version-history":[{"count":0,"href":"https:\/\/www.europesays.com\/fi\/wp-json\/wp\/v2\/posts\/342227\/revisions"}],"wp:featuredmedia":[{"embeddable":true,"href":"https:\/\/www.europesays.com\/fi\/wp-json\/wp\/v2\/media\/342228"}],"wp:attachment":[{"href":"https:\/\/www.europesays.com\/fi\/wp-json\/wp\/v2\/media?parent=342227"}],"wp:term":[{"taxonomy":"category","embeddable":true,"href":"https:\/\/www.europesays.com\/fi\/wp-json\/wp\/v2\/categories?post=342227"},{"taxonomy":"post_tag","embeddable":true,"href":"https:\/\/www.europesays.com\/fi\/wp-json\/wp\/v2\/tags?post=342227"}],"curies":[{"name":"wp","href":"https:\/\/api.w.org\/{rel}","templated":true}]}}