{"id":342235,"date":"2026-09-05T15:57:09","date_gmt":"2026-09-05T15:57:09","guid":{"rendered":"https:\/\/www.europesays.com\/fi\/342235\/"},"modified":"2026-09-05T15:57:09","modified_gmt":"2026-09-05T15:57:09","slug":"jakob-ingebrigtsenille-tyly-vastaus-ilta-sanomat","status":"publish","type":"post","link":"https:\/\/www.europesays.com\/fi\/342235\/","title":{"rendered":"Jakob Ingebrigtsenille tyly vastaus &#8211; Ilta-Sanomat"},"content":{"rendered":"<p>Myrsky Timanttiliigan finaalin j\u00e4lkeen ei ota laantuakseen.<\/p>\n<p><img decoding=\"async\" src=\"https:\/\/www.europesays.com\/fi\/wp-content\/uploads\/2026\/09\/1788623829_97_468.jpg\" alt=\"Jakob Ingebrigtsenin veto ei kantanut maaliin asti Timanttiliigan finaalissa.\" class=\"_Img_1rerz_1\" style=\"aspect-ratio:1920\/1080\" loading=\"eager\"\/><\/p>\n<p class=\"font-(family-name:--picture-caption-font-family) text-(length:--picture-caption-font-size) leading-(--picture-caption-leading) font-(--picture-caption-font-weight) text-(color:--picture-caption-color)\">Jakob Ingebrigtsenin veto ei kantanut maaliin asti Timanttiliigan finaalissa. Kuva:\u00a0Olivier Hoslet \/ EPA<\/p>\n<p class=\"article-body mb-(--paragraph-margin-b) px-nof-16\">Sanasota perjantai-iltana juostun Timanttiliigan 1\u202f500 metrin kilpailun j\u00e4lkeen sen kuin yltyy.<\/p>\n<p class=\"article-body mb-(--paragraph-margin-b) px-nof-16\">Vastustajiaan k\u00e4rkev\u00e4sti n\u00e4lvinyt <a class=\"font-bold underline-offset-[0.12em] [text-decoration:var(--person-link-text-decoration)] [text-decoration-color:var(--person-link-text-decoration-color)]!\" href=\"https:\/\/www.is.fi\/haku\/?query=Jakob%20Ingebrigtsen\" rel=\"nofollow noopener\" target=\"_blank\">Jakob Ingebrigtsen<\/a> sai nyt vastauksen kritiikilleen.<\/p>\n<p class=\"article-body mb-(--paragraph-margin-b) px-nof-16\">Norjalaist\u00e4hti joutui tyytym\u00e4\u00e4n Brysselin finaalissa nelossijaan ja soimasi kilpakumppaneitaan.<\/p>\n<p class=\"article-body mb-(--paragraph-margin-b) px-nof-16\">\u2013 Voi helvetti, mit\u00e4 luusereita vastaan jouduin juoksemaan. He kaikki vain odottelivat ja olivat peloissaan. Olen innoissani, ett\u00e4 saan uuden mahdollisuuden muutaman kuukauden p\u00e4\u00e4st\u00e4. Silloin juoksen kaikilta luulot pois, Ingebrigtsen julisti.<\/p>\n<p class=\"article-body mb-(--paragraph-margin-b) px-nof-16\">Ingebrigtsenin mielest\u00e4 finaalin vauhdinjako ja j\u00e4nikset olivat h\u00e4nt\u00e4 vastaan. Juoksun ensimm\u00e4inen vauhdittaja oli yhdysvaltalaisen<a class=\"font-bold underline-offset-[0.12em] [text-decoration:var(--person-link-text-decoration)] [text-decoration-color:var(--person-link-text-decoration-color)]!\" href=\"https:\/\/www.is.fi\/haku\/?query=%20Cole%20Hockerin\" rel=\"nofollow noopener\" target=\"_blank\"> Cole Hockerin<\/a> harjoituspari.<\/p>\n<p class=\"article-body mb-(--paragraph-margin-b) px-nof-16\">Hockerin leiri ei j\u00e4\u00e4nyt sanattomaksi Ingebrigtsenin mouhkaamisesta.<\/p>\n<p class=\"article-body mb-(--paragraph-margin-b) px-nof-16\">\u2013 Jakob ei en\u00e4\u00e4 voita kilpailuja ja vaikuttaa ylimieliselt\u00e4 juoksijalta, joka syytt\u00e4\u00e4 muita. On noloa, ett\u00e4 suuri mestari valittaa ja syytt\u00e4\u00e4 muita juoksijoita omista virheist\u00e4\u00e4n, Hockerin manageri Ray Flynn kommentoi <a class=\"underline underline-offset-[0.12em] [text-decoration-thickness:var(--generic-link-underline-thickness)] [text-decoration-color:var(--generic-link-underline-color)] [text-decoration-skip-ink:var(--generic-link-underline-skip-ink)] break-words\" href=\"https:\/\/www.vg.no\/sport\/i\/43lr4V\/cole-hocker-manager-slaar-hardt-tilbake-mot-ingebrigtsen-det-er-flaut\" rel=\"nofollow noopener\" target=\"_blank\">VG:lle<\/a>.<\/p>\n<p class=\"article-body mb-(--paragraph-margin-b) px-nof-16\">\u2013 On melko yleist\u00e4 esitt\u00e4\u00e4 toiveita tapahtuman j\u00e4rjest\u00e4jille juoksun temposta. Jakobilla on t\u00e4sm\u00e4lleen sama mahdollisuus, jota h\u00e4n ei hy\u00f6dynt\u00e4nyt. Viimeksi kun tarkistin, Cole Hocker on hallitseva olympiavoittaja ja hallitseva maailmanmestari. Jakobin pit\u00e4isi olla hiljaa ja juosta! Fynn opasti.<\/p>\n<p class=\"article-body mb-(--paragraph-margin-b) px-nof-16\">Ingebrigtseni\u00e4 paremmin ei kulkenut Hockerillakaan, sill\u00e4 h\u00e4n sijoittui seitsem\u00e4nneksi.<\/p>\n<p class=\"article-body mb-(--paragraph-margin-b) px-nof-16\">Tulikivenkatkuista teksti\u00e4 suoltanut Ingebrigtsen kirjoitti lauantaina Instagram-tilill\u00e4\u00e4n, ett\u00e4 h\u00e4n sanoi kommenttinsa adrenaliinin ja tunteiden vallassa. H\u00e4n ei kuitenkaan suoranaisesti pyyt\u00e4nyt anteeksi.<\/p>\n<p class=\"article-body mb-(--paragraph-margin-b) px-nof-16\">\u2013 Rakkauttani t\u00e4t\u00e4 lajia kohtaan ei voi koskaan kyseenalaistaa. Mikrofoni ty\u00f6nnettiin eteeni illalla ehk\u00e4 hieman liian suuren adrenaliinin ja tunnekuohun keskell\u00e4, mutta sanon aina asiat niin kuin ne n\u00e4en, Ingebrigtsen kirjoitti.<\/p>\n<p class=\"article-body mb-(--paragraph-margin-b) px-nof-16\">Norjalainen voitti 10. elokuuta EM-kultaa 5\u202f000 metrill\u00e4. H\u00e4n voitti 5\u202f000 metrill\u00e4 MM-kultaa vuosina 2022 ja 2023 sek\u00e4 olympiakultaa Pariisissa 2024.<\/p>\n","protected":false},"excerpt":{"rendered":"Myrsky Timanttiliigan finaalin j\u00e4lkeen ei ota laantuakseen. Jakob Ingebrigtsenin veto ei kantanut maaliin asti Timanttiliigan finaalissa. Kuva:\u00a0Olivier Hoslet&hellip;\n","protected":false},"author":2,"featured_media":342236,"comment_status":"","ping_status":"","sticky":false,"template":"","format":"standard","meta":{"footnotes":"","_share_on_mastodon":"0"},"categories":[5],"tags":[22,23,26,27,33,31,30,17,34,24,25,28,29,15,18,21,32,19,20,16],"class_list":["post-342235","post","type-post","status-publish","format-standard","has-post-thumbnail","category-otsikot","tag-breaking-news","tag-breakingnews","tag-featured-news","tag-featurednews","tag-fi","tag-finland","tag-finnish","tag-headlines","tag-ilta-sanomat","tag-latest-news","tag-latestnews","tag-main-news","tag-mainnews","tag-news","tag-otsikot","tag-paauutiset","tag-suomi","tag-top-stories","tag-topstories","tag-uutiset"],"share_on_mastodon":{"url":"https:\/\/pubeurope.com\/@fi\/117219259153552851","error":""},"_links":{"self":[{"href":"https:\/\/www.europesays.com\/fi\/wp-json\/wp\/v2\/posts\/342235","targetHints":{"allow":["GET"]}}],"collection":[{"href":"https:\/\/www.europesays.com\/fi\/wp-json\/wp\/v2\/posts"}],"about":[{"href":"https:\/\/www.europesays.com\/fi\/wp-json\/wp\/v2\/types\/post"}],"author":[{"embeddable":true,"href":"https:\/\/www.europesays.com\/fi\/wp-json\/wp\/v2\/users\/2"}],"replies":[{"embeddable":true,"href":"https:\/\/www.europesays.com\/fi\/wp-json\/wp\/v2\/comments?post=342235"}],"version-history":[{"count":0,"href":"https:\/\/www.europesays.com\/fi\/wp-json\/wp\/v2\/posts\/342235\/revisions"}],"wp:featuredmedia":[{"embeddable":true,"href":"https:\/\/www.europesays.com\/fi\/wp-json\/wp\/v2\/media\/342236"}],"wp:attachment":[{"href":"https:\/\/www.europesays.com\/fi\/wp-json\/wp\/v2\/media?parent=342235"}],"wp:term":[{"taxonomy":"category","embeddable":true,"href":"https:\/\/www.europesays.com\/fi\/wp-json\/wp\/v2\/categories?post=342235"},{"taxonomy":"post_tag","embeddable":true,"href":"https:\/\/www.europesays.com\/fi\/wp-json\/wp\/v2\/tags?post=342235"}],"curies":[{"name":"wp","href":"https:\/\/api.w.org\/{rel}","templated":true}]}}