{"id":342239,"date":"2026-09-05T16:17:18","date_gmt":"2026-09-05T16:17:18","guid":{"rendered":"https:\/\/www.europesays.com\/fi\/342239\/"},"modified":"2026-09-05T16:17:18","modified_gmt":"2026-09-05T16:17:18","slug":"niko-saarisen-on-spekuloitu-hyppaavan-big-brotherin-juontajaksi","status":"publish","type":"post","link":"https:\/\/www.europesays.com\/fi\/342239\/","title":{"rendered":"Niko Saarisen on spekuloitu hypp\u00e4\u00e4v\u00e4n Big Brotherin juontajaksi"},"content":{"rendered":"<p><strong class=\"typography-bold\">Niko Saarisen nimi on noussut esiin useissa somekommenteissa, joissa on veikkailtu tulevan Big Brother -kauden juontajaa.\u00a0<\/strong><\/p>\n<p><a class=\"cursor-pointer underline\" data-testid=\"internal-link\" role=\"link\" href=\"https:\/\/www.mtvuutiset.fi\/aihe\/big-brother\/2839648\" rel=\"nofollow noopener\" target=\"_blank\">Big Brother Suomi<\/a> -ohjelman paluu-uutisen my\u00f6t\u00e4 sosiaalisessa mediassa on k\u00e4ynnistynyt kiivas arvuuttelu siit\u00e4, kuka tai ketk\u00e4 juontavat ohjelman tulevan kauden.\u00a0<\/p>\n<p>Moni on veikannut <a class=\"cursor-pointer underline\" data-testid=\"internal-link\" role=\"link\" href=\"https:\/\/www.mtvuutiset.fi\/aihe\/niko-saarinen\/2890038\" rel=\"nofollow noopener\" target=\"_blank\"><strong class=\"typography-bold\">Niko Saarisen<\/strong><\/a> hypp\u00e4\u00e4v\u00e4n ohjelman juontajaksi.<\/p>\n<p>Saarinen tuli julkisuuteen osallistuttuaan Big Brotheriin vuonna 2008. Tuolloin h\u00e4n vietti BB-talossa 47 p\u00e4iv\u00e4\u00e4, jonka j\u00e4lkeen h\u00e4net poistettiin talosta alkoholinhuuruisena iltana tapahtuneen v\u00e4likohtauksen vuoksi.\u00a0<\/p>\n<p>Lue my\u00f6s: <a class=\"underline\" data-testid=\"external-link\" href=\"https:\/\/www.mtvuutiset.fi\/artikkeli\/big-brother-ohjelman-historiaan-on-mahtunut-lukuisia-kohuja-muistatko-viela-nama\/9373452\" rel=\"noopener nofollow\" target=\"_blank\">Big Brother -ohjelman historiaan on mahtunut lukuisia kohuja \u2013 muistatko viel\u00e4 n\u00e4m\u00e4?<\/a><\/p>\n<p>Saarisesta on hauskaa, ett\u00e4 h\u00e4net muistetaan edelleen Big Brotherista ja ett\u00e4 h\u00e4nt\u00e4 pidet\u00e4\u00e4n oivana juontajavalintana ohjelmaan. \u00a0<\/p>\n<p>\u2013\u00a0On j\u00e4nn\u00e4\u00e4, ett\u00e4 2008 olen ollut siell\u00e4 asukkaana, ja tied\u00e4mme historiani siit\u00e4 hetkest\u00e4 t\u00e4h\u00e4n p\u00e4iv\u00e4\u00e4n. Nyt yht\u00e4kki\u00e4 olen yleis\u00f6n mielest\u00e4 kaikista kuumin nimi juontamaan sen. Sanon, ett\u00e4 pitk\u00e4n matkan olemme tulleet minun kaudestani t\u00e4h\u00e4n kauteen, h\u00e4n naurahtaa.<\/p>\n<p>Kaikkiaan Saarinen on osallistunut Big Brotheriin kolme kertaa: vuonna 2008, vuonna 2010 ja vuonna 2013, jolloin h\u00e4net n\u00e4htiin Julkkis Big Brotherissa.\u00a0<\/p>\n<p><strong class=\"typography-bold\">Haku ohjelmaan on nyt k\u00e4ynniss\u00e4 osoitteessa <\/strong><\/p>\n","protected":false},"excerpt":{"rendered":"Niko Saarisen nimi on noussut esiin useissa somekommenteissa, joissa on veikkailtu tulevan Big Brother -kauden juontajaa.\u00a0 Big Brother&hellip;\n","protected":false},"author":2,"featured_media":342240,"comment_status":"","ping_status":"","sticky":false,"template":"","format":"standard","meta":{"footnotes":"","_share_on_mastodon":"0"},"categories":[130],"tags":[137,33,31,30,32,109],"class_list":["post-342239","post","type-post","status-publish","format-standard","has-post-thumbnail","category-viihde","tag-entertainment","tag-fi","tag-finland","tag-finnish","tag-suomi","tag-viihde"],"share_on_mastodon":{"url":"https:\/\/pubeurope.com\/@fi\/117219337401443159","error":""},"_links":{"self":[{"href":"https:\/\/www.europesays.com\/fi\/wp-json\/wp\/v2\/posts\/342239","targetHints":{"allow":["GET"]}}],"collection":[{"href":"https:\/\/www.europesays.com\/fi\/wp-json\/wp\/v2\/posts"}],"about":[{"href":"https:\/\/www.europesays.com\/fi\/wp-json\/wp\/v2\/types\/post"}],"author":[{"embeddable":true,"href":"https:\/\/www.europesays.com\/fi\/wp-json\/wp\/v2\/users\/2"}],"replies":[{"embeddable":true,"href":"https:\/\/www.europesays.com\/fi\/wp-json\/wp\/v2\/comments?post=342239"}],"version-history":[{"count":0,"href":"https:\/\/www.europesays.com\/fi\/wp-json\/wp\/v2\/posts\/342239\/revisions"}],"wp:featuredmedia":[{"embeddable":true,"href":"https:\/\/www.europesays.com\/fi\/wp-json\/wp\/v2\/media\/342240"}],"wp:attachment":[{"href":"https:\/\/www.europesays.com\/fi\/wp-json\/wp\/v2\/media?parent=342239"}],"wp:term":[{"taxonomy":"category","embeddable":true,"href":"https:\/\/www.europesays.com\/fi\/wp-json\/wp\/v2\/categories?post=342239"},{"taxonomy":"post_tag","embeddable":true,"href":"https:\/\/www.europesays.com\/fi\/wp-json\/wp\/v2\/tags?post=342239"}],"curies":[{"name":"wp","href":"https:\/\/api.w.org\/{rel}","templated":true}]}}