{"id":342241,"date":"2026-09-05T16:20:36","date_gmt":"2026-09-05T16:20:36","guid":{"rendered":"https:\/\/www.europesays.com\/fi\/342241\/"},"modified":"2026-09-05T16:20:36","modified_gmt":"2026-09-05T16:20:36","slug":"stora-enso-irtisanoo-13-tyontekijaa-joensuun-uimaharjusta-uutissuomalainen-2","status":"publish","type":"post","link":"https:\/\/www.europesays.com\/fi\/342241\/","title":{"rendered":"Stora Enso irtisanoo 13 ty\u00f6ntekij\u00e4\u00e4 Joensuun Uimaharjusta | Uutissuomalainen"},"content":{"rendered":"<p>Mets\u00e4yhti\u00f6 Stora Enso irtisanoo 13 ty\u00f6ntekij\u00e4\u00e4 Joensuun Uimaharjusta.<\/p>\n<p>Lis\u00e4ksi kuuden m\u00e4\u00e4r\u00e4aikaisen ty\u00f6ntekij\u00e4n ty\u00f6t p\u00e4\u00e4ttyv\u00e4t, yhti\u00f6 kertoi perjantaina. Muutosneuvotteluiden alussa yhti\u00f6 arvioi, ett\u00e4 vaikutukset vastaisivat enint\u00e4\u00e4n 35 ihmisen vuosittaista ty\u00f6panosta.<\/p>\n<p>Yhti\u00f6 aikoo my\u00f6s tehd\u00e4 muutoksia 16 ty\u00f6ntekij\u00e4n teht\u00e4viin. Neuvottelujen piiriss\u00e4 olivat kaikki Uimaharjun yksik\u00f6n ty\u00f6ntekij\u00e4t sellutehtaalla ja sahalla, eli noin 380 ty\u00f6ntekij\u00e4\u00e4.<\/p>\n<p>Stora Enson mukaan muutosten tavoitteena oli parantaa kilpailukyky\u00e4 ja tehokkuutta. Yhti\u00f6 kertoo tukevansa irtisanottavia erilaisin tukitoimin.<\/p>\n","protected":false},"excerpt":{"rendered":"Mets\u00e4yhti\u00f6 Stora Enso irtisanoo 13 ty\u00f6ntekij\u00e4\u00e4 Joensuun Uimaharjusta. Lis\u00e4ksi kuuden m\u00e4\u00e4r\u00e4aikaisen ty\u00f6ntekij\u00e4n ty\u00f6t p\u00e4\u00e4ttyv\u00e4t, yhti\u00f6 kertoi perjantaina. Muutosneuvotteluiden&hellip;\n","protected":false},"author":2,"featured_media":342242,"comment_status":"","ping_status":"","sticky":false,"template":"","format":"standard","meta":{"footnotes":"","_share_on_mastodon":"0"},"categories":[76],"tags":[79,77,33,31,30,2256,823,9084,12844,8082,32,78,860],"class_list":["post-342241","post","type-post","status-publish","format-standard","has-post-thumbnail","category-talous","tag-business","tag-economy","tag-fi","tag-finland","tag-finnish","tag-metsa-ja-paperiteollisuus","tag-metsat","tag-metsateollisuus-metsatalous-ja-siihen-liittyvat-palvelut","tag-metsateollisuus-ja-talousyritykset","tag-stora-enso","tag-suomi","tag-talous","tag-tyoelama"],"share_on_mastodon":{"url":"https:\/\/pubeurope.com\/@fi\/117219349456973145","error":""},"_links":{"self":[{"href":"https:\/\/www.europesays.com\/fi\/wp-json\/wp\/v2\/posts\/342241","targetHints":{"allow":["GET"]}}],"collection":[{"href":"https:\/\/www.europesays.com\/fi\/wp-json\/wp\/v2\/posts"}],"about":[{"href":"https:\/\/www.europesays.com\/fi\/wp-json\/wp\/v2\/types\/post"}],"author":[{"embeddable":true,"href":"https:\/\/www.europesays.com\/fi\/wp-json\/wp\/v2\/users\/2"}],"replies":[{"embeddable":true,"href":"https:\/\/www.europesays.com\/fi\/wp-json\/wp\/v2\/comments?post=342241"}],"version-history":[{"count":0,"href":"https:\/\/www.europesays.com\/fi\/wp-json\/wp\/v2\/posts\/342241\/revisions"}],"wp:featuredmedia":[{"embeddable":true,"href":"https:\/\/www.europesays.com\/fi\/wp-json\/wp\/v2\/media\/342242"}],"wp:attachment":[{"href":"https:\/\/www.europesays.com\/fi\/wp-json\/wp\/v2\/media?parent=342241"}],"wp:term":[{"taxonomy":"category","embeddable":true,"href":"https:\/\/www.europesays.com\/fi\/wp-json\/wp\/v2\/categories?post=342241"},{"taxonomy":"post_tag","embeddable":true,"href":"https:\/\/www.europesays.com\/fi\/wp-json\/wp\/v2\/tags?post=342241"}],"curies":[{"name":"wp","href":"https:\/\/api.w.org\/{rel}","templated":true}]}}