{"id":342247,"date":"2026-09-05T16:23:16","date_gmt":"2026-09-05T16:23:16","guid":{"rendered":"https:\/\/www.europesays.com\/fi\/342247\/"},"modified":"2026-09-05T16:23:16","modified_gmt":"2026-09-05T16:23:16","slug":"havittaja-syoksyi-maahan-lentonaytoksessa-kreikassa","status":"publish","type":"post","link":"https:\/\/www.europesays.com\/fi\/342247\/","title":{"rendered":"H\u00e4vitt\u00e4j\u00e4 sy\u00f6ksyi maahan lenton\u00e4yt\u00f6ksess\u00e4 Kreikassa"},"content":{"rendered":"<p class=\"article-body mb-(--paragraph-margin-b) px-nof-16\">Kreikkalainen kaksipaikkainen F\u20134 Phantom -h\u00e4vitt\u00e4j\u00e4lentokone sy\u00f6ksyi maahan ilmailun\u00e4yt\u00f6ksess\u00e4 lauantaina l\u00e4hell\u00e4 Ateenaa, kertoi Kreikan ilmavoimien edustaja uutistoimisto Reutersille.<\/p>\n<p class=\"article-body mb-(--paragraph-margin-b) px-nof-16\">Kreikan yleisradioyhti\u00f6n <a class=\"underline underline-offset-[0.12em] [text-decoration-thickness:var(--generic-link-underline-thickness)] [text-decoration-color:var(--generic-link-underline-color)] [text-decoration-skip-ink:var(--generic-link-underline-skip-ink)] break-words\" href=\"https:\/\/www.ertnews.gr\/eidiseis\/katepese-phantom-stin-tanagra-kata-ti-diarkeia-aeroporikon-epideikseon-fotia-stin-perioxi-ekdothike-112\/\" rel=\"nofollow noopener\" target=\"_blank\">ERT:n<\/a> mukaan lentokoneen maahansy\u00f6ksy\u00e4 seurasi r\u00e4j\u00e4hdys. ERT:n julkaisemalla videolla n\u00e4kyi runsaasti savua. Paikalla oli tulipalo, jota Reutersin mukaan sammutettiin ainakin kahden helikopterin voimin.<\/p>\n<p class=\"article-body mb-(--paragraph-margin-b) px-nof-16\">Koneen lent\u00e4jien tilaa ei Reutersin mukaan tiedetty, eik\u00e4 sek\u00e4\u00e4n ollut tiedossa, haavoittuiko yleis\u00f6st\u00e4 joku. Tuli ja savu tekiv\u00e4t pelastust\u00f6ist\u00e4 vaikeita, kertoi ERT.<\/p>\n","protected":false},"excerpt":{"rendered":"Kreikkalainen kaksipaikkainen F\u20134 Phantom -h\u00e4vitt\u00e4j\u00e4lentokone sy\u00f6ksyi maahan ilmailun\u00e4yt\u00f6ksess\u00e4 lauantaina l\u00e4hell\u00e4 Ateenaa, kertoi Kreikan ilmavoimien edustaja uutistoimisto Reutersille. Kreikan&hellip;\n","protected":false},"author":2,"featured_media":342248,"comment_status":"","ping_status":"","sticky":false,"template":"","format":"standard","meta":{"footnotes":"","_share_on_mastodon":"0"},"categories":[5],"tags":[22,23,26,27,33,31,30,17,46,24,25,28,29,15,18,21,32,19,20,16],"class_list":["post-342247","post","type-post","status-publish","format-standard","has-post-thumbnail","category-otsikot","tag-breaking-news","tag-breakingnews","tag-featured-news","tag-featurednews","tag-fi","tag-finland","tag-finnish","tag-headlines","tag-helsingin-sanomat","tag-latest-news","tag-latestnews","tag-main-news","tag-mainnews","tag-news","tag-otsikot","tag-paauutiset","tag-suomi","tag-top-stories","tag-topstories","tag-uutiset"],"share_on_mastodon":{"url":"https:\/\/pubeurope.com\/@fi\/117219361026261253","error":""},"_links":{"self":[{"href":"https:\/\/www.europesays.com\/fi\/wp-json\/wp\/v2\/posts\/342247","targetHints":{"allow":["GET"]}}],"collection":[{"href":"https:\/\/www.europesays.com\/fi\/wp-json\/wp\/v2\/posts"}],"about":[{"href":"https:\/\/www.europesays.com\/fi\/wp-json\/wp\/v2\/types\/post"}],"author":[{"embeddable":true,"href":"https:\/\/www.europesays.com\/fi\/wp-json\/wp\/v2\/users\/2"}],"replies":[{"embeddable":true,"href":"https:\/\/www.europesays.com\/fi\/wp-json\/wp\/v2\/comments?post=342247"}],"version-history":[{"count":0,"href":"https:\/\/www.europesays.com\/fi\/wp-json\/wp\/v2\/posts\/342247\/revisions"}],"wp:featuredmedia":[{"embeddable":true,"href":"https:\/\/www.europesays.com\/fi\/wp-json\/wp\/v2\/media\/342248"}],"wp:attachment":[{"href":"https:\/\/www.europesays.com\/fi\/wp-json\/wp\/v2\/media?parent=342247"}],"wp:term":[{"taxonomy":"category","embeddable":true,"href":"https:\/\/www.europesays.com\/fi\/wp-json\/wp\/v2\/categories?post=342247"},{"taxonomy":"post_tag","embeddable":true,"href":"https:\/\/www.europesays.com\/fi\/wp-json\/wp\/v2\/tags?post=342247"}],"curies":[{"name":"wp","href":"https:\/\/api.w.org\/{rel}","templated":true}]}}