{"id":342249,"date":"2026-09-05T16:37:21","date_gmt":"2026-09-05T16:37:21","guid":{"rendered":"https:\/\/www.europesays.com\/fi\/342249\/"},"modified":"2026-09-05T16:37:21","modified_gmt":"2026-09-05T16:37:21","slug":"sarah-chafak-saapui-nakumekossa-miss-suomi-finaaliin-katso-kuvat-pukuloistosta","status":"publish","type":"post","link":"https:\/\/www.europesays.com\/fi\/342249\/","title":{"rendered":"Sarah Chafak saapui nakumekossa Miss Suomi -finaaliin \u2013 katso kuvat pukuloistosta"},"content":{"rendered":"<p>Monet julkisuudesta tutut suomalaiset s\u00e4teiliv\u00e4t Miss Suomi -kilpailun punaisella matolla.<\/p>\n<p><img decoding=\"async\" src=\"https:\/\/www.europesays.com\/fi\/wp-content\/uploads\/2026\/09\/1788626236_421_468.jpg\" alt=\"Pukuloistoa punaisella matolla.\" class=\"_Img_1rerz_1\" style=\"aspect-ratio:1920\/1080\" loading=\"eager\"\/><\/p>\n<p class=\"font-(family-name:--picture-caption-font-family) text-(length:--picture-caption-font-size) leading-(--picture-caption-leading) font-(--picture-caption-font-weight) text-(color:--picture-caption-color)\">Pukuloistoa punaisella matolla. Kuva:\u00a0Jussi Helttunen<\/p>\n<p class=\"article-body mb-(--paragraph-margin-b) px-nof-16\">Miss Suomi -kilpailun punaiselle matolle ker\u00e4\u00e4ntyi lauantaina monta tunnettua kasvoa. Kokosimme t\u00e4h\u00e4n p\u00e4ivittyv\u00e4\u00e4n pukugalleriaan illan n\u00e4ytt\u00e4vimpi\u00e4 tyylej\u00e4.<\/p>\n<p class=\"article-body mb-(--paragraph-margin-b) px-nof-16\">Vuoden 2025 Miss Suomi <a class=\"font-bold underline-offset-[0.12em] [text-decoration:var(--person-link-text-decoration)] [text-decoration-color:var(--person-link-text-decoration-color)]!\" href=\"https:\/\/www.is.fi\/haku\/?query=Tara%20Lehtonen\" rel=\"nofollow noopener\" target=\"_blank\">Tara Lehtonen <\/a>saapui paikalle sinert\u00e4v\u00e4ss\u00e4, kimaltelevassa mekossa, joka j\u00e4tti olkap\u00e4\u00e4t paljaaksi.<\/p>\n<p><img decoding=\"async\" src=\"https:\/\/www.europesays.com\/fi\/wp-content\/uploads\/2026\/09\/1788626237_416_468.jpg\" alt=\"Tara Lehtonen, Miss Suomi 2025.\" class=\"_Img_1rerz_1\" style=\"aspect-ratio:1280\/1920\" loading=\"eager\"\/><\/p>\n<p class=\"font-(family-name:--picture-caption-font-family) text-(length:--picture-caption-font-size) leading-(--picture-caption-leading) font-(--picture-caption-font-weight) text-(color:--picture-caption-color) picture-with-caption__caption picture-with-caption__caption--default-full\">Tara Lehtonen, Miss Suomi 2025. Kuva:\u00a0Jussi Helttunen<\/p>\n<p class=\"article-body mb-(--paragraph-margin-b) px-nof-16\">T\u00e4m\u00e4n vuoden Miss Suomi -kilpailun yksi tuomari on Erikoisjoukot-ohjelmasta tunnettu <a class=\"font-bold underline-offset-[0.12em] [text-decoration:var(--person-link-text-decoration)] [text-decoration-color:var(--person-link-text-decoration-color)]!\" href=\"https:\/\/www.is.fi\/haku\/?query=Matias%20Pet%C3%A4ist%C3%B6\" rel=\"nofollow noopener\" target=\"_blank\">Matias Pet\u00e4ist\u00f6<\/a>. H\u00e4n saapui punaiselle matolle tummassa puvussa, jonka rintataskussa oli n\u00e4ytt\u00e4v\u00e4 punainen taskuliina. P\u00e4\u00e4ss\u00e4\u00e4n h\u00e4nell\u00e4 oli cowboy-tyylinen hattu, jossa on New York Yankeesin logo.<\/p>\n<p><img decoding=\"async\" src=\"https:\/\/www.europesays.com\/fi\/wp-content\/uploads\/2026\/09\/1788626238_850_468.jpg\" alt=\"Erikoisjoukot-ohjelmasta tuttu kouluttaja Matias Pet\u00e4ist\u00f6.\" class=\"_Img_1rerz_1\" style=\"aspect-ratio:1280\/1920\" loading=\"eager\"\/><\/p>\n<p class=\"font-(family-name:--picture-caption-font-family) text-(length:--picture-caption-font-size) leading-(--picture-caption-leading) font-(--picture-caption-font-weight) text-(color:--picture-caption-color) picture-with-caption__caption picture-with-caption__caption--default-full\">Erikoisjoukot-ohjelmasta tuttu kouluttaja Matias Pet\u00e4ist\u00f6. Kuva:\u00a0Jussi Helttunen<\/p>\n<p class=\"article-body mb-(--paragraph-margin-b) px-nof-16\">Tanssikouluyritt\u00e4j\u00e4 <a class=\"font-bold underline-offset-[0.12em] [text-decoration:var(--person-link-text-decoration)] [text-decoration-color:var(--person-link-text-decoration-color)]!\" href=\"https:\/\/www.is.fi\/haku\/?query=Anitra%20Ahtola\" rel=\"nofollow noopener\" target=\"_blank\">Anitra Ahtola<\/a> saapui kilpailuun suru-uutisen j\u00e4lkeen.<\/p>\n<p class=\"article-body mb-(--paragraph-margin-b) px-nof-16\">Perjantaina kerrottiin, ett\u00e4 <a class=\"font-bold underline-offset-[0.12em] [text-decoration:var(--person-link-text-decoration)] [text-decoration-color:var(--person-link-text-decoration-color)]!\" href=\"https:\/\/www.is.fi\/haku\/?query=Olivia%20Oras\" rel=\"nofollow noopener\" target=\"_blank\">Olivia Oras<\/a> oli kuollut 27-vuotiaana. Ahtola kertoi sosiaalisessa mediassa, ett\u00e4 h\u00e4nen poikansa <a class=\"font-bold underline-offset-[0.12em] [text-decoration:var(--person-link-text-decoration)] [text-decoration-color:var(--person-link-text-decoration-color)]!\" href=\"https:\/\/www.is.fi\/haku\/?query=Oskar%20Komulainen\" rel=\"nofollow noopener\" target=\"_blank\">Oskar Komulainen<\/a> ja Oras rakastivat toisiaan.<\/p>\n<p class=\"article-body mb-(--paragraph-margin-b) px-nof-16\">Ahtola <a class=\"underline underline-offset-[0.12em] [text-decoration-thickness:var(--generic-link-underline-thickness)] [text-decoration-color:var(--generic-link-underline-color)] [text-decoration-skip-ink:var(--generic-link-underline-skip-ink)] break-words\" href=\"https:\/\/www.is.fi\/viihde\/art-2000012254642.html\" rel=\"nofollow noopener\" target=\"_blank\">muisteli<\/a> punaisella matolla l\u00e4mpim\u00e4sti Orasta, josta oli tullut perheenj\u00e4sen.<\/p>\n<p class=\"article-body mb-(--paragraph-margin-b) px-nof-16\">\u2013 Ennen kaikkea se, mik\u00e4 mun pojalla ja h\u00e4nell\u00e4 oli \u2013 ett\u00e4 se vied\u00e4\u00e4n kaikki pois. Ja nuori vied\u00e4\u00e4n yleens\u00e4kin pois. Se on v\u00e4\u00e4rin ja kohtuutonta.<\/p>\n<p><img decoding=\"async\" src=\"https:\/\/www.europesays.com\/fi\/wp-content\/uploads\/2026\/09\/1788626238_597_468.jpg\" alt=\"Tanssikouluyritt\u00e4j\u00e4 Anitra Ahtola voitti Miss Suomi -kilpailun 30 vuotta sitten. T\u00e4n\u00e4 vuonna h\u00e4n on kilpailun tuomarina.\" class=\"_Img_1rerz_1\" style=\"aspect-ratio:1280\/1920\" loading=\"eager\"\/><\/p>\n<p class=\"font-(family-name:--picture-caption-font-family) text-(length:--picture-caption-font-size) leading-(--picture-caption-leading) font-(--picture-caption-font-weight) text-(color:--picture-caption-color) picture-with-caption__caption picture-with-caption__caption--default-full\">Tanssikouluyritt\u00e4j\u00e4 Anitra Ahtola voitti Miss Suomi -kilpailun 30 vuotta sitten. T\u00e4n\u00e4 vuonna h\u00e4n on kilpailun tuomarina. Kuva:\u00a0Jussi Helttunen<\/p>\n<p><img decoding=\"async\" src=\"https:\/\/www.europesays.com\/fi\/wp-content\/uploads\/2026\/09\/1788626239_853_468.jpg\" alt=\"Mentalisti Noora Karma s\u00e4ken\u00f6i vaaleahkossa yksiolkaimisessa mekossa. My\u00f6s h\u00e4n on yksi kilpailun tuomareista.\" class=\"_Img_1rerz_1\" style=\"aspect-ratio:1280\/1920\" loading=\"eager\"\/><\/p>\n<p class=\"font-(family-name:--picture-caption-font-family) text-(length:--picture-caption-font-size) leading-(--picture-caption-leading) font-(--picture-caption-font-weight) text-(color:--picture-caption-color) picture-with-caption__caption picture-with-caption__caption--default-full\">Mentalisti Noora Karma s\u00e4ken\u00f6i vaaleahkossa yksiolkaimisessa mekossa. My\u00f6s h\u00e4n on yksi kilpailun tuomareista. Kuva:\u00a0Jussi Helttunen<\/p>\n<p><img decoding=\"async\" src=\"https:\/\/www.europesays.com\/fi\/wp-content\/uploads\/2026\/09\/1788626239_64_468.jpg\" alt=\"Yritt\u00e4j\u00e4 Sara Chafak s\u00e4v\u00e4ytti l\u00e4pikuultavassa nakumekossa. H\u00e4n voitti Miss Suomi -kilpailun vuonna 2012.\" class=\"_Img_1rerz_1\" style=\"aspect-ratio:1280\/1920\" loading=\"eager\"\/><\/p>\n<p class=\"font-(family-name:--picture-caption-font-family) text-(length:--picture-caption-font-size) leading-(--picture-caption-leading) font-(--picture-caption-font-weight) text-(color:--picture-caption-color) picture-with-caption__caption picture-with-caption__caption--default-full\">Yritt\u00e4j\u00e4 Sara Chafak s\u00e4v\u00e4ytti l\u00e4pikuultavassa nakumekossa. H\u00e4n voitti Miss Suomi -kilpailun vuonna 2012. Kuva:\u00a0Jussi Helttunen<\/p>\n<p><img decoding=\"async\" src=\"https:\/\/www.europesays.com\/fi\/wp-content\/uploads\/2026\/09\/1788626240_727_468.jpg\" alt=\"Meikki- ja drag-taiteilija Aarni Mikkolalla oli olkap\u00e4ill\u00e4\u00e4n kuin hopeanv\u00e4rinen haarniska. Asuun kuuluivat my\u00f6s n\u00e4ytt\u00e4v\u00e4t laahusmaiset hapsut.\" class=\"_Img_1rerz_1\" style=\"aspect-ratio:1280\/1920\" loading=\"eager\"\/><\/p>\n<p class=\"font-(family-name:--picture-caption-font-family) text-(length:--picture-caption-font-size) leading-(--picture-caption-leading) font-(--picture-caption-font-weight) text-(color:--picture-caption-color) picture-with-caption__caption picture-with-caption__caption--default-full\">Meikki- ja drag-taiteilija Aarni Mikkolalla oli olkap\u00e4ill\u00e4\u00e4n kuin hopeanv\u00e4rinen haarniska. Asuun kuuluivat my\u00f6s n\u00e4ytt\u00e4v\u00e4t laahusmaiset hapsut. Kuva:\u00a0Jussi Helttunen<\/p>\n<p><img decoding=\"async\" src=\"https:\/\/www.europesays.com\/fi\/wp-content\/uploads\/2026\/09\/1788626240_292_468.jpg\" alt=\"Vuoden 2024 Miss Suomi Matilda Wirtavuori h\u00e4ik\u00e4isi liilassa mekossa, jossa oli my\u00f6s laahus.\" class=\"_Img_1rerz_1\" style=\"aspect-ratio:1280\/1920\" loading=\"eager\"\/><\/p>\n<p class=\"font-(family-name:--picture-caption-font-family) text-(length:--picture-caption-font-size) leading-(--picture-caption-leading) font-(--picture-caption-font-weight) text-(color:--picture-caption-color) picture-with-caption__caption picture-with-caption__caption--default-full\">Vuoden 2024 Miss Suomi Matilda Wirtavuori h\u00e4ik\u00e4isi liilassa mekossa, jossa oli my\u00f6s laahus. Kuva:\u00a0Jussi Helttunen<\/p>\n<p><img decoding=\"async\" src=\"https:\/\/www.europesays.com\/fi\/wp-content\/uploads\/2026\/09\/1788626241_377_468.jpg\" alt=\"Ylen entinen urheilutoimittaja Kaj Kunnas oli valinnut kirkkaan violetin kravatin vaalean puvun kaveriksi.\" class=\"_Img_1rerz_1\" style=\"aspect-ratio:1280\/1920\" loading=\"eager\"\/><\/p>\n<p class=\"font-(family-name:--picture-caption-font-family) text-(length:--picture-caption-font-size) leading-(--picture-caption-leading) font-(--picture-caption-font-weight) text-(color:--picture-caption-color) picture-with-caption__caption picture-with-caption__caption--default-full\">Ylen entinen urheilutoimittaja Kaj Kunnas oli valinnut kirkkaan violetin kravatin vaalean puvun kaveriksi. Kuva:\u00a0Jussi Helttunen<\/p>\n<p><img decoding=\"async\" src=\"https:\/\/www.europesays.com\/fi\/wp-content\/uploads\/2026\/09\/1788626241_395_468.jpg\" alt=\"Elina Kanervalla oli yll\u00e4\u00e4n veistoksellinen, pelkistetty musta mekko.\" class=\"_Img_1rerz_1\" style=\"aspect-ratio:1280\/1920\" loading=\"eager\"\/><\/p>\n<p class=\"font-(family-name:--picture-caption-font-family) text-(length:--picture-caption-font-size) leading-(--picture-caption-leading) font-(--picture-caption-font-weight) text-(color:--picture-caption-color) picture-with-caption__caption picture-with-caption__caption--default-full\">Elina Kanervalla oli yll\u00e4\u00e4n veistoksellinen, pelkistetty musta mekko. Kuva:\u00a0Jussi Helttunen<\/p>\n","protected":false},"excerpt":{"rendered":"Monet julkisuudesta tutut suomalaiset s\u00e4teiliv\u00e4t Miss Suomi -kilpailun punaisella matolla. Pukuloistoa punaisella matolla. Kuva:\u00a0Jussi Helttunen Miss Suomi -kilpailun&hellip;\n","protected":false},"author":2,"featured_media":342250,"comment_status":"","ping_status":"","sticky":false,"template":"","format":"standard","meta":{"footnotes":"","_share_on_mastodon":"0"},"categories":[136],"tags":[407,137,33,31,30,34,408,32,109],"class_list":["post-342249","post","type-post","status-publish","format-standard","has-post-thumbnail","category-julkkikset","tag-celebrities","tag-entertainment","tag-fi","tag-finland","tag-finnish","tag-ilta-sanomat","tag-julkkikset","tag-suomi","tag-viihde"],"share_on_mastodon":{"url":"https:\/\/pubeurope.com\/@fi\/117219416914034405","error":""},"_links":{"self":[{"href":"https:\/\/www.europesays.com\/fi\/wp-json\/wp\/v2\/posts\/342249","targetHints":{"allow":["GET"]}}],"collection":[{"href":"https:\/\/www.europesays.com\/fi\/wp-json\/wp\/v2\/posts"}],"about":[{"href":"https:\/\/www.europesays.com\/fi\/wp-json\/wp\/v2\/types\/post"}],"author":[{"embeddable":true,"href":"https:\/\/www.europesays.com\/fi\/wp-json\/wp\/v2\/users\/2"}],"replies":[{"embeddable":true,"href":"https:\/\/www.europesays.com\/fi\/wp-json\/wp\/v2\/comments?post=342249"}],"version-history":[{"count":0,"href":"https:\/\/www.europesays.com\/fi\/wp-json\/wp\/v2\/posts\/342249\/revisions"}],"wp:featuredmedia":[{"embeddable":true,"href":"https:\/\/www.europesays.com\/fi\/wp-json\/wp\/v2\/media\/342250"}],"wp:attachment":[{"href":"https:\/\/www.europesays.com\/fi\/wp-json\/wp\/v2\/media?parent=342249"}],"wp:term":[{"taxonomy":"category","embeddable":true,"href":"https:\/\/www.europesays.com\/fi\/wp-json\/wp\/v2\/categories?post=342249"},{"taxonomy":"post_tag","embeddable":true,"href":"https:\/\/www.europesays.com\/fi\/wp-json\/wp\/v2\/tags?post=342249"}],"curies":[{"name":"wp","href":"https:\/\/api.w.org\/{rel}","templated":true}]}}