{"id":342253,"date":"2026-09-05T16:45:14","date_gmt":"2026-09-05T16:45:14","guid":{"rendered":"https:\/\/www.europesays.com\/fi\/342253\/"},"modified":"2026-09-05T16:45:14","modified_gmt":"2026-09-05T16:45:14","slug":"jarvilakeuden-amazing-race-saa-jatkoa","status":"publish","type":"post","link":"https:\/\/www.europesays.com\/fi\/342253\/","title":{"rendered":"J\u00e4rvilakeuden Amazing Race saa jatkoa"},"content":{"rendered":"<p>    <img decoding=\"async\" class=\"responsive-image article__image-image lozad\"   src=\"https:\/\/www.europesays.com\/fi\/wp-content\/uploads\/2026\/09\/3VpBesPCl_2yKgAPoAi-wuh258MUeVvpzm9qL9L-jVtMqH7SsE7ZKb-woAOeEcPRk2Dnc6qHtMna53ukyEZHwSsJWFR8Duw4ptg8.jpeg\" alt=\"Viimevuotisessa Amazing Racessa Mc Club H\u00e4rm\u00e4ll\u00e4 oli toiminnallinen ajoteht\u00e4v\u00e4 Alah\u00e4rm\u00e4ss\u00e4.\"\/><\/p>\n<p>\n                Viimevuotisessa Amazing Racessa Mc Club H\u00e4rm\u00e4ll\u00e4 oli toiminnallinen ajoteht\u00e4v\u00e4 Alah\u00e4rm\u00e4ss\u00e4.\n              <\/p>\n<p>\n                Kuva: Maaria Koivula-Talkkari\n              <\/p>\n<p class=\"article__paragraph\">\n      Viime vuonna alkunsa saanut J\u00e4rvilakeuden Amazing Race j\u00e4rjestet\u00e4\u00e4n toistamiseen lauantaina 19.<\/p>\n<p>    Tilaa Komiat Digin _1. kk vain 5 \u20ac_<\/p>\n","protected":false},"excerpt":{"rendered":"Viimevuotisessa Amazing Racessa Mc Club H\u00e4rm\u00e4ll\u00e4 oli toiminnallinen ajoteht\u00e4v\u00e4 Alah\u00e4rm\u00e4ss\u00e4. Kuva: Maaria Koivula-Talkkari Viime vuonna alkunsa saanut J\u00e4rvilakeuden&hellip;\n","protected":false},"author":2,"featured_media":342254,"comment_status":"","ping_status":"","sticky":false,"template":"","format":"standard","meta":{"footnotes":"","_share_on_mastodon":"0"},"categories":[130],"tags":[137,33,31,30,32,109],"class_list":["post-342253","post","type-post","status-publish","format-standard","has-post-thumbnail","category-viihde","tag-entertainment","tag-fi","tag-finland","tag-finnish","tag-suomi","tag-viihde"],"share_on_mastodon":{"url":"https:\/\/pubeurope.com\/@fi\/117219447922893524","error":""},"_links":{"self":[{"href":"https:\/\/www.europesays.com\/fi\/wp-json\/wp\/v2\/posts\/342253","targetHints":{"allow":["GET"]}}],"collection":[{"href":"https:\/\/www.europesays.com\/fi\/wp-json\/wp\/v2\/posts"}],"about":[{"href":"https:\/\/www.europesays.com\/fi\/wp-json\/wp\/v2\/types\/post"}],"author":[{"embeddable":true,"href":"https:\/\/www.europesays.com\/fi\/wp-json\/wp\/v2\/users\/2"}],"replies":[{"embeddable":true,"href":"https:\/\/www.europesays.com\/fi\/wp-json\/wp\/v2\/comments?post=342253"}],"version-history":[{"count":0,"href":"https:\/\/www.europesays.com\/fi\/wp-json\/wp\/v2\/posts\/342253\/revisions"}],"wp:featuredmedia":[{"embeddable":true,"href":"https:\/\/www.europesays.com\/fi\/wp-json\/wp\/v2\/media\/342254"}],"wp:attachment":[{"href":"https:\/\/www.europesays.com\/fi\/wp-json\/wp\/v2\/media?parent=342253"}],"wp:term":[{"taxonomy":"category","embeddable":true,"href":"https:\/\/www.europesays.com\/fi\/wp-json\/wp\/v2\/categories?post=342253"},{"taxonomy":"post_tag","embeddable":true,"href":"https:\/\/www.europesays.com\/fi\/wp-json\/wp\/v2\/tags?post=342253"}],"curies":[{"name":"wp","href":"https:\/\/api.w.org\/{rel}","templated":true}]}}