{"id":342261,"date":"2026-09-05T16:51:14","date_gmt":"2026-09-05T16:51:14","guid":{"rendered":"https:\/\/www.europesays.com\/fi\/342261\/"},"modified":"2026-09-05T16:51:14","modified_gmt":"2026-09-05T16:51:14","slug":"tuuli-ja-metsareissut-koettelivat-tapio-pulkkasta-mutta-voitto-on-yha-ulottuvilla","status":"publish","type":"post","link":"https:\/\/www.europesays.com\/fi\/342261\/","title":{"rendered":"Tuuli ja mets\u00e4reissut koettelivat Tapio Pulkkasta, mutta voitto on yh\u00e4 ulottuvilla"},"content":{"rendered":"<p class=\"darkblue\">Tapio Pulkkanen on Konopiskassa hyviss\u00e4 iskuasemissa. Kuva: Getty Images<\/p>\n<p class=\"ingress\">Pulkkanen l\u00e4htee Puolan turnauksen p\u00e4\u00e4t\u00f6sp\u00e4iv\u00e4\u00e4n kaksi ly\u00f6nti\u00e4 k\u00e4rjest\u00e4.<\/p>\n<p>Tapio Pulkkanen s\u00e4ilytti tiukasti otteensa HotelPlanner Tourin kilpailun k\u00e4rkitaistelusta Puolan Konopiskassa. Seitsem\u00e4tt\u00e4 sijaa jakava Pulkkanen pelasi kolmannen kierroksen par-tulokseen 70 ja on kokonaistilanteessa seitsem\u00e4n alle. K\u00e4rkeen on ennen p\u00e4\u00e4t\u00f6skierrosta kaksi ly\u00f6nti\u00e4.<\/p>\n<p>Artikkeli jatkuu mainoksen j\u00e4lkeen<\/p>\n<p>Artikkeli jatkuu<\/p>\n<p>Artikkeli jatkuu mainoksen j\u00e4lkeen<\/p>\n<p>Artikkeli jatkuu<\/p>\n<p>Voimakas tuuli teki pelaamisesta j\u00e4lleen hankalaa. Pulkkanen joutui etenkin etuysill\u00e4 vaikeuksiin, kun sivutuuli teki avauksista arvaamattomia.<\/p>\n<p>\u201dIhan kohtuullinen kierros. My\u00f6s t\u00e4n\u00e4\u00e4n oli kova tuuli ja tuulensuunta oli sivusta monella rei\u00e4ll\u00e4. Varsinkin etuysill\u00e4 oli haastavia avauksia, ja kyll\u00e4 niit\u00e4 mets\u00e4\u00e4n muutaman l\u00f6inkin. Olin v\u00e4h\u00e4n ongelmissa, mutta sain jonkinlaisen tuloksen raavittua kasaan\u201d, h\u00e4n sanoi.<\/p>\n<p>Pulkkanen sai kierroksestaan paremmin kiinni j\u00e4lkimm\u00e4isell\u00e4 puoliskolla. Ly\u00f6minen ter\u00e4v\u00f6ityi ja korttiin kirjattiin muutama t\u00e4rke\u00e4 onnistuminen.<\/p>\n<p>\u201dTakalenkki meni paremmin ja l\u00f6in parempia ly\u00f6ntej\u00e4. Siin\u00e4 tuli pari hyv\u00e4\u00e4 birdie\u00e4. Lopussa oli vastatuuleen tiukkoja reiki\u00e4, ja tein par-kolmosilla hyvi\u00e4 pareja. Viimeiselle tuli v\u00e4h\u00e4n nihke\u00e4 bogey, mutta ihan ollaan viel\u00e4 taistelussa mukana.\u201d<\/p>\n<p>Artikkeli jatkuu mainoksen j\u00e4lkeen<\/p>\n<p>Rosa Challenge Tourin jaetulle k\u00e4rkipaikalle nousivat Englannin John Gough ja Irlannin Mark Power (-9). Ensin mainitulta l\u00f6ytyy yksi voitto kuluvalta kaudelta. Power ei ole saavuttanut ykk\u00f6ssijoja haastajakiertueella.<\/p>\n<p>Matias Honkalalla (+5) oli hankala p\u00e4iv\u00e4 Rosa Golf Clubin kent\u00e4ll\u00e4. Tulos 76 pudotti h\u00e4net sijalle 61.<\/p>\n<p>Pulkkanen aloittaa finaalikierroksen sunnuntaina kello 12.20 Suomen aikaa, seuranaan Englannin Callum Tarren ja Saksan Philipp Katich.<\/p>\n<p><a class=\"recommended-link\" href=\"https:\/\/golfpiste.com\/kilpagolf\/kirjavan-kierroksen-pelannut-tapio-pulkkanen-puolusti-asemiaan-karkikahinoissa\/\" rel=\"nofollow noopener\" target=\"_blank\">Lue seuraavaksi: Kirjavan kierroksen pelannut Tapio Pulkkanen puolusti asemiaan k\u00e4rkikahinoissa<\/a><\/p>\n<p>             p{<br \/>\n                    margin: 0px;<br \/>\n                }<br \/>\n                #prio1feedback-popular-articles .popular__category{<br \/>\n                    color: #f5a623;<br \/>\n                    text-transform: uppercase;<br \/>\n                    font-family: &#8221;barlowsemibold&#8221;;<br \/>\n                    display: block;<br \/>\n                    position: relative;<br \/>\n                    font-size: 10px;<br \/>\n                    font-weight: 600;<br \/>\n                    margin-bottom: 2px;<br \/>\n                }<br \/>\n            ]]]]>]]><\/p>\n<p>                    Lis\u00e4\u00e4 aiheesta<\/p>\n<p>                Tilaa Golfpisteen uutiskirje<\/p>\n<p>  &#13;<br \/>\n\t&#13;<\/p>\n<p>&#13;<br \/>\n\t&#13;<\/p>\n","protected":false},"excerpt":{"rendered":"Tapio Pulkkanen on Konopiskassa hyviss\u00e4 iskuasemissa. Kuva: Getty Images Pulkkanen l\u00e4htee Puolan turnauksen p\u00e4\u00e4t\u00f6sp\u00e4iv\u00e4\u00e4n kaksi ly\u00f6nti\u00e4 k\u00e4rjest\u00e4. Tapio&hellip;\n","protected":false},"author":2,"featured_media":342262,"comment_status":"","ping_status":"","sticky":false,"template":"","format":"standard","meta":{"footnotes":"","_share_on_mastodon":"0"},"categories":[5],"tags":[22,23,26,27,33,31,30,17,18862,42174,24,25,28,29,42175,5615,15,18,21,42029,32,4297,19,20,16],"class_list":["post-342261","post","type-post","status-publish","format-standard","has-post-thumbnail","category-otsikot","tag-breaking-news","tag-breakingnews","tag-featured-news","tag-featurednews","tag-fi","tag-finland","tag-finnish","tag-headlines","tag-hotelplanner-tour","tag-john-gough","tag-latest-news","tag-latestnews","tag-main-news","tag-mainnews","tag-mark-power","tag-matias-honkala","tag-news","tag-otsikot","tag-paauutiset","tag-rosa-challenge-tour","tag-suomi","tag-tapio-pulkkanen","tag-top-stories","tag-topstories","tag-uutiset"],"share_on_mastodon":{"url":"https:\/\/pubeurope.com\/@fi\/117219471405700013","error":""},"_links":{"self":[{"href":"https:\/\/www.europesays.com\/fi\/wp-json\/wp\/v2\/posts\/342261","targetHints":{"allow":["GET"]}}],"collection":[{"href":"https:\/\/www.europesays.com\/fi\/wp-json\/wp\/v2\/posts"}],"about":[{"href":"https:\/\/www.europesays.com\/fi\/wp-json\/wp\/v2\/types\/post"}],"author":[{"embeddable":true,"href":"https:\/\/www.europesays.com\/fi\/wp-json\/wp\/v2\/users\/2"}],"replies":[{"embeddable":true,"href":"https:\/\/www.europesays.com\/fi\/wp-json\/wp\/v2\/comments?post=342261"}],"version-history":[{"count":0,"href":"https:\/\/www.europesays.com\/fi\/wp-json\/wp\/v2\/posts\/342261\/revisions"}],"wp:featuredmedia":[{"embeddable":true,"href":"https:\/\/www.europesays.com\/fi\/wp-json\/wp\/v2\/media\/342262"}],"wp:attachment":[{"href":"https:\/\/www.europesays.com\/fi\/wp-json\/wp\/v2\/media?parent=342261"}],"wp:term":[{"taxonomy":"category","embeddable":true,"href":"https:\/\/www.europesays.com\/fi\/wp-json\/wp\/v2\/categories?post=342261"},{"taxonomy":"post_tag","embeddable":true,"href":"https:\/\/www.europesays.com\/fi\/wp-json\/wp\/v2\/tags?post=342261"}],"curies":[{"name":"wp","href":"https:\/\/api.w.org\/{rel}","templated":true}]}}