{"id":342263,"date":"2026-09-05T17:04:13","date_gmt":"2026-09-05T17:04:13","guid":{"rendered":"https:\/\/www.europesays.com\/fi\/342263\/"},"modified":"2026-09-05T17:04:13","modified_gmt":"2026-09-05T17:04:13","slug":"johanna-orakselta-herkka-julkaisu-menehtyneesta-olivia-tyttarestaan","status":"publish","type":"post","link":"https:\/\/www.europesays.com\/fi\/342263\/","title":{"rendered":"Johanna Orakselta herkk\u00e4 julkaisu menehtyneest\u00e4 Olivia-tytt\u00e4rest\u00e4\u00e4n"},"content":{"rendered":"<p class=\"article-body mb-(--paragraph-margin-b) px-nof-16\">Taiteilija <a class=\"font-bold underline-offset-[0.12em] [text-decoration:var(--person-link-text-decoration)] [text-decoration-color:var(--person-link-text-decoration-color)]!\" href=\"https:\/\/www.is.fi\/haku\/?query=Johanna%20Oras\" rel=\"nofollow noopener\" target=\"_blank\">Johanna Oras<\/a> on julkaissut Instagramiin kuvan menehtyneest\u00e4 <a class=\"font-bold underline-offset-[0.12em] [text-decoration:var(--person-link-text-decoration)] [text-decoration-color:var(--person-link-text-decoration-color)]!\" href=\"https:\/\/www.is.fi\/haku\/?query=Olivia\" rel=\"nofollow noopener\" target=\"_blank\">Olivia<\/a>-tytt\u00e4rest\u00e4\u00e4n. Kuvassa n\u00e4kyy kuva Olivia Oraksesta ja sen vieress\u00e4 p\u00f6yd\u00e4ll\u00e4 palava kynttil\u00e4 ja ruusu.<\/p>\n<p class=\"article-body mb-(--paragraph-margin-b) px-nof-16\">\u2013 Olivia 1998\u20132026, Johanna Oras kirjoittaa.<\/p>\n<p class=\"article-body mb-(--paragraph-margin-b) px-nof-16\">Johanna Oras toivoo, ett\u00e4 seuraajat voivat julkaista kuvan alle kauniita muistoja Oliviasta.<\/p>\n<p class=\"article-body mb-(--paragraph-margin-b) px-nof-16\">\u2013 Muistetaan h\u00e4nt\u00e4 alustalla, jota h\u00e4n rakasti.<\/p>\n<p class=\"article-body mb-(--paragraph-margin-b) px-nof-16\">Lukuisat julkisuuden henkil\u00f6t ovat kommentoineet kuvaa osanotoilla. Osanottonsa ovat j\u00e4tt\u00e4neet muun muassa laulaja <a class=\"font-bold underline-offset-[0.12em] [text-decoration:var(--person-link-text-decoration)] [text-decoration-color:var(--person-link-text-decoration-color)]!\" href=\"https:\/\/www.is.fi\/haku\/?query=Paula%20Vesala\" rel=\"nofollow noopener\" target=\"_blank\">Paula Vesala<\/a> sek\u00e4 <a class=\"font-bold underline-offset-[0.12em] [text-decoration:var(--person-link-text-decoration)] [text-decoration-color:var(--person-link-text-decoration-color)]!\" href=\"https:\/\/www.is.fi\/haku\/?query=Johanna%20Harlin\" rel=\"nofollow noopener\" target=\"_blank\">Johanna Harlin<\/a>.<\/p>\n<p class=\"article-body mb-(--paragraph-margin-b) px-nof-16\">\u2013 L\u00e4mmin osanottomme, Johanna Harlin kirjoittaa.<\/p>\n<p class=\"article-body mb-(--paragraph-margin-b) px-nof-16\">\u2013 Oot ollut niin paljon mun ajatuksissa Johanna. Syd\u00e4n s\u00e4rkyy sinun ja perheesi puolesta. L\u00e4het\u00e4n teille kaiken mahdollisen voiman ja rakkauden, kirjoittaa somevaikuttaja <a class=\"font-bold underline-offset-[0.12em] [text-decoration:var(--person-link-text-decoration)] [text-decoration-color:var(--person-link-text-decoration-color)]!\" href=\"https:\/\/www.is.fi\/haku\/?query=Sonja%20Aiello\" rel=\"nofollow noopener\" target=\"_blank\">Sonja Aiello<\/a>.<\/p>\n<p class=\"article-body mb-(--paragraph-margin-b) px-nof-16\">Johanna Oraksen ja taidekauppias <a class=\"font-bold underline-offset-[0.12em] [text-decoration:var(--person-link-text-decoration)] [text-decoration-color:var(--person-link-text-decoration-color)]!\" href=\"https:\/\/www.is.fi\/haku\/?query=Reijo%20Oraksen\" rel=\"nofollow noopener\" target=\"_blank\">Reijo Oraksen<\/a> Olivia-tytt\u00e4ren, 27, kuolemasta <a class=\"underline underline-offset-[0.12em] [text-decoration-thickness:var(--generic-link-underline-thickness)] [text-decoration-color:var(--generic-link-underline-color)] [text-decoration-skip-ink:var(--generic-link-underline-skip-ink)] break-words\" href=\"https:\/\/www.is.fi\/viihde\/art-2000012252011.html\" rel=\"nofollow noopener\" target=\"_blank\">uutisoitiin<\/a> perjantaina 4. syyskuuta.<\/p>\n<p class=\"article-body mb-(--paragraph-margin-b) px-nof-16\">Johanna Oras vahvisti tiedon IS:lle, mutta perhe toivoi sururauhaa tytt\u00e4ren poismenon johdosta eik\u00e4 kommentoinut asiaa enemp\u00e4\u00e4.<\/p>\n<p class=\"article-body mb-(--paragraph-margin-b) px-nof-16\">Olivia Oras nousi julkisuuteen jo teini-ik\u00e4isen\u00e4. H\u00e4n oli suosittu somet\u00e4hti, jolla oli parhaimmillaan 40\u202f000 seuraajaa. My\u00f6hemmin h\u00e4n j\u00e4tti somen ja poistui osin julkisuudesta.<\/p>\n<p class=\"article-body mb-(--paragraph-margin-b) px-nof-16\">Viime vuosina Olivia Oras loi uraa eri teko\u00e4lypainotteisissa yrityksiss\u00e4 sek\u00e4 perheens\u00e4 yrityksiss\u00e4. Sosiaalisen median perusteella h\u00e4n nautti matkustelusta.<\/p>\n<p class=\"article-body mb-(--paragraph-margin-b) px-nof-16\">Julkisuuden henkil\u00f6t ovat muistelleet Olivia Orasta viime p\u00e4ivin\u00e4 somessa.<\/p>\n<p class=\"article-body mb-(--paragraph-margin-b) px-nof-16\">Tanssikouluyritt\u00e4j\u00e4 <a class=\"font-bold underline-offset-[0.12em] [text-decoration:var(--person-link-text-decoration)] [text-decoration-color:var(--person-link-text-decoration-color)]!\" href=\"https:\/\/www.is.fi\/haku\/?query=Anitra%20Ahtola\" rel=\"nofollow noopener\" target=\"_blank\">Anitra Ahtola<\/a> kertoi lauantaina Instagramissa Olivian olleen t\u00e4rke\u00e4 henkil\u00f6 h\u00e4nen perheelleen.<\/p>\n<p class=\"article-body mb-(--paragraph-margin-b) px-nof-16\">\u2013 On niin vaikea l\u00f6yt\u00e4\u00e4 sanoja. L\u00e4hdit aivan liian aikaisin. El\u00e4m\u00e4 tuntuu nyt niin k\u00e4sitt\u00e4m\u00e4tt\u00f6m\u00e4n ep\u00e4reilulta ja syd\u00e4n s\u00e4rkyy, Ahtola kirjoitti.<\/p>\n<p class=\"article-body mb-(--paragraph-margin-b) px-nof-16\">Ahtola kertoi, ett\u00e4 h\u00e4nen poikansa <a class=\"font-bold underline-offset-[0.12em] [text-decoration:var(--person-link-text-decoration)] [text-decoration-color:var(--person-link-text-decoration-color)]!\" href=\"https:\/\/www.is.fi\/haku\/?query=Oskar%20Komulainen\" rel=\"nofollow noopener\" target=\"_blank\">Oskar Komulainen <\/a>ja Olivia Oras rakastivat toisiaan.<\/p>\n<p class=\"article-body mb-(--paragraph-margin-b) px-nof-16\">\u2013 Sinusta tuli meille kaikille niin rakas ja t\u00e4rke\u00e4 osa perhett\u00e4mme. Rakkaus sinun ja Oskun v\u00e4lill\u00e4 oli jotain aivan erityist\u00e4, niin syv\u00e4\u00e4, aitoa ja kaunista, Ahtola kirjoitti julkaisussa.<\/p>\n<p><img decoding=\"async\" src=\"https:\/\/www.europesays.com\/fi\/wp-content\/uploads\/2026\/09\/1788627853_474_468.jpg\" alt=\"Olivia ja Johanna Oras kes\u00e4kuussa 2024.\" class=\"_Img_1rerz_1\" style=\"aspect-ratio:1920\/1279\" loading=\"eager\"\/><\/p>\n<p class=\"font-(family-name:--picture-caption-font-family) text-(length:--picture-caption-font-size) leading-(--picture-caption-leading) font-(--picture-caption-font-weight) text-(color:--picture-caption-color) picture-with-caption__caption picture-with-caption__caption--default-full\">Olivia ja Johanna Oras kes\u00e4kuussa 2024. Kuva:\u00a0Matias Honkamaa<\/p>\n<p class=\"article-body mb-(--paragraph-margin-b) px-nof-16\">Ahtola kommentoi suruaan my\u00f6s IS:lle lauantaina Miss Suomi -finaalin punaisella matolla.<\/p>\n<p class=\"article-body mb-(--paragraph-margin-b) px-nof-16\">\u2013 H\u00e4n oli valo. Aivan k\u00e4sitt\u00e4m\u00e4t\u00f6n ihminen. Ihminen, jolla on syd\u00e4n t\u00e4ynn\u00e4 kultaa. Se miten h\u00e4n kohtasi kaikki; se l\u00e4mp\u00f6 ja miten h\u00e4n sulahti meid\u00e4n perheenj\u00e4seneksemme, Ahtola sanoi IS:lle.<\/p>\n<p class=\"article-body mb-(--paragraph-margin-b) px-nof-16\">\u2013 Ennen kaikkea se, mik\u00e4 mun pojalla ja h\u00e4nell\u00e4 oli \u2013 ett\u00e4 se vied\u00e4\u00e4n kaikki pois. Ja nuori vied\u00e4\u00e4n yleens\u00e4kin pois. Se on v\u00e4\u00e4rin ja kohtuutonta. Olisi toivonut, ett\u00e4 olisi saanut jatkaa sit\u00e4 heid\u00e4n t\u00e4ysin ainutlaatuista, erityist\u00e4 yhdess\u00e4 el\u00e4mist\u00e4 ja rakkautta.<\/p>\n<p class=\"article-body mb-(--paragraph-margin-b) px-nof-16\">My\u00f6s liikemies <a class=\"font-bold underline-offset-[0.12em] [text-decoration:var(--person-link-text-decoration)] [text-decoration-color:var(--person-link-text-decoration-color)]!\" href=\"https:\/\/www.is.fi\/haku\/?query=Peter%20Vesterbacka\" rel=\"nofollow noopener\" target=\"_blank\">Peter Vesterbacka<\/a> kertoi perjantaina IS:lle j\u00e4rkyttyneens\u00e4 Olivian kuolemasta. He tunsivat toisensa t\u00f6iden kautta.<\/p>\n<p class=\"article-body mb-(--paragraph-margin-b) px-nof-16\">\u2013 Todella mukava, positiivinen, ter\u00e4v\u00e4 ja skarppi nuori nainen. T\u00e4m\u00e4 tuli t\u00e4ysin puun takaa. Tuli yll\u00e4tyksen\u00e4, kun eilen sain viestin. T\u00e4m\u00e4 on hyv\u00e4 muistutus siit\u00e4, ett\u00e4 el\u00e4m\u00e4 ei ole aina oikeudenmukaista. Nuori ihminen, virtaa ja el\u00e4m\u00e4\u00e4 t\u00e4ynn\u00e4, j\u00e4rkytt\u00e4v\u00e4\u00e4, Vesterbacka sanoi.<\/p>\n","protected":false},"excerpt":{"rendered":"Taiteilija Johanna Oras on julkaissut Instagramiin kuvan menehtyneest\u00e4 Olivia-tytt\u00e4rest\u00e4\u00e4n. Kuvassa n\u00e4kyy kuva Olivia Oraksesta ja sen vieress\u00e4 p\u00f6yd\u00e4ll\u00e4&hellip;\n","protected":false},"author":2,"featured_media":342264,"comment_status":"","ping_status":"","sticky":false,"template":"","format":"standard","meta":{"footnotes":"","_share_on_mastodon":"0"},"categories":[136],"tags":[407,137,33,31,30,34,408,32,109],"class_list":["post-342263","post","type-post","status-publish","format-standard","has-post-thumbnail","category-julkkikset","tag-celebrities","tag-entertainment","tag-fi","tag-finland","tag-finnish","tag-ilta-sanomat","tag-julkkikset","tag-suomi","tag-viihde"],"share_on_mastodon":{"url":"https:\/\/pubeurope.com\/@fi\/117219522915559369","error":""},"_links":{"self":[{"href":"https:\/\/www.europesays.com\/fi\/wp-json\/wp\/v2\/posts\/342263","targetHints":{"allow":["GET"]}}],"collection":[{"href":"https:\/\/www.europesays.com\/fi\/wp-json\/wp\/v2\/posts"}],"about":[{"href":"https:\/\/www.europesays.com\/fi\/wp-json\/wp\/v2\/types\/post"}],"author":[{"embeddable":true,"href":"https:\/\/www.europesays.com\/fi\/wp-json\/wp\/v2\/users\/2"}],"replies":[{"embeddable":true,"href":"https:\/\/www.europesays.com\/fi\/wp-json\/wp\/v2\/comments?post=342263"}],"version-history":[{"count":0,"href":"https:\/\/www.europesays.com\/fi\/wp-json\/wp\/v2\/posts\/342263\/revisions"}],"wp:featuredmedia":[{"embeddable":true,"href":"https:\/\/www.europesays.com\/fi\/wp-json\/wp\/v2\/media\/342264"}],"wp:attachment":[{"href":"https:\/\/www.europesays.com\/fi\/wp-json\/wp\/v2\/media?parent=342263"}],"wp:term":[{"taxonomy":"category","embeddable":true,"href":"https:\/\/www.europesays.com\/fi\/wp-json\/wp\/v2\/categories?post=342263"},{"taxonomy":"post_tag","embeddable":true,"href":"https:\/\/www.europesays.com\/fi\/wp-json\/wp\/v2\/tags?post=342263"}],"curies":[{"name":"wp","href":"https:\/\/api.w.org\/{rel}","templated":true}]}}