{"id":342277,"date":"2026-09-05T17:30:15","date_gmt":"2026-09-05T17:30:15","guid":{"rendered":"https:\/\/www.europesays.com\/fi\/342277\/"},"modified":"2026-09-05T17:30:15","modified_gmt":"2026-09-05T17:30:15","slug":"vappu-pimian-tunteikas-paiva-haat-ja-hautajaiset","status":"publish","type":"post","link":"https:\/\/www.europesays.com\/fi\/342277\/","title":{"rendered":"Vappu Pimi\u00e4n tunteikas p\u00e4iv\u00e4: H\u00e4\u00e4t ja hautajaiset"},"content":{"rendered":"<p>\n            20251005, Helsinki. Tanssi t\u00e4htien kanssa live l\u00e4hetys. Kuvassa Vappu Pimi\u00e4.<br \/>\n            Timo Korhonen\n        <\/p>\n<p class=\"subtitle \">Suosikkijuontaja Vappu Pimi\u00e4 jakoi kuulumisiaan Keski-Suomesta.<\/p>\n<p class=\"article-content article-content-width !bg-background\">Juontaja  viett\u00e4\u00e4 viikonloppuaan Jyv\u00e4skyl\u00e4ss\u00e4. T\u00e4ll\u00e4 kertaa h\u00e4n ei kuitenkaan ole reissussa ty\u00f6ns\u00e4 puolesta, vaan lauantai on t\u00e4ynn\u00e4 muuta ohjelmaa.<\/p>\n<p class=\"article-content article-content-width !bg-background\">Nimitt\u00e4in.<\/p>\n<p class=\"article-content article-content-width !bg-background\">Vappu kertoi lauantaiaamuna (5.9.) <a href=\"https:\/\/www.instagram.com\/vappendaali\/\" aria-label=\"Vappu Pimi\u00e4n Instagram\" target=\"_blank\" rel=\"nofollow noopener\">Instagram-tilins\u00e4<\/a> tarinat-osiossa julkaisemallaan videolla, ett\u00e4 p\u00e4iv\u00e4st\u00e4 on tulossa erikoinen.<\/p>\n<p>        <a itemprop=\"url\" href=\"https:\/\/www.seiska.fi\/katso\/ttkn-jattanyt-vappu-pimia-paljastaa-vihdoin-suunnitelmansa\/2238378\" rel=\"nofollow noopener\" target=\"_blank\"><\/p>\n<p>\nVappu Pimi\u00e4:\n<\/p>\n<p class=\"section-date\">\n        <strong class=\"article-section\" data-section=\"katso\"><br \/>\n            katso<br \/>\n        <\/strong><br \/>\n        24.8. 11:15\n    <\/p>\n<p>TTK:n j\u00e4tt\u00e4nyt Vappu Pimi\u00e4 paljastaa vihdoin suunnitelmansa\n    <\/p>\n<p itemprop=\"description\" class=\"subtitle \">\n    Vappu Pimi\u00e4 ei kadu p\u00e4\u00e4t\u00f6st\u00e4\u00e4n.\n<\/p>\n<p>        <\/a><\/p>\n<p>&#8221;Tunteikas p\u00e4iv\u00e4&#8221;<\/p>\n<p class=\"article-content article-content-width !bg-background\">Tummiin pukeutunut Vappu kertoo videollaan, ett\u00e4 p\u00e4iv\u00e4n ohjelmassa on sek\u00e4 h\u00e4\u00e4t ett\u00e4 hautajaiset. Edess\u00e4 on siis kilometrej\u00e4 ratin takana.<\/p>\n<p class=\"article-content article-content-width !bg-background\"> \u2013\u00a0Ensin hautajaiset t\u00e4\u00e4ll\u00e4 Keski-Suomessa, sitten otan Erkki Metsolan kyytiin ja ajan tukka putkella lapsuudenyst\u00e4v\u00e4ni h\u00e4ihin Hankoon.\u00a0<\/p>\n<p class=\"article-content article-content-width !bg-background\"> \u2013\u00a0Aika tunteikas p\u00e4iv\u00e4 luvassa monessa mieless\u00e4. Mutta el\u00e4m\u00e4\u00e4, Vappu toteaa.<\/p>\n<p>                <img decoding=\"async\" src=\"https:\/\/www.europesays.com\/fi\/wp-content\/uploads\/2026\/09\/2238385.webp\" width=\"576\" height=\"720\" alt=\"Vappu Pimi\u00e4 kuuluu Suomen suosituimpiin juontajiin. TTK-parketin j\u00e4tt\u00e4misen j\u00e4lkeen kalenterin on t\u00e4ytt\u00e4nyt uudet projektit. Kuva elokuulta 2026.\" loading=\"lazy\" \/>            <\/p>\n<p>\n            Vappu Pimi\u00e4 kuuluu Suomen suosituimpiin juontajiin. TTK-parketin j\u00e4tt\u00e4misen j\u00e4lkeen kalenterin on t\u00e4ytt\u00e4nyt uudet projektit. Kuva elokuulta 2026.<br \/>\n            Atte Kajova\n        <\/p>\n<p>        <a itemprop=\"url\" href=\"https:\/\/www.seiska.fi\/katso\/vappu-pimia-vastaa-bb-huhuihin\/2238476\" rel=\"nofollow noopener\" target=\"_blank\"><\/p>\n<p>\nVappu Pimi\u00e4:\n<\/p>\n<p class=\"section-date\">\n        <strong class=\"article-section\" data-section=\"katso\"><br \/>\n            katso<br \/>\n        <\/strong><br \/>\n        25.8. 05:15\n    <\/p>\n<p>Vappu Pimi\u00e4 vastaa BB-huhuihin\n    <\/p>\n<p itemprop=\"description\" class=\"subtitle \">\n    Vappu Pimi\u00e4n ura l\u00e4hti nousukiitoon Big Brother Suomen my\u00f6t\u00e4.\n<\/p>\n<p>        <\/a><\/p>\n<p class=\"article-content article-content-width !bg-background\">Erkki Metsola viittaa Vapun aviomieheen .\u00a0<\/p>\n<p class=\"article-content article-content-width !bg-background\">Vappu julkaisi tarinassaan my\u00f6s lyhyen videon kirkossa j\u00e4rjestetyst\u00e4 siunaustilaisuudesta: siin\u00e4 n\u00e4kyy valkoinen hauta-arkku, ja taustalla kuuluu pehme\u00e4\u00e4 urkumusiikkia.<\/p>\n<p class=\"article-content article-content-width !bg-background\">Instagramin tarinat ovat katsottavissa vuorokauden ajan julkaisustaan.<\/p>\n<p>Menetti rakkaan kummit\u00e4tins\u00e4 elokuussa<\/p>\n<p class=\"article-content article-content-width !bg-background\">Vappu kertoi elokuun puoliv\u00e4liss\u00e4 surullisen uutisen: h\u00e4nen rakas kummit\u00e4tins\u00e4 kuoli 89 vuoden ik\u00e4isen\u00e4.<\/p>\n<p>        <a itemprop=\"url\" href=\"https:\/\/www.seiska.fi\/kotimaa\/vappu-pimia-suuri-suru-ei-ehtinyt-hyvastelemaan-laheistaan\/2238365\" rel=\"nofollow noopener\" target=\"_blank\"><\/p>\n<p>\nEi ehtinyt hyv\u00e4stelem\u00e4\u00e4n\n<\/p>\n<p class=\"section-date\">\n        <strong class=\"article-section\" data-section=\"kotimaa\"><br \/>\n            kotimaa<br \/>\n        <\/strong><br \/>\n        19.8. 08:00\n    <\/p>\n<p>Vappu Pimi\u00e4: Suuri suru \u2013 ei ehtinyt hyv\u00e4stelem\u00e4\u00e4n l\u00e4heist\u00e4\u00e4n\n    <\/p>\n<p itemprop=\"description\" class=\"subtitle \">\n    Vappu kertoo surullisia uutisia, mutta my\u00f6s iloisia.\n<\/p>\n<p>        <\/a><\/p>\n<p class=\"article-content article-content-width !bg-background\"> \u2013\u00a0Olin viel\u00e4 eilen ajamassa Keski-Suomeen j\u00e4tt\u00e4m\u00e4\u00e4n h\u00e4nelle hyv\u00e4stit, mutta en ehtinyt matkaan, kun sain tiedon, ett\u00e4 h\u00e4n oli siirtynyt ajasta ikuisuuteen, Vappu kirjoitti tuolloin Instagramissaan.<\/p>\n<p class=\"article-content article-content-width !bg-background\">Kaksikko oli kuitenkin aktiivisesti yhteydess\u00e4.<\/p>\n<p class=\"article-content article-content-width !bg-background\"> \u2013\u00a0Onneksi kuitenkin soiteltiin usein ja tavattiin vastik\u00e4\u00e4n, eik\u00e4 mit\u00e4\u00e4n j\u00e4\u00e4nyt sanomatta. <\/p>\n<p><script async src=\"\/\/www.instagram.com\/embed.js\"><\/script><\/p>\n","protected":false},"excerpt":{"rendered":"20251005, Helsinki. Tanssi t\u00e4htien kanssa live l\u00e4hetys. Kuvassa Vappu Pimi\u00e4. Timo Korhonen Suosikkijuontaja Vappu Pimi\u00e4 jakoi kuulumisiaan Keski-Suomesta.&hellip;\n","protected":false},"author":2,"featured_media":342278,"comment_status":"","ping_status":"","sticky":false,"template":"","format":"standard","meta":{"footnotes":"","_share_on_mastodon":"0"},"categories":[136],"tags":[407,10909,137,33,31,30,1208,3958,408,425,474,32,8054,1896,109],"class_list":["post-342277","post","type-post","status-publish","format-standard","has-post-thumbnail","category-julkkikset","tag-celebrities","tag-elama","tag-entertainment","tag-fi","tag-finland","tag-finnish","tag-haat","tag-hautajaiset","tag-julkkikset","tag-jyvaskyla","tag-keski-suomi","tag-suomi","tag-teemu-huuhtanen","tag-vappu-pimia","tag-viihde"],"share_on_mastodon":{"url":"https:\/\/pubeurope.com\/@fi\/117219625075429251","error":""},"_links":{"self":[{"href":"https:\/\/www.europesays.com\/fi\/wp-json\/wp\/v2\/posts\/342277","targetHints":{"allow":["GET"]}}],"collection":[{"href":"https:\/\/www.europesays.com\/fi\/wp-json\/wp\/v2\/posts"}],"about":[{"href":"https:\/\/www.europesays.com\/fi\/wp-json\/wp\/v2\/types\/post"}],"author":[{"embeddable":true,"href":"https:\/\/www.europesays.com\/fi\/wp-json\/wp\/v2\/users\/2"}],"replies":[{"embeddable":true,"href":"https:\/\/www.europesays.com\/fi\/wp-json\/wp\/v2\/comments?post=342277"}],"version-history":[{"count":0,"href":"https:\/\/www.europesays.com\/fi\/wp-json\/wp\/v2\/posts\/342277\/revisions"}],"wp:featuredmedia":[{"embeddable":true,"href":"https:\/\/www.europesays.com\/fi\/wp-json\/wp\/v2\/media\/342278"}],"wp:attachment":[{"href":"https:\/\/www.europesays.com\/fi\/wp-json\/wp\/v2\/media?parent=342277"}],"wp:term":[{"taxonomy":"category","embeddable":true,"href":"https:\/\/www.europesays.com\/fi\/wp-json\/wp\/v2\/categories?post=342277"},{"taxonomy":"post_tag","embeddable":true,"href":"https:\/\/www.europesays.com\/fi\/wp-json\/wp\/v2\/tags?post=342277"}],"curies":[{"name":"wp","href":"https:\/\/api.w.org\/{rel}","templated":true}]}}