{"id":342281,"date":"2026-09-05T17:38:12","date_gmt":"2026-09-05T17:38:12","guid":{"rendered":"https:\/\/www.europesays.com\/fi\/342281\/"},"modified":"2026-09-05T17:38:12","modified_gmt":"2026-09-05T17:38:12","slug":"klaus-haron-uudessa-elokuvassa-hoitoalan-kriisi-tulee-iholle-jos-halutaan-pitaa-huolta-heikoimmasta-taytyy-myos-pitaa-huolta-hanen-hoitajastaan-paikalliset","status":"publish","type":"post","link":"https:\/\/www.europesays.com\/fi\/342281\/","title":{"rendered":"Klaus H\u00e4r\u00f6n uudessa elokuvassa hoitoalan kriisi tulee iholle \u2013\u2009&#8221;Jos halutaan pit\u00e4\u00e4 huolta heikoimmasta, t\u00e4ytyy my\u00f6s pit\u00e4\u00e4 huolta h\u00e4nen hoitajastaan&#8221; | Paikalliset"},"content":{"rendered":"<p>Porvoolaisohjaajan draamassa loistavat eturivin n\u00e4yttelij\u00e4t.<\/p>\n<p>Porvoolainen palkittu ohjaaja <strong>Klaus H\u00e4r\u00f6<\/strong>, 55, ei ole tunnettu elokuvista, joiden teema olisi A-Studiosta tuttu. H\u00e4nen kymmenes pitk\u00e4 elokuvansa, 11. syyskuuta ensi-iltansa saava Hetki ennen valoa muuttaa asiantilan. H\u00e4r\u00f6 on tarttunut hoitoalan kriisiin, joka on vellonut Suomessa laskutavasta riippuen jopa parin vuosikymmenen ajan.<\/p>\n","protected":false},"excerpt":{"rendered":"Porvoolaisohjaajan draamassa loistavat eturivin n\u00e4yttelij\u00e4t. Porvoolainen palkittu ohjaaja Klaus H\u00e4r\u00f6, 55, ei ole tunnettu elokuvista, joiden teema olisi&hellip;\n","protected":false},"author":2,"featured_media":342282,"comment_status":"","ping_status":"","sticky":false,"template":"","format":"standard","meta":{"footnotes":"","_share_on_mastodon":"0"},"categories":[130],"tags":[155,137,33,31,30,46,104,42176,154,620,32,679,140,156,109],"class_list":["post-342281","post","type-post","status-publish","format-standard","has-post-thumbnail","category-viihde","tag-elokuvat","tag-entertainment","tag-fi","tag-finland","tag-finnish","tag-helsingin-sanomat","tag-helsinki","tag-merikapteeni","tag-nayttelijat-teatteri","tag-porvoo","tag-suomi","tag-terveydenhuollon-toimintalaitokset","tag-tv-ja-elokuvat","tag-tv","tag-viihde"],"share_on_mastodon":{"url":"https:\/\/pubeurope.com\/@fi\/117219656413512361","error":""},"_links":{"self":[{"href":"https:\/\/www.europesays.com\/fi\/wp-json\/wp\/v2\/posts\/342281","targetHints":{"allow":["GET"]}}],"collection":[{"href":"https:\/\/www.europesays.com\/fi\/wp-json\/wp\/v2\/posts"}],"about":[{"href":"https:\/\/www.europesays.com\/fi\/wp-json\/wp\/v2\/types\/post"}],"author":[{"embeddable":true,"href":"https:\/\/www.europesays.com\/fi\/wp-json\/wp\/v2\/users\/2"}],"replies":[{"embeddable":true,"href":"https:\/\/www.europesays.com\/fi\/wp-json\/wp\/v2\/comments?post=342281"}],"version-history":[{"count":0,"href":"https:\/\/www.europesays.com\/fi\/wp-json\/wp\/v2\/posts\/342281\/revisions"}],"wp:featuredmedia":[{"embeddable":true,"href":"https:\/\/www.europesays.com\/fi\/wp-json\/wp\/v2\/media\/342282"}],"wp:attachment":[{"href":"https:\/\/www.europesays.com\/fi\/wp-json\/wp\/v2\/media?parent=342281"}],"wp:term":[{"taxonomy":"category","embeddable":true,"href":"https:\/\/www.europesays.com\/fi\/wp-json\/wp\/v2\/categories?post=342281"},{"taxonomy":"post_tag","embeddable":true,"href":"https:\/\/www.europesays.com\/fi\/wp-json\/wp\/v2\/tags?post=342281"}],"curies":[{"name":"wp","href":"https:\/\/api.w.org\/{rel}","templated":true}]}}