{"id":342291,"date":"2026-09-05T17:56:12","date_gmt":"2026-09-05T17:56:12","guid":{"rendered":"https:\/\/www.europesays.com\/fi\/342291\/"},"modified":"2026-09-05T17:56:12","modified_gmt":"2026-09-05T17:56:12","slug":"osmo-avautui-isastaan-peltsista-ylella-valilla-iska-ragee","status":"publish","type":"post","link":"https:\/\/www.europesays.com\/fi\/342291\/","title":{"rendered":"Osmo avautui is\u00e4st\u00e4\u00e4n Peltsist\u00e4 Ylell\u00e4: \u201dV\u00e4lill\u00e4 isk\u00e4 ragee&#8230;\u201d"},"content":{"rendered":"<p>Yleis\u00f6 nauroi Osmon ja Peltsin sanailulle.<\/p>\n<p><img decoding=\"async\" src=\"https:\/\/www.europesays.com\/fi\/wp-content\/uploads\/2026\/09\/1788630972_91_468.jpg\" alt=\"Poika Osmo Peltola ja is\u00e4 Mikko \u201dPeltsi\u201d Peltola.\" class=\"_Img_1rerz_1\" style=\"aspect-ratio:1920\/1080\" loading=\"eager\"\/><\/p>\n<p class=\"font-(family-name:--picture-caption-font-family) text-(length:--picture-caption-font-size) leading-(--picture-caption-leading) font-(--picture-caption-font-weight) text-(color:--picture-caption-color)\">Poika Osmo Peltola ja is\u00e4 Mikko \u201dPeltsi\u201d Peltola. Kuva:\u00a0Janne Aaltonen \/ IS<\/p>\n<p class=\"article-body mb-(--paragraph-margin-b) px-nof-16\">Luontoseikkailuistaan tunnetut, tv:st\u00e4 tutut is\u00e4 ja poika <a class=\"font-bold underline-offset-[0.12em] [text-decoration:var(--person-link-text-decoration)] [text-decoration-color:var(--person-link-text-decoration-color)]!\" href=\"https:\/\/www.is.fi\/haku\/?query=Mikko%20%E2%80%9DPeltsi%E2%80%9D\" rel=\"nofollow noopener\" target=\"_blank\">Mikko \u201dPeltsi\u201d <\/a>ja <a class=\"font-bold underline-offset-[0.12em] [text-decoration:var(--person-link-text-decoration)] [text-decoration-color:var(--person-link-text-decoration-color)]!\" href=\"https:\/\/www.is.fi\/haku\/?query=Osmo%20Peltola\" rel=\"nofollow noopener\" target=\"_blank\">Osmo Peltola<\/a> sanailivat syd\u00e4mellisesti toisilleen Ylen 100 Show -juhlal\u00e4hetyksess\u00e4.<\/p>\n<p class=\"article-body mb-(--paragraph-margin-b) px-nof-16\">Juontaja <a class=\"font-bold underline-offset-[0.12em] [text-decoration:var(--person-link-text-decoration)] [text-decoration-color:var(--person-link-text-decoration-color)]!\" href=\"https:\/\/www.is.fi\/haku\/?query=Mikko%20Kek%C3%A4l%C3%A4inen\" rel=\"nofollow noopener\" target=\"_blank\">Mikko Kek\u00e4l\u00e4inen<\/a> kysyi, mik\u00e4 varuste Osmolla on aina mukana luonnossa liikkuessa.<\/p>\n<p class=\"article-body mb-(--paragraph-margin-b) px-nof-16\">\u2013 Housut ja takki, Osmo vastasi.<\/p>\n<p class=\"article-body mb-(--paragraph-margin-b) px-nof-16\">\u2013 Kyll\u00e4 me housut laitetaan jalkaan, Peltsi nauroi.<\/p>\n<p class=\"article-body mb-(--paragraph-margin-b) px-nof-16\">Kek\u00e4l\u00e4inen kysyi, onko koskaan tullut mieleen l\u00e4hte\u00e4 luontoon ilman housuja.<\/p>\n<p class=\"article-body mb-(--paragraph-margin-b) px-nof-16\">\u2013 On usein. Mutta viel\u00e4 on pid\u00e4tt\u00e4ydytty t\u00e4ss\u00e4 asiallisella linjalla, Peltsi sanoi.<\/p>\n<p class=\"article-body mb-(--paragraph-margin-b) px-nof-16\">Kek\u00e4l\u00e4inen tiedusteli, onko is\u00e4n kanssa mukavaa olla my\u00f6s arkisin kotona, ei vain luonnossa.<\/p>\n<p class=\"article-body mb-(--paragraph-margin-b) px-nof-16\">\u2013 No joo, v\u00e4lill\u00e4 isk\u00e4 ragee mulle nukkumisesta v\u00e4h\u00e4n, Osmo sanoi.<\/p>\n<p class=\"article-body mb-(--paragraph-margin-b) px-nof-16\">\u201dRageeko\u201d Osmo is\u00e4lleen, Kek\u00e4l\u00e4inen kysyi viel\u00e4.<\/p>\n<p class=\"article-body mb-(--paragraph-margin-b) px-nof-16\">\u2013 Ei ikin\u00e4. Ihan t\u00e4ys enkeli. Ihana poika, Peltsi vastasi.<\/p>\n<p class=\"article-body mb-(--paragraph-margin-b) px-nof-16\">Yleis\u00f6n naurunremakka kuului selv\u00e4sti l\u00e4hetyksen taustalla. Yle 100 Show j\u00e4rjestettiin lauantaina Veikkaus-areenassa Helsingiss\u00e4.<\/p>\n<p class=\"article-body mb-(--paragraph-margin-b) px-nof-16\">Mikko Peltola on pitk\u00e4n linjan mediakonkari. Poika Osmo nousi julkisuuteen vuonna 2024 Peltsi ja Osmo -ohjelmasta, jossa kaksikko teki erilaisia luontoretki\u00e4.<\/p>\n<p class=\"article-body mb-(--paragraph-margin-b) px-nof-16\">Vuonna 2025 Osmo esiintyi my\u00f6s ohjelmassa Peltsin toinen luonto.<\/p>\n","protected":false},"excerpt":{"rendered":"Yleis\u00f6 nauroi Osmon ja Peltsin sanailulle. Poika Osmo Peltola ja is\u00e4 Mikko \u201dPeltsi\u201d Peltola. Kuva:\u00a0Janne Aaltonen \/ IS&hellip;\n","protected":false},"author":2,"featured_media":342292,"comment_status":"","ping_status":"","sticky":false,"template":"","format":"standard","meta":{"footnotes":"","_share_on_mastodon":"0"},"categories":[136],"tags":[407,137,33,31,30,34,408,32,109],"class_list":["post-342291","post","type-post","status-publish","format-standard","has-post-thumbnail","category-julkkikset","tag-celebrities","tag-entertainment","tag-fi","tag-finland","tag-finnish","tag-ilta-sanomat","tag-julkkikset","tag-suomi","tag-viihde"],"share_on_mastodon":{"url":"https:\/\/pubeurope.com\/@fi\/117219727290968880","error":""},"_links":{"self":[{"href":"https:\/\/www.europesays.com\/fi\/wp-json\/wp\/v2\/posts\/342291","targetHints":{"allow":["GET"]}}],"collection":[{"href":"https:\/\/www.europesays.com\/fi\/wp-json\/wp\/v2\/posts"}],"about":[{"href":"https:\/\/www.europesays.com\/fi\/wp-json\/wp\/v2\/types\/post"}],"author":[{"embeddable":true,"href":"https:\/\/www.europesays.com\/fi\/wp-json\/wp\/v2\/users\/2"}],"replies":[{"embeddable":true,"href":"https:\/\/www.europesays.com\/fi\/wp-json\/wp\/v2\/comments?post=342291"}],"version-history":[{"count":0,"href":"https:\/\/www.europesays.com\/fi\/wp-json\/wp\/v2\/posts\/342291\/revisions"}],"wp:featuredmedia":[{"embeddable":true,"href":"https:\/\/www.europesays.com\/fi\/wp-json\/wp\/v2\/media\/342292"}],"wp:attachment":[{"href":"https:\/\/www.europesays.com\/fi\/wp-json\/wp\/v2\/media?parent=342291"}],"wp:term":[{"taxonomy":"category","embeddable":true,"href":"https:\/\/www.europesays.com\/fi\/wp-json\/wp\/v2\/categories?post=342291"},{"taxonomy":"post_tag","embeddable":true,"href":"https:\/\/www.europesays.com\/fi\/wp-json\/wp\/v2\/tags?post=342291"}],"curies":[{"name":"wp","href":"https:\/\/api.w.org\/{rel}","templated":true}]}}