{"id":342295,"date":"2026-09-05T18:04:13","date_gmt":"2026-09-05T18:04:13","guid":{"rendered":"https:\/\/www.europesays.com\/fi\/342295\/"},"modified":"2026-09-05T18:04:13","modified_gmt":"2026-09-05T18:04:13","slug":"esikoisen-saanut-jenni-poikelus-nousi-lavalle","status":"publish","type":"post","link":"https:\/\/www.europesays.com\/fi\/342295\/","title":{"rendered":"Esikoisen saanut Jenni Poikelus nousi lavalle"},"content":{"rendered":"<p>Hein\u00e4kuun lopulla synnytt\u00e4nyt Jenni Poikelus asteli lauantai-iltana Ylen suoraan l\u00e4hetykseen.<\/p>\n<p><img decoding=\"async\" class=\"image image-show image-preview\" src=\"https:\/\/www.europesays.com\/fi\/wp-content\/uploads\/2026\/09\/65fe10dc75ef4bb3572df2f78fdeb7ec1ebaa2a115c9f841af7eac143590fac5.jpg\" alt=\"\"\/><img decoding=\"async\" class=\"image image-show\" src=\"https:\/\/www.europesays.com\/fi\/wp-content\/uploads\/2026\/09\/1788631453_824_65fe10dc75ef4bb3572df2f78fdeb7ec1ebaa2a115c9f841af7eac143590fac5.jpg\" alt=\"\"\/><\/p>\n<p>Sonja Kailassaari, Jenni Poikelus ja Mikko Kek\u00e4l\u00e4inen juontavat Yle 100 -show&#8217;n. Anne H\u00e4m\u00e4l\u00e4inen, Yle<\/p>\n<p class=\"paragraph\">Ylen 100-vuotisjuhlakonsertti j\u00e4rjestet\u00e4\u00e4n lauantaina Helsingiss\u00e4 Veikkaus-areenalla. Suoraa <a href=\"https:\/\/areena.yle.fi\/1-78059433\" target=\"_blank\" rel=\"noopener nofollow\">Yle 100 Show<\/a> -l\u00e4hetyst\u00e4 juontavat <strong>Sonja Kailassaari<\/strong>, <strong>Mikko Kek\u00e4l\u00e4inen<\/strong> ja <strong>Jenni Poikelus<\/strong>.<\/p>\n<p class=\"paragraph\">Hein\u00e4kuun loppupuolella <a href=\"https:\/\/www.iltalehti.fi\/viihdeuutiset\/13024ca9-898f-4185-acb3-5f53a869889e\" rel=\"nofollow noopener\" target=\"_blank\">synnytt\u00e4nyt<\/a> Poikelus nousi lavalle kultaisessa asukokonaisuudessa. Kultaisen takin alta pilkotti sinert\u00e4v\u00e4 paita. Asukokonaisuuden<\/p>\n<p class=\"paragraph\">\u2013 Tervetuloa rakkaat ihmiset loppuunmyydylle Helsingin Areenalle Ylen 100-vuotissyntt\u00e4reille, Poikelus lausui ensimm\u00e4iset sanansa l\u00e4hetyksess\u00e4.<\/p>\n<p class=\"paragraph\">Pian Kek\u00e4l\u00e4inen nosti esille, ett\u00e4 Poikelus on ottanut ensimm\u00e4iset askeleensa vanhempana. Kek\u00e4l\u00e4inen uteli, onko Poikeluksen vauva ottanut haltuun Ylen Pikku kakkonen -ohjelman.<\/p>\n<p class=\"paragraph\">\u2013 No joo, heti synnytyslaitoksella suoritin kansalaisvelvollisuuteni ja Yle Areenasta lastenohjelmia esittelin, Poikelus vastasi humoristisesti.<\/p>\n<p>Jenni Poikeluksen esikoinen syntyi hein\u00e4kuussa. Pete Anikari<\/p>\n<p class=\"paragraph\">Edellisen\u00e4 iltana Poikelus julkaisi <a href=\"https:\/\/www.instagram.com\/jennipoikelus\/\" target=\"_blank\" rel=\"noopener nofollow\">Instagram<\/a>-tarinoissaan kuvia juontoharjoituksista. Ensimm\u00e4isess\u00e4 kuvassa Poikelus julkaisi kuvan juontokortistaan. H\u00e4n kertoi humoristisesti l\u00f6yt\u00e4neens\u00e4 lopulta perille konserttipaikalle, vaikka itku oli meinasi tulla. Instagram-tarinat ovat n\u00e4ht\u00e4viss\u00e4 24 tuntia julkaisusta.<\/p>\n<p class=\"paragraph\">\u2013 Siin\u00e4 vaiheessa, kun pamahdin johonkin autohalliin, meinasin alkaa itke\u00e4. Mutta nyt kaikki on hyvin, kiitos kysym\u00e4st\u00e4, Poikelus kirjoitti.<\/p>\n<p class=\"paragraph\">Toisessa otoksessa n\u00e4kyi tapahtumapaikan n\u00e4ytt\u00f6, jossa Poikelus ja Kailassaari vaikuttivat nauravan hymyilev\u00e4n Kek\u00e4l\u00e4isen vieress\u00e4. Poikelus oli pukeutunut rentoihin tummiin vaatteisiin.<\/p>\n<p class=\"paragraph\">Poikelus ilmoitti maaliskuussa odottavansa esikoistaan. Poikelus on ollut vaitonainen lapsensa is\u00e4st\u00e4, mutta <a href=\"https:\/\/www.iltalehti.fi\/viihdeuutiset\/3a88c340-166f-4926-81e4-20337314ebc8\" rel=\"nofollow noopener\" target=\"_blank\">on tehnyt somessa selv\u00e4ksi<\/a>, ettei h\u00e4n ole itsellinen \u00e4iti.<\/p>\n<p class=\"paragraph\">\u2013 Lapsella on is\u00e4 ja se on kumppanini, Poikelus totesi tuolloin Instagram-tarinoissaan.<\/p>\n<p class=\"paragraph\">Yle 100 Show -konsertissa esiintyv\u00e4t muun muassa <strong>K\u00e4\u00e4rij\u00e4<\/strong>, <strong>Mirella<\/strong>, <strong>Jenni Vartiainen<\/strong>, <strong>Hector<\/strong>, <strong>Anna Puu<\/strong>, <strong>JVG<\/strong> ja <strong>Erika Vikman<\/strong>. Konsertti on katsottavissa Yle Areenasta.<\/p>\n<p><script async src=\"\/\/www.instagram.com\/embed.js\"><\/script><\/p>\n","protected":false},"excerpt":{"rendered":"Hein\u00e4kuun lopulla synnytt\u00e4nyt Jenni Poikelus asteli lauantai-iltana Ylen suoraan l\u00e4hetykseen. Sonja Kailassaari, Jenni Poikelus ja Mikko Kek\u00e4l\u00e4inen juontavat&hellip;\n","protected":false},"author":2,"featured_media":342296,"comment_status":"","ping_status":"","sticky":false,"template":"","format":"standard","meta":{"footnotes":"","_share_on_mastodon":"0"},"categories":[130],"tags":[35,138,137,33,31,30,99,100,47,98,32,109],"class_list":["post-342295","post","type-post","status-publish","format-standard","has-post-thumbnail","category-viihde","tag-24h","tag-audio","tag-entertainment","tag-fi","tag-finland","tag-finnish","tag-lapset","tag-lapset-ja-nuoret","tag-musiikki","tag-perhe","tag-suomi","tag-viihde"],"share_on_mastodon":{"url":"https:\/\/pubeurope.com\/@fi\/117219758832876821","error":""},"_links":{"self":[{"href":"https:\/\/www.europesays.com\/fi\/wp-json\/wp\/v2\/posts\/342295","targetHints":{"allow":["GET"]}}],"collection":[{"href":"https:\/\/www.europesays.com\/fi\/wp-json\/wp\/v2\/posts"}],"about":[{"href":"https:\/\/www.europesays.com\/fi\/wp-json\/wp\/v2\/types\/post"}],"author":[{"embeddable":true,"href":"https:\/\/www.europesays.com\/fi\/wp-json\/wp\/v2\/users\/2"}],"replies":[{"embeddable":true,"href":"https:\/\/www.europesays.com\/fi\/wp-json\/wp\/v2\/comments?post=342295"}],"version-history":[{"count":0,"href":"https:\/\/www.europesays.com\/fi\/wp-json\/wp\/v2\/posts\/342295\/revisions"}],"wp:featuredmedia":[{"embeddable":true,"href":"https:\/\/www.europesays.com\/fi\/wp-json\/wp\/v2\/media\/342296"}],"wp:attachment":[{"href":"https:\/\/www.europesays.com\/fi\/wp-json\/wp\/v2\/media?parent=342295"}],"wp:term":[{"taxonomy":"category","embeddable":true,"href":"https:\/\/www.europesays.com\/fi\/wp-json\/wp\/v2\/categories?post=342295"},{"taxonomy":"post_tag","embeddable":true,"href":"https:\/\/www.europesays.com\/fi\/wp-json\/wp\/v2\/tags?post=342295"}],"curies":[{"name":"wp","href":"https:\/\/api.w.org\/{rel}","templated":true}]}}