{"id":342299,"date":"2026-09-05T18:08:14","date_gmt":"2026-09-05T18:08:14","guid":{"rendered":"https:\/\/www.europesays.com\/fi\/342299\/"},"modified":"2026-09-05T18:08:14","modified_gmt":"2026-09-05T18:08:14","slug":"stubb-keskusteli-trumpin-vavyn-kanssa","status":"publish","type":"post","link":"https:\/\/www.europesays.com\/fi\/342299\/","title":{"rendered":"Stubb keskusteli Trumpin v\u00e4vyn kanssa"},"content":{"rendered":"<p>Tasavallan presidentti Alexander Stubb ja Jared Kushner eiv\u00e4t tavanneet toisiaan, vaikka Yhdysvaltain lentokone pys\u00e4htyi Helsinki-Vantaalla ennen Moskovaa.<\/p>\n<p><img decoding=\"async\" class=\"image image-show image-preview\" src=\"https:\/\/www.europesays.com\/fi\/wp-content\/uploads\/2026\/09\/9596c116c584ec85043a4d060311fb8174d2a43e1956047b66679f0732592820.jpg\" alt=\"\"\/><img decoding=\"async\" class=\"image image-show\" src=\"https:\/\/www.europesays.com\/fi\/wp-content\/uploads\/2026\/09\/1788631694_555_9596c116c584ec85043a4d060311fb8174d2a43e1956047b66679f0732592820.jpg\" alt=\"\"\/><\/p>\n<p>Alexander Stubb puhui Jared Kushnerin kanssa puhelimessa. Miia Sir\u00e9n<\/p>\n<p class=\"paragraph\">Tasavallan presidentti <strong>Alexander Stubb<\/strong> on keskustellut presidentti <a href=\"https:\/\/www.iltalehti.fi\/henkilot\/Donald Trump\" class=\"article-link-person-page\" rel=\"nofollow noopener\" target=\"_blank\">Donald Trumpin<\/a> rauhanl\u00e4hettil\u00e4\u00e4n <a href=\"https:\/\/www.iltalehti.fi\/henkilot\/Jared Kushner\" class=\"article-link-person-page\" rel=\"nofollow noopener\" target=\"_blank\">Jared Kushnerin<\/a> kanssa.<\/p>\n<p class=\"paragraph\">Asia vahvistetaan Iltalehdelle tasavallan presidentin kansliasta.<\/p>\n<p class=\"paragraph\">Stubb ja Kushner keskustelivat Ukrainan tilanteesta ja rauhanpyrkimyksist\u00e4.<\/p>\n<p class=\"paragraph\">Yhdysvaltojen ilmavoimien kone pys\u00e4htyi t\u00e4n\u00e4\u00e4n lauantaina pariksi tunniksi Helsinki-Vantaan lentokent\u00e4lle ja jatkoi siit\u00e4 Moskovaan.<\/p>\n<p class=\"paragraph\">Kyydiss\u00e4 olivat Kushner ja Trumpin toinen rauhanl\u00e4hettil\u00e4s <strong>Steven Witkoff<\/strong>. Mediatietojen mukaan he matkustivat tapaamaan Ven\u00e4j\u00e4n presidentti <a href=\"https:\/\/www.iltalehti.fi\/henkilot\/Vladimir Putin\" class=\"article-link-person-page\" rel=\"nofollow noopener\" target=\"_blank\">Vladimir Putinia<\/a>.<\/p>\n<p class=\"paragraph\">Stubb ja Kushner eiv\u00e4t tavanneet kasvokkain, vaan puhuivat puhelimitse perjantaina ja lauantaina, presidentin kansliasta kerrotaan.<\/p>\n<p class=\"paragraph\">Keskusteluista <a href=\"https:\/\/www.is.fi\/politiikka\/art-2000012254707.html\" target=\"_blank\" rel=\"noopener nofollow\">kertoi<\/a> ensin Ilta-Sanomat.<\/p>\n","protected":false},"excerpt":{"rendered":"Tasavallan presidentti Alexander Stubb ja Jared Kushner eiv\u00e4t tavanneet toisiaan, vaikka Yhdysvaltain lentokone pys\u00e4htyi Helsinki-Vantaalla ennen Moskovaa. Alexander&hellip;\n","protected":false},"author":2,"featured_media":342300,"comment_status":"","ping_status":"","sticky":false,"template":"","format":"standard","meta":{"footnotes":"","_share_on_mastodon":"0"},"categories":[14],"tags":[35,22,23,26,27,33,31,30,17,24,25,28,29,15,18,21,142,637,144,886,32,19,20,56,16,638,59,60,61],"class_list":["post-342299","post","type-post","status-publish","format-standard","has-post-thumbnail","category-ulkomaat","tag-24h","tag-breaking-news","tag-breakingnews","tag-featured-news","tag-featurednews","tag-fi","tag-finland","tag-finnish","tag-headlines","tag-latest-news","tag-latestnews","tag-main-news","tag-mainnews","tag-news","tag-otsikot","tag-paauutiset","tag-poliitikot","tag-politiikka","tag-presidentti","tag-puolueet","tag-suomi","tag-top-stories","tag-topstories","tag-ulkomaat","tag-uutiset","tag-valtiovalta","tag-world","tag-world-news","tag-worldnews"],"share_on_mastodon":{"url":"https:\/\/pubeurope.com\/@fi\/117219774378926664","error":""},"_links":{"self":[{"href":"https:\/\/www.europesays.com\/fi\/wp-json\/wp\/v2\/posts\/342299","targetHints":{"allow":["GET"]}}],"collection":[{"href":"https:\/\/www.europesays.com\/fi\/wp-json\/wp\/v2\/posts"}],"about":[{"href":"https:\/\/www.europesays.com\/fi\/wp-json\/wp\/v2\/types\/post"}],"author":[{"embeddable":true,"href":"https:\/\/www.europesays.com\/fi\/wp-json\/wp\/v2\/users\/2"}],"replies":[{"embeddable":true,"href":"https:\/\/www.europesays.com\/fi\/wp-json\/wp\/v2\/comments?post=342299"}],"version-history":[{"count":0,"href":"https:\/\/www.europesays.com\/fi\/wp-json\/wp\/v2\/posts\/342299\/revisions"}],"wp:featuredmedia":[{"embeddable":true,"href":"https:\/\/www.europesays.com\/fi\/wp-json\/wp\/v2\/media\/342300"}],"wp:attachment":[{"href":"https:\/\/www.europesays.com\/fi\/wp-json\/wp\/v2\/media?parent=342299"}],"wp:term":[{"taxonomy":"category","embeddable":true,"href":"https:\/\/www.europesays.com\/fi\/wp-json\/wp\/v2\/categories?post=342299"},{"taxonomy":"post_tag","embeddable":true,"href":"https:\/\/www.europesays.com\/fi\/wp-json\/wp\/v2\/tags?post=342299"}],"curies":[{"name":"wp","href":"https:\/\/api.w.org\/{rel}","templated":true}]}}