{"id":342303,"date":"2026-09-05T18:10:18","date_gmt":"2026-09-05T18:10:18","guid":{"rendered":"https:\/\/www.europesays.com\/fi\/342303\/"},"modified":"2026-09-05T18:10:18","modified_gmt":"2026-09-05T18:10:18","slug":"hifk-sai-kylman-kylvetyksen-turussa","status":"publish","type":"post","link":"https:\/\/www.europesays.com\/fi\/342303\/","title":{"rendered":"HIFK sai kylm\u00e4n kylvetyksen Turussa"},"content":{"rendered":"<p>TPS\u2013HIFK 5\u20131<\/p>\n<p class=\"article-body mb-(--paragraph-margin-b) px-nof-16\">Voitokas avauspeli tuntui kaukaiselta muistolta, kun Helsingin IFK matkusti SM-liigakauden toiseen otteluunsa Turkuun lauantaina.<\/p>\n<p class=\"article-body mb-(--paragraph-margin-b) px-nof-16\">Illan is\u00e4nt\u00e4 TPS oli nimitt\u00e4in kaukana vieraanvaraisesta ja latoi tulostaululle tylyt 5\u20131-lukemat.<\/p>\n<p class=\"article-body mb-(--paragraph-margin-b) px-nof-16\">Molemmat olivat aloittaneet kauden voitolla, mutta lauantaina voittajasta ei ollut ep\u00e4selvyytt\u00e4 ensimm\u00e4isen er\u00e4n j\u00e4lkeen.<\/p>\n<p class=\"article-body mb-(--paragraph-margin-b) px-nof-16\">TPS osui ensin kahdesti ylivoimalla, ja <a class=\"font-bold underline-offset-[0.12em] [text-decoration:var(--person-link-text-decoration)] [text-decoration-color:var(--person-link-text-decoration-color)]!\" href=\"https:\/\/www.hs.fi\/haku\/?query=Niklas%20Friman\" rel=\"nofollow noopener\" target=\"_blank\">Niklas Friman<\/a> sinet\u00f6i mahtier\u00e4n 18 sekuntia ennen summerin soittoa 3\u20130-osumallaan. HIFK sai er\u00e4ss\u00e4 aikaiseksi vain kaksi laukausta TPS:n maalia kohti.<\/p>\n<p class=\"article-body mb-(--paragraph-margin-b) px-nof-16\">Toisessa er\u00e4ss\u00e4 ottelu tasoittui, ja <a class=\"font-bold underline-offset-[0.12em] [text-decoration:var(--person-link-text-decoration)] [text-decoration-color:var(--person-link-text-decoration-color)]!\" href=\"https:\/\/www.hs.fi\/haku\/?query=Vincent%20Marleau\" rel=\"nofollow noopener\" target=\"_blank\">Vincent Marleau<\/a> nosti hetkeksi IFK:n toiveita kavennusosumallaan. <a class=\"font-bold underline-offset-[0.12em] [text-decoration:var(--person-link-text-decoration)] [text-decoration-color:var(--person-link-text-decoration-color)]!\" href=\"https:\/\/www.hs.fi\/haku\/?query=Aatos%20Koivun\" rel=\"nofollow noopener\" target=\"_blank\">Aatos Koivun<\/a> ylivoimamaali lopetti kuitenkin vieraiden pyristelyt.<\/p>\n<p class=\"article-body mb-(--paragraph-margin-b) px-nof-16\">P\u00e4\u00e4t\u00f6ser\u00e4ss\u00e4 <a class=\"font-bold underline-offset-[0.12em] [text-decoration:var(--person-link-text-decoration)] [text-decoration-color:var(--person-link-text-decoration-color)]!\" href=\"https:\/\/www.hs.fi\/haku\/?query=Lars%20Bryggman\" rel=\"nofollow noopener\" target=\"_blank\">Lars Bryggman<\/a> kaunisteli illan toisella osumallaan loppulukemat. Bryggman ker\u00e4si ottelussa muhkeat tehot 2+2. <a class=\"font-bold underline-offset-[0.12em] [text-decoration:var(--person-link-text-decoration)] [text-decoration-color:var(--person-link-text-decoration-color)]!\" href=\"https:\/\/www.hs.fi\/haku\/?query=Lukas%20Wernblom\" rel=\"nofollow noopener\" target=\"_blank\">Lukas Wernblom<\/a> s\u00e4esti mainiosti tehoilla 1+3.<\/p>\n<p class=\"article-body mb-(--paragraph-margin-b) px-nof-16\">TPS:n maalilla <a class=\"font-bold underline-offset-[0.12em] [text-decoration:var(--person-link-text-decoration)] [text-decoration-color:var(--person-link-text-decoration-color)]!\" href=\"https:\/\/www.hs.fi\/haku\/?query=Eetu%20M%C3%A4kiniemi\" rel=\"nofollow noopener\" target=\"_blank\">Eetu M\u00e4kiniemi <\/a>selvisi ilman suurempaa hike\u00e4, sill\u00e4 torjuntoja kertyi vain 16. HIFK:n maalivahti <a class=\"font-bold underline-offset-[0.12em] [text-decoration:var(--person-link-text-decoration)] [text-decoration-color:var(--person-link-text-decoration-color)]!\" href=\"https:\/\/www.hs.fi\/haku\/?query=Hugo%20Alnefelt\" rel=\"nofollow noopener\" target=\"_blank\">Hugo Alnefelt<\/a> torjui 23 laukausta torjuntaprosentilla 82,1.<\/p>\n<p class=\"article-body mb-(--paragraph-margin-b) px-nof-16\">HIFK:n kausi jatkuu keskiviikkona, kun se kohtaa Mikkelin Jukurit vieraskaukalossa.<\/p>\n","protected":false},"excerpt":{"rendered":"TPS\u2013HIFK 5\u20131 Voitokas avauspeli tuntui kaukaiselta muistolta, kun Helsingin IFK matkusti SM-liigakauden toiseen otteluunsa Turkuun lauantaina. Illan is\u00e4nt\u00e4&hellip;\n","protected":false},"author":2,"featured_media":342304,"comment_status":"","ping_status":"","sticky":false,"template":"","format":"standard","meta":{"footnotes":"","_share_on_mastodon":"0"},"categories":[5],"tags":[22,23,26,27,33,31,30,17,46,24,25,28,29,15,18,21,32,19,20,16],"class_list":["post-342303","post","type-post","status-publish","format-standard","has-post-thumbnail","category-otsikot","tag-breaking-news","tag-breakingnews","tag-featured-news","tag-featurednews","tag-fi","tag-finland","tag-finnish","tag-headlines","tag-helsingin-sanomat","tag-latest-news","tag-latestnews","tag-main-news","tag-mainnews","tag-news","tag-otsikot","tag-paauutiset","tag-suomi","tag-top-stories","tag-topstories","tag-uutiset"],"share_on_mastodon":{"url":"https:\/\/pubeurope.com\/@fi\/117219781581693648","error":""},"_links":{"self":[{"href":"https:\/\/www.europesays.com\/fi\/wp-json\/wp\/v2\/posts\/342303","targetHints":{"allow":["GET"]}}],"collection":[{"href":"https:\/\/www.europesays.com\/fi\/wp-json\/wp\/v2\/posts"}],"about":[{"href":"https:\/\/www.europesays.com\/fi\/wp-json\/wp\/v2\/types\/post"}],"author":[{"embeddable":true,"href":"https:\/\/www.europesays.com\/fi\/wp-json\/wp\/v2\/users\/2"}],"replies":[{"embeddable":true,"href":"https:\/\/www.europesays.com\/fi\/wp-json\/wp\/v2\/comments?post=342303"}],"version-history":[{"count":0,"href":"https:\/\/www.europesays.com\/fi\/wp-json\/wp\/v2\/posts\/342303\/revisions"}],"wp:featuredmedia":[{"embeddable":true,"href":"https:\/\/www.europesays.com\/fi\/wp-json\/wp\/v2\/media\/342304"}],"wp:attachment":[{"href":"https:\/\/www.europesays.com\/fi\/wp-json\/wp\/v2\/media?parent=342303"}],"wp:term":[{"taxonomy":"category","embeddable":true,"href":"https:\/\/www.europesays.com\/fi\/wp-json\/wp\/v2\/categories?post=342303"},{"taxonomy":"post_tag","embeddable":true,"href":"https:\/\/www.europesays.com\/fi\/wp-json\/wp\/v2\/tags?post=342303"}],"curies":[{"name":"wp","href":"https:\/\/api.w.org\/{rel}","templated":true}]}}