{"id":342309,"date":"2026-09-05T18:30:14","date_gmt":"2026-09-05T18:30:14","guid":{"rendered":"https:\/\/www.europesays.com\/fi\/342309\/"},"modified":"2026-09-05T18:30:14","modified_gmt":"2026-09-05T18:30:14","slug":"katy-perry-avautuu-erostaan-orlando-bloomista-ja-uudesta-rakkaudestaan-justin-trudeaun-kanssa","status":"publish","type":"post","link":"https:\/\/www.europesays.com\/fi\/342309\/","title":{"rendered":"Katy Perry avautuu erostaan Orlando Bloomista ja uudesta rakkaudestaan Justin Trudeaun kanssa"},"content":{"rendered":"<p>            Katy Perry attends the 2024 MTV Video Music AwardsPictured: katy perryRef: BLU_S7908926 130924 NON-EXCLUSIVEPicture by: Nancy Rivera \/ SplashNews.comSplash News and PicturesUSA: 310-525-5808 UK: 020 8126 <a href=\"https:\/\/www.seiska.fi\/cdn-cgi\/l\/email-protection\" class=\"__cf_email__\" data-cfemail=\"576667676e32363a2332363a17243f2223233225242338343c7934383a0038253b33\" rel=\"nofollow noopener\" target=\"_blank\">[email\u00a0protected]<\/a> Rights<br \/>\n            All Over Press<\/p>\n<p class=\"subtitle \">Popt\u00e4hti on t\u00e4h\u00e4n asti ollut vaitonainen h\u00e4nen ja n\u00e4yttelij\u00e4puolisonsa erosta<\/p>\n<p class=\"article-content article-content-width !bg-background\">Popt\u00e4hti , 41, on avannut sanaisen arkkunsa erostaan vuosien hiljaisuuden j\u00e4lkeen.<\/p>\n<p class=\"font-weight-bold m-font-weight-bold article-content article-content-width !bg-background\">Video: Muistatko viel\u00e4 n\u00e4yttelij\u00e4 Aston Kutcherin?<\/p>\n<p>Itkuinen ja yksin<\/p>\n<p class=\"font-weight-normal m-font-weight-normal article-content article-content-width !bg-background\">Teenage Dream -laulaja kertoo tuoreessa haastattelussaan <a href=\"https:\/\/people.com\/katy-perry-told-therapist-she-wanted-legendary-love-then-met-justin-trudeau-exclusive-12075948\" target=\"_blank\" rel=\"nofollow noopener\">People<\/a>-lehdelle avoimesti vaikeasta vuodestaan erottuaan n\u00e4yttelij\u00e4 . Ex-pariskunnalla on yksi yhteinen lapsi, vuonna 2022 syntynyt tyt\u00e4r .<\/p>\n<p>        <a itemprop=\"url\" href=\"https:\/\/www.seiska.fi\/ulkomaat\/miley-cyrus-liikuttava-paljastus-edesmenneesta-dolly-partonista\/2245822\" rel=\"nofollow noopener\" target=\"_blank\"><\/p>\n<p>\nMiley Cyrus:\n<\/p>\n<p class=\"section-date\">\n        <strong class=\"article-section\" data-section=\"ulkomaat\"><br \/>\n            ulkomaat<br \/>\n        <\/strong><br \/>\n        27.8. 20:40\n    <\/p>\n<p>Miley Cyrus: Liikuttava paljastus edesmenneest\u00e4 Dolly Partonista\n    <\/p>\n<p itemprop=\"description\" class=\"subtitle \">\n    Edesmenneell\u00e4 Dolly Partonilla ja popt\u00e4hti Miley Cyrusilla oli poikkeuksellisen l\u00e4heiset v\u00e4lit.\n<\/p>\n<p>        <\/a><\/p>\n<p>                <img decoding=\"async\" src=\"https:\/\/www.europesays.com\/fi\/wp-content\/uploads\/2026\/09\/2253479.webp\" width=\"576\" height=\"682\" alt=\"Katy Perry ja Orlando Bloom olivat 9 vuotta yhdess\u00e4.\" loading=\"lazy\" \/>            <\/p>\n<p>\n            Katy Perry ja Orlando Bloom olivat 9 vuotta yhdess\u00e4.<br \/>\n            Alamy \/ All Over Press\n        <\/p>\n<p class=\"article-content article-content-width !bg-background\">Pirates of the Caribbean -t\u00e4hdest\u00e4 eronnut Katy avautuu haastattelussa siit\u00e4, kuinka haastavaa erityisesti kiertueella oleminen suhteen loppumisen j\u00e4lkeen oli.<\/p>\n<p class=\"article-content article-content-width !bg-background\">Kun tieto popt\u00e4hden ja Orlandon erosta tuli julkiseksi kes\u00e4kuussa 2025, oli Katy Australiassa, kaukana kodistaan ja yst\u00e4vist\u00e4\u00e4n.<\/p>\n<p class=\"article-content article-content-width !bg-background\">\u2013 Se oli luultavasti kaikkein vaikeinta aikaa. Kaikki yst\u00e4v\u00e4ni viettiv\u00e4t aikaa kesken\u00e4\u00e4n kotoa. Min\u00e4 itkin ja tunsin olevani kaukana kaikesta, Katy tilitt\u00e4\u00e4 lehdelle.<\/p>\n<p>Haikaili eeppist\u00e4 rakkautta<\/p>\n<p class=\"article-content article-content-width !bg-background\">Katy ei silti muistele pahalla pitk\u00e4\u00e4 suhdettaan n\u00e4yttelij\u00e4-ex\u00e4ns\u00e4 kanssa.<\/p>\n<p class=\"article-content article-content-width !bg-background\">\u2013 En olisi pysynyt jossakin yhdeks\u00e4n vuoden ajan, jos siin\u00e4 ei olisi paljon t\u00e4rke\u00e4\u00e4 opittavaa. Jokainen suhde on opettaja, eik\u00f6 vain? Minun t\u00e4ytyi p\u00e4\u00e4st\u00e4\u00e4 irti, jotta saatoin menn\u00e4 eteenp\u00e4in, Katy kuvailee.<\/p>\n<p class=\"article-content article-content-width !bg-background\">\u2013 Halusin aina sellaisen eeppisen, legendaarisen rakkauden, ja puhuin siit\u00e4 terapeutilleni: Kaikki el\u00e4m\u00e4ss\u00e4ni on eeppist\u00e4, mutta t\u00e4m\u00e4 on tavallaan se puuttuva palapelin palanen. Ja sitten se saapui, Katy kertoo viitaten nykyiseen puolisoonsa.<\/p>\n<p>        <a itemprop=\"url\" href=\"https:\/\/www.seiska.fi\/ulkomaat\/vau-mika-kunto-jennifer-aniston-57-bikinilomalla-kuvat\/2226393\" rel=\"nofollow noopener\" target=\"_blank\"><\/p>\n<p>\nHuh, mik\u00e4 kunto!\n<\/p>\n<p class=\"section-date\">\n        <strong class=\"article-section\" data-section=\"ulkomaat\"><br \/>\n            ulkomaat<br \/>\n        <\/strong><br \/>\n        5.8. 08:00\n    <\/p>\n<p>Vau, mik\u00e4 kunto! Jennifer Aniston, 57, bikinilomalla \u2013 kuvat!\n    <\/p>\n<p itemprop=\"description\" class=\"subtitle \">\n    Frendit-t\u00e4hti nautiskeli poikayst\u00e4v\u00e4n ja julkkisyst\u00e4vien seurassa hulppealla luksusjahdilla.\n<\/p>\n<p>        <\/a><\/p>\n<p>                <img decoding=\"async\" src=\"https:\/\/www.europesays.com\/fi\/wp-content\/uploads\/2026\/09\/1849251.webp\" width=\"576\" height=\"274\" alt=\"Katy Perry ja Orlando Bloom olivat suunnitelleet naimisiinmenoa ennen eroaan.\" loading=\"lazy\" \/>            <\/p>\n<p>\n            Katy Perry ja Orlando Bloom olivat suunnitelleet naimisiinmenoa ennen eroaan.<br \/>\n            CraSH\/imageSPACE\/Shutterstock\/All Over Press\n        <\/p>\n<p class=\"article-content article-content-width !bg-background\">Uusi pariskunta bongattiin ensimm\u00e4isen kerran yhdess\u00e4 ravintolassa hein\u00e4kuussa 2025, eli vain kuukausi sen j\u00e4lkeen, kun tieto Orlandon ja Katyn erosta oli tullut julki.<\/p>\n<p>        <a itemprop=\"url\" href=\"https:\/\/www.seiska.fi\/ulkomaat\/orlando-bloom-salasutinat-20-vuotta-nuoremman-mallin-kanssa-paljastuivat-kuvat\/2111585\" rel=\"nofollow noopener\" target=\"_blank\"><\/p>\n<p>\nOrlando Bloom, 49:\n<\/p>\n<p class=\"section-date\">\n        <strong class=\"article-section\" data-section=\"ulkomaat\"><br \/>\n            ulkomaat<br \/>\n        <\/strong><br \/>\n        25.3. 18:30\n    <\/p>\n<p>Orlando Bloom: Salasutinat 20 vuotta nuoremman mallin kanssa paljastuivat \u2013 kuvat!\n    <\/p>\n<p itemprop=\"description\" class=\"subtitle \">\n    Kes\u00e4ll\u00e4 eronnut Orlando vaikuttaa ottaneen mallia kaveristaan Leonardo DiCapriosta.\n<\/p>\n<p>        <\/a><\/p>\n<p>Uusi kulta\u00a0<\/p>\n<p class=\"article-content article-content-width !bg-background\">Puhuessaan nykyisest\u00e4 puolisostaan, Kanadan entisest\u00e4 p\u00e4\u00e4ministerist\u00e4\u00a0, Katy vaikuttaa eritt\u00e4in rakastuneelta.<\/p>\n<p class=\"article-content article-content-width !bg-background\">\u2013 H\u00e4n tiet\u00e4\u00e4 kaikki sanat, h\u00e4n tukee minua ja h\u00e4n on ihastuksissaan. Se on todella parantavaa, Katy kuvailee 54-vuotiasta Justinia, joka on usein h\u00e4nen seuranaan ja tukenaan konserteissa.\u00a0<\/p>\n<p class=\"article-content article-content-width !bg-background\">Justin on ollut mukana jopa kymmenell\u00e4 keikalla kahdestakymmenest\u00e4 Katyn viimeisimm\u00e4ll\u00e4 kiertueella.\u00a0<\/p>\n<p class=\"article-content article-content-width !bg-background\">\u2013 H\u00e4n on todella syd\u00e4nkeskeinen ja uskon, ett\u00e4 olemme siin\u00e4 samoilla linjoilla. Olen niin kiitollinen, Katy hehkuttaa.<\/p>\n<p>                <img loading=\"lazy\" decoding=\"async\" src=\"https:\/\/www.europesays.com\/fi\/wp-content\/uploads\/2026\/09\/2051991.webp\" width=\"576\" height=\"740\" alt=\"Katy Perry ja Justin Trudeau eiv\u00e4t piilottele rakkauttaan.\" \/>            <\/p>\n<p>\n            Katy Perry ja Justin Trudeau eiv\u00e4t piilottele rakkauttaan.<br \/>\n            AMTA \/ All Over Press\n        <\/p>\n<p>        <a itemprop=\"url\" href=\"https:\/\/www.seiska.fi\/ulkomaat\/suhde-syvenee-justin-trudeau-mainitsi-katy-perryn-poliittisessa-puheessaan\/2051981\" rel=\"nofollow noopener\" target=\"_blank\"><\/p>\n<p>\nSuhde syvenee!\n<\/p>\n<p class=\"section-date\">\n        <strong class=\"article-section\" data-section=\"ulkomaat\"><br \/>\n            ulkomaat<br \/>\n        <\/strong><br \/>\n        20.1. 21:00\n    <\/p>\n<p>Suhde syvenee! Justin Trudeau mainitsi Katy Perryn poliittisessa puheessaan\n    <\/p>\n<p itemprop=\"description\" class=\"subtitle \">\n    Katy ja Justin yhdistettiin ensimm\u00e4isen kerran toisiinsa kes\u00e4ll\u00e4 2025.\n<\/p>\n<p>        <\/a><\/p>\n","protected":false},"excerpt":{"rendered":"Katy Perry attends the 2024 MTV Video Music AwardsPictured: katy perryRef: BLU_S7908926 130924 NON-EXCLUSIVEPicture by: Nancy Rivera \/&hellip;\n","protected":false},"author":2,"featured_media":342310,"comment_status":"","ping_status":"","sticky":false,"template":"","format":"standard","meta":{"footnotes":"","_share_on_mastodon":"0"},"categories":[130],"tags":[137,1664,33,31,30,14450,1222,2881,1311,32,109],"class_list":["post-342309","post","type-post","status-publish","format-standard","has-post-thumbnail","category-viihde","tag-entertainment","tag-ero","tag-fi","tag-finland","tag-finnish","tag-justin-trudeau","tag-katy-perry","tag-orlando-bloom","tag-rakkaus","tag-suomi","tag-viihde"],"share_on_mastodon":{"url":"https:\/\/pubeurope.com\/@fi\/117219860613167907","error":""},"_links":{"self":[{"href":"https:\/\/www.europesays.com\/fi\/wp-json\/wp\/v2\/posts\/342309","targetHints":{"allow":["GET"]}}],"collection":[{"href":"https:\/\/www.europesays.com\/fi\/wp-json\/wp\/v2\/posts"}],"about":[{"href":"https:\/\/www.europesays.com\/fi\/wp-json\/wp\/v2\/types\/post"}],"author":[{"embeddable":true,"href":"https:\/\/www.europesays.com\/fi\/wp-json\/wp\/v2\/users\/2"}],"replies":[{"embeddable":true,"href":"https:\/\/www.europesays.com\/fi\/wp-json\/wp\/v2\/comments?post=342309"}],"version-history":[{"count":0,"href":"https:\/\/www.europesays.com\/fi\/wp-json\/wp\/v2\/posts\/342309\/revisions"}],"wp:featuredmedia":[{"embeddable":true,"href":"https:\/\/www.europesays.com\/fi\/wp-json\/wp\/v2\/media\/342310"}],"wp:attachment":[{"href":"https:\/\/www.europesays.com\/fi\/wp-json\/wp\/v2\/media?parent=342309"}],"wp:term":[{"taxonomy":"category","embeddable":true,"href":"https:\/\/www.europesays.com\/fi\/wp-json\/wp\/v2\/categories?post=342309"},{"taxonomy":"post_tag","embeddable":true,"href":"https:\/\/www.europesays.com\/fi\/wp-json\/wp\/v2\/tags?post=342309"}],"curies":[{"name":"wp","href":"https:\/\/api.w.org\/{rel}","templated":true}]}}