{"id":342319,"date":"2026-09-05T18:48:14","date_gmt":"2026-09-05T18:48:14","guid":{"rendered":"https:\/\/www.europesays.com\/fi\/342319\/"},"modified":"2026-09-05T18:48:14","modified_gmt":"2026-09-05T18:48:14","slug":"robin-packalen-julkaisi-kuvia-haapaivastaan-upea-pari","status":"publish","type":"post","link":"https:\/\/www.europesays.com\/fi\/342319\/","title":{"rendered":"Robin Packalen julkaisi kuvia h\u00e4\u00e4p\u00e4iv\u00e4st\u00e4\u00e4n &#8211; upea pari"},"content":{"rendered":"<p class=\"wp-block-paragraph\">Robin Packalen on jo vuosikaudet ollut yksi Suomen valovoimaisimmista popartisteista. Kun uran alkuvuosina Robinin per\u00e4ss\u00e4 kulkivat ennen kaikkea pikkutyt\u00f6t, ovat fanit kasvaneet h\u00e4nen mukanaan. Nyt joukossa on edelleen nuoria ihailijoita, mutta my\u00f6s v\u00e4h\u00e4n isompia \u2013 aina \u00e4iteihin ja iso\u00e4iteihin saakka.<\/p>\n<p>Lue my\u00f6s: <a href=\"https:\/\/www.como.fi\/uutiset\/robin-julkaisi-omaa-lauluaan-10-vuotiaana-tama-lapin-kesa-tulkinta-allistyttaa\/\" title=\"Robin julkaisi omaa lauluaan 10-vuotiaana \u2013 t\u00e4m\u00e4 Lapin kes\u00e4 -tulkinta \u00e4llistytt\u00e4\u00e4\" class=\"underline-custom !font-heading !font-bold !underline-offset-4 !decoration-4 !decoration-accent !text-md\" rel=\"nofollow noopener\" target=\"_blank\">Robin julkaisi omaa lauluaan 10-vuotiaana \u2013 t\u00e4m\u00e4 Lapin kes\u00e4 -tulkinta \u00e4llistytt\u00e4\u00e4<\/a><\/p>\n<p>Lue my\u00f6s: <a href=\"https:\/\/www.como.fi\/uutiset\/robin-packalenin-uusi-kappale-tassa-on-jotain-liiankin-tuttua\/\" title=\"Robin Packalenin uusi kappale \u2013 \u201dT\u00e4ss\u00e4 on jotain liiankin tuttua\u201d\" class=\"underline-custom !font-heading !font-bold !underline-offset-4 !decoration-4 !decoration-accent !text-md\" rel=\"nofollow noopener\" target=\"_blank\">Robin Packalenin uusi kappale \u2013 \u201dT\u00e4ss\u00e4 on jotain liiankin tuttua\u201d<\/a><\/p>\n<p class=\"wp-block-paragraph\">28-vuotias Robin on onnistunut pit\u00e4m\u00e4\u00e4n yksityisel\u00e4m\u00e4ns\u00e4 pitk\u00e4\u00e4n visusti poissa julkisuudesta. Viime itsen\u00e4isyysp\u00e4iv\u00e4n\u00e4 tapahtui kuitenkin jotain poikkeuksellista, kun h\u00e4n saapui Linnan juhliin naisyst\u00e4v\u00e4ns\u00e4 Aura Ansaharjun kanssa. Auran vasemmassa nimett\u00f6m\u00e4ss\u00e4 n\u00e4htiin tuolloin n\u00e4ytt\u00e4v\u00e4 timanttisormus.<\/p>\n<p class=\"wp-block-paragraph\">Elokuussa pari menikin sitten naimisiin. <\/p>\n<p class=\"wp-block-paragraph\">\u2013 Kyll\u00e4, oli el\u00e4m\u00e4ni hienoin p\u00e4iv\u00e4. Kaikki meni hienosti, kiitos paljon, Robin kommentoi Huomenta Suomen l\u00e4hetyksess\u00e4.<\/p>\n<p class=\"wp-block-paragraph\">My\u00f6s Auran Instagram-nimi vaihtui elokuussa Aura Packaleniksi.<\/p>\n<p class=\"wp-block-paragraph\">Nyt Robin on raottanut h\u00e4\u00e4p\u00e4iv\u00e4\u00e4ns\u00e4 my\u00f6s seuraajilleen.<\/p>\n<p class=\"wp-block-paragraph\">Laulaja julkaisi Instagramissa kuvakarusellin elokuun tapahtumista, ja joukkoon p\u00e4\u00e4tyi my\u00f6s kuvia h\u00e4ist\u00e4. Yhdess\u00e4 otoksessa Robin ja Aura k\u00e4velev\u00e4t nurmikolla mets\u00e4maiseman keskell\u00e4 sel\u00e4t kameraan p\u00e4in. Auralla on yll\u00e4\u00e4n valkoinen h\u00e4\u00e4mekko ja k\u00e4dess\u00e4\u00e4n valkoinen h\u00e4\u00e4kimppu, Robinilla tumma puku.<\/p>\n<p>Lue my\u00f6s: <a href=\"https:\/\/www.como.fi\/uutiset\/iina-kuustonen-tapasi-idolinsa-en-voi-enaa-koskaan-pesta-sita\/\" title=\"Iina Kuustonen tapasi idolinsa \u2013 \u201dEn voi en\u00e4\u00e4 koskaan pest\u00e4 sit\u00e4\u201d\" class=\"underline-custom !font-heading !font-bold !underline-offset-4 !decoration-4 !decoration-accent !text-md\" rel=\"nofollow noopener\" target=\"_blank\">Iina Kuustonen tapasi idolinsa \u2013 \u201dEn voi en\u00e4\u00e4 koskaan pest\u00e4 sit\u00e4\u201d<\/a><\/p>\n<p class=\"wp-block-paragraph\">Toisessa h\u00e4\u00e4kuvassa hymyilev\u00e4 Robin siistii pukunsa hihaa. H\u00e4\u00e4p\u00e4iv\u00e4n\u00e4 Robinilla n\u00e4ytt\u00e4isi muuten olevan samanlaiset keng\u00e4t \u2013 ei siis eripariset. Tai ainakin takaa p\u00e4in silt\u00e4 n\u00e4ytt\u00e4\u00e4 \u2013 varma ei voi olla.<\/p>\n<p class=\"wp-block-paragraph\">Kuvissa mies my\u00f6s h\u00f6lkk\u00e4\u00e4 ulkomailla.<\/p>\n","protected":false},"excerpt":{"rendered":"Robin Packalen on jo vuosikaudet ollut yksi Suomen valovoimaisimmista popartisteista. Kun uran alkuvuosina Robinin per\u00e4ss\u00e4 kulkivat ennen kaikkea&hellip;\n","protected":false},"author":2,"featured_media":342320,"comment_status":"","ping_status":"","sticky":false,"template":"","format":"standard","meta":{"footnotes":"","_share_on_mastodon":"0"},"categories":[136],"tags":[407,137,33,31,30,408,10790,32,109],"class_list":["post-342319","post","type-post","status-publish","format-standard","has-post-thumbnail","category-julkkikset","tag-celebrities","tag-entertainment","tag-fi","tag-finland","tag-finnish","tag-julkkikset","tag-robin-packalen","tag-suomi","tag-viihde"],"share_on_mastodon":{"url":"https:\/\/pubeurope.com\/@fi\/117219931340236969","error":""},"_links":{"self":[{"href":"https:\/\/www.europesays.com\/fi\/wp-json\/wp\/v2\/posts\/342319","targetHints":{"allow":["GET"]}}],"collection":[{"href":"https:\/\/www.europesays.com\/fi\/wp-json\/wp\/v2\/posts"}],"about":[{"href":"https:\/\/www.europesays.com\/fi\/wp-json\/wp\/v2\/types\/post"}],"author":[{"embeddable":true,"href":"https:\/\/www.europesays.com\/fi\/wp-json\/wp\/v2\/users\/2"}],"replies":[{"embeddable":true,"href":"https:\/\/www.europesays.com\/fi\/wp-json\/wp\/v2\/comments?post=342319"}],"version-history":[{"count":0,"href":"https:\/\/www.europesays.com\/fi\/wp-json\/wp\/v2\/posts\/342319\/revisions"}],"wp:featuredmedia":[{"embeddable":true,"href":"https:\/\/www.europesays.com\/fi\/wp-json\/wp\/v2\/media\/342320"}],"wp:attachment":[{"href":"https:\/\/www.europesays.com\/fi\/wp-json\/wp\/v2\/media?parent=342319"}],"wp:term":[{"taxonomy":"category","embeddable":true,"href":"https:\/\/www.europesays.com\/fi\/wp-json\/wp\/v2\/categories?post=342319"},{"taxonomy":"post_tag","embeddable":true,"href":"https:\/\/www.europesays.com\/fi\/wp-json\/wp\/v2\/tags?post=342319"}],"curies":[{"name":"wp","href":"https:\/\/api.w.org\/{rel}","templated":true}]}}