{"id":342323,"date":"2026-09-05T18:56:16","date_gmt":"2026-09-05T18:56:16","guid":{"rendered":"https:\/\/www.europesays.com\/fi\/342323\/"},"modified":"2026-09-05T18:56:16","modified_gmt":"2026-09-05T18:56:16","slug":"jenni-poikelus-palasi-ruutuun-aitiyslomalta-talta-han-nayttaa-nyt","status":"publish","type":"post","link":"https:\/\/www.europesays.com\/fi\/342323\/","title":{"rendered":"Jenni Poikelus palasi ruutuun \u00e4itiyslomalta \u2013 t\u00e4lt\u00e4 h\u00e4n n\u00e4ytt\u00e4\u00e4 nyt"},"content":{"rendered":"<p>Jenni Poikelus juontaa Ylen juhlal\u00e4hetyst\u00e4 yhdess\u00e4 Sonja Kailassaaren ja Mikko Kek\u00e4l\u00e4isen kanssa.<\/p>\n<p><img decoding=\"async\" src=\"https:\/\/www.europesays.com\/fi\/wp-content\/uploads\/2026\/09\/1788634574_640_468.jpg\" alt=\"Jenni Poikelus keskeytti vanhempainvapaansa Ylen juhlan takia.\" class=\"_Img_1rerz_1\" style=\"aspect-ratio:1920\/1080\" loading=\"eager\"\/><\/p>\n<p class=\"font-(family-name:--picture-caption-font-family) text-(length:--picture-caption-font-size) leading-(--picture-caption-leading) font-(--picture-caption-font-weight) text-(color:--picture-caption-color)\">Jenni Poikelus keskeytti vanhempainvapaansa Ylen juhlan takia. Kuva:\u00a0JUSSI HELTTUNEN<\/p>\n<p class=\"article-body mb-(--paragraph-margin-b) px-nof-16\">Juontaja <a class=\"font-bold underline-offset-[0.12em] [text-decoration:var(--person-link-text-decoration)] [text-decoration-color:var(--person-link-text-decoration-color)]!\" href=\"https:\/\/www.is.fi\/haku\/?query=Jenni%20Poikelus\" rel=\"nofollow noopener\" target=\"_blank\">Jenni Poikelus<\/a> keskeytti vanhempainvapaansa t\u00e4n\u00e4\u00e4n lauantaina, kun h\u00e4n nousi lavalle juontamaan Ylen satavuotisjuhlavuoden huipentavaa Yle 100 Show -tapahtumaa yhdess\u00e4 <a class=\"font-bold underline-offset-[0.12em] [text-decoration:var(--person-link-text-decoration)] [text-decoration-color:var(--person-link-text-decoration-color)]!\" href=\"https:\/\/www.is.fi\/haku\/?query=Sonja%20Kailassaaren\" rel=\"nofollow noopener\" target=\"_blank\">Sonja Kailassaaren<\/a> ja <a class=\"font-bold underline-offset-[0.12em] [text-decoration:var(--person-link-text-decoration)] [text-decoration-color:var(--person-link-text-decoration-color)]!\" href=\"https:\/\/www.is.fi\/haku\/?query=Mikko%20Kek%C3%A4l%C3%A4isen\" rel=\"nofollow noopener\" target=\"_blank\">Mikko Kek\u00e4l\u00e4isen<\/a> kanssa.<\/p>\n<p class=\"article-body mb-(--paragraph-margin-b) px-nof-16\">IS kuvasi juontajakolmikon ennen illan l\u00e4hetyst\u00e4. Poikelus edusti tilaisuudessa kullanhohtoisessa housupuvussa hiukset nutturalla. Kailassaari pukeutui vihre\u00e4\u00e4n mekkoon. Kek\u00e4l\u00e4inen puolestaan valitsi ylleen sinisen puvun.<\/p>\n<p class=\"article-body mb-(--paragraph-margin-b) px-nof-16\">\u2013 T\u00e4m\u00e4 on t\u00e4llainen k\u00e4v\u00e4isy t\u00f6iss\u00e4, kun kyseess\u00e4 on yksi l\u00e4hetys harjoituksineen. T\u00e4m\u00e4 ei vie montaa p\u00e4iv\u00e4\u00e4, niin pystyn hoitamaan. Ja sitten voin jatkaa vauvakuplassa, Poikelus selitti aiemmin IS:lle.<\/p>\n<p class=\"article-body mb-(--paragraph-margin-b) px-nof-16\">Poikelus kertoi hein\u00e4kuussa somessa saaneensa lapsen. Muutoin h\u00e4n on ollut pitk\u00e4lti vaitonainen yksityisel\u00e4m\u00e4st\u00e4\u00e4n julkisuudessa. Sen h\u00e4n on paljastanut, ett\u00e4 h\u00e4nell\u00e4 on kumppani, joka on juuri syntyneen lapsen is\u00e4. H\u00e4n ei ole tuonut kumppaninsa henkil\u00f6llisyytt\u00e4 julki.<\/p>\n<p><img decoding=\"async\" src=\"https:\/\/www.europesays.com\/fi\/wp-content\/uploads\/2026\/09\/1788634575_635_468.jpg\" alt=\"Jenni Poikelus palaa t\u00e4n\u00e4\u00e4n hetkeksi ruutuun vanhempainvapaalta.\" class=\"_Img_1rerz_1\" style=\"aspect-ratio:1279\/1920\" loading=\"eager\"\/><\/p>\n<p class=\"font-(family-name:--picture-caption-font-family) text-(length:--picture-caption-font-size) leading-(--picture-caption-leading) font-(--picture-caption-font-weight) text-(color:--picture-caption-color) picture-with-caption__caption picture-with-caption__caption--default-full\">Jenni Poikelus palaa t\u00e4n\u00e4\u00e4n hetkeksi ruutuun vanhempainvapaalta. Kuva:\u00a0Jussi Helttunen<\/p>\n<p><img decoding=\"async\" src=\"https:\/\/www.europesays.com\/fi\/wp-content\/uploads\/2026\/09\/1788634575_501_468.jpg\" alt=\"Sonja Kailassaari pukeutui juhlal\u00e4hetyst\u00e4 varten vihre\u00e4\u00e4n mekkoon.\" class=\"_Img_1rerz_1\" style=\"aspect-ratio:1920\/1280\" loading=\"eager\"\/><\/p>\n<p class=\"font-(family-name:--picture-caption-font-family) text-(length:--picture-caption-font-size) leading-(--picture-caption-leading) font-(--picture-caption-font-weight) text-(color:--picture-caption-color) picture-with-caption__caption picture-with-caption__caption--default-full\">Sonja Kailassaari pukeutui juhlal\u00e4hetyst\u00e4 varten vihre\u00e4\u00e4n mekkoon. Kuva:\u00a0Jussi Helttunen<\/p>\n<p><img decoding=\"async\" src=\"https:\/\/www.europesays.com\/fi\/wp-content\/uploads\/2026\/09\/1788634575_874_468.jpg\" alt=\"\" class=\"_Img_1rerz_1\" style=\"aspect-ratio:1280\/1920\" loading=\"eager\"\/><\/p>\n<p class=\"font-(family-name:--picture-caption-font-family) text-(length:--picture-caption-font-size) leading-(--picture-caption-leading) font-(--picture-caption-font-weight) text-(color:--picture-caption-color) picture-with-caption__caption picture-with-caption__caption--default-full\">Kuva:\u00a0Jussi Helttunen<\/p>\n<p><img decoding=\"async\" src=\"https:\/\/www.europesays.com\/fi\/wp-content\/uploads\/2026\/09\/1788634576_27_468.jpg\" alt=\"Mikko Kek\u00e4l\u00e4inen luotti siniseen.\" class=\"_Img_1rerz_1\" style=\"aspect-ratio:1280\/1920\" loading=\"eager\"\/><\/p>\n<p class=\"font-(family-name:--picture-caption-font-family) text-(length:--picture-caption-font-size) leading-(--picture-caption-leading) font-(--picture-caption-font-weight) text-(color:--picture-caption-color) picture-with-caption__caption picture-with-caption__caption--default-full\">Mikko Kek\u00e4l\u00e4inen luotti siniseen. Kuva:\u00a0Jussi Helttunen<\/p>\n","protected":false},"excerpt":{"rendered":"Jenni Poikelus juontaa Ylen juhlal\u00e4hetyst\u00e4 yhdess\u00e4 Sonja Kailassaaren ja Mikko Kek\u00e4l\u00e4isen kanssa. Jenni Poikelus keskeytti vanhempainvapaansa Ylen juhlan&hellip;\n","protected":false},"author":2,"featured_media":342324,"comment_status":"","ping_status":"","sticky":false,"template":"","format":"standard","meta":{"footnotes":"","_share_on_mastodon":"0"},"categories":[130],"tags":[137,33,31,30,34,32,109],"class_list":["post-342323","post","type-post","status-publish","format-standard","has-post-thumbnail","category-viihde","tag-entertainment","tag-fi","tag-finland","tag-finnish","tag-ilta-sanomat","tag-suomi","tag-viihde"],"share_on_mastodon":{"url":"https:\/\/pubeurope.com\/@fi\/117219963068963427","error":""},"_links":{"self":[{"href":"https:\/\/www.europesays.com\/fi\/wp-json\/wp\/v2\/posts\/342323","targetHints":{"allow":["GET"]}}],"collection":[{"href":"https:\/\/www.europesays.com\/fi\/wp-json\/wp\/v2\/posts"}],"about":[{"href":"https:\/\/www.europesays.com\/fi\/wp-json\/wp\/v2\/types\/post"}],"author":[{"embeddable":true,"href":"https:\/\/www.europesays.com\/fi\/wp-json\/wp\/v2\/users\/2"}],"replies":[{"embeddable":true,"href":"https:\/\/www.europesays.com\/fi\/wp-json\/wp\/v2\/comments?post=342323"}],"version-history":[{"count":0,"href":"https:\/\/www.europesays.com\/fi\/wp-json\/wp\/v2\/posts\/342323\/revisions"}],"wp:featuredmedia":[{"embeddable":true,"href":"https:\/\/www.europesays.com\/fi\/wp-json\/wp\/v2\/media\/342324"}],"wp:attachment":[{"href":"https:\/\/www.europesays.com\/fi\/wp-json\/wp\/v2\/media?parent=342323"}],"wp:term":[{"taxonomy":"category","embeddable":true,"href":"https:\/\/www.europesays.com\/fi\/wp-json\/wp\/v2\/categories?post=342323"},{"taxonomy":"post_tag","embeddable":true,"href":"https:\/\/www.europesays.com\/fi\/wp-json\/wp\/v2\/tags?post=342323"}],"curies":[{"name":"wp","href":"https:\/\/api.w.org\/{rel}","templated":true}]}}