{"id":342325,"date":"2026-09-05T19:00:11","date_gmt":"2026-09-05T19:00:11","guid":{"rendered":"https:\/\/www.europesays.com\/fi\/342325\/"},"modified":"2026-09-05T19:00:11","modified_gmt":"2026-09-05T19:00:11","slug":"trump-avasi-suunsa-saksan-droonitapauksesta","status":"publish","type":"post","link":"https:\/\/www.europesays.com\/fi\/342325\/","title":{"rendered":"Trump avasi suunsa Saksan droonitapauksesta"},"content":{"rendered":"<p>Yhdysvaltain presidentti Donald Trump on kommentoinut Saksan droonitapaukseen liittyv\u00e4\u00e4 keskustelua.<\/p>\n<p><img decoding=\"async\" class=\"image image-show image-preview\" src=\"https:\/\/www.europesays.com\/fi\/wp-content\/uploads\/2026\/09\/8ca1ed318d0e6128f45656219aa5f0f97c5a14ba1fd56a38706dea5a3a455847.jpg\" alt=\"\"\/><img decoding=\"async\" class=\"image image-show\" src=\"https:\/\/www.europesays.com\/fi\/wp-content\/uploads\/2026\/09\/1788634811_268_8ca1ed318d0e6128f45656219aa5f0f97c5a14ba1fd56a38706dea5a3a455847.jpg\" alt=\"\"\/><\/p>\n<p>Yhdysvaltain presidentti Donald Trump kommentoi Euroopassa kuohuttanutta tapausta perjantaina. ZumaWire \/ MVPHOTOS<\/p>\n<p class=\"paragraph\">Yhdysvaltain presidentti <a href=\"https:\/\/www.iltalehti.fi\/henkilot\/Donald Trump\" class=\"article-link-person-page\" rel=\"nofollow noopener\" target=\"_blank\">Donald Trumpin<\/a> mukaan Ven\u00e4j\u00e4n presidentti <a href=\"https:\/\/www.iltalehti.fi\/henkilot\/Vladimir Putin\" class=\"article-link-person-page\" rel=\"nofollow noopener\" target=\"_blank\">Vladimir Putin<\/a> ei kaavaile hy\u00f6kk\u00e4yst\u00e4 Nato-maahan.<\/p>\n<p class=\"paragraph\">Trump <a href=\"https:\/\/youtu.be\/xHSKMevaFIc?t=1795\" target=\"_blank\" rel=\"noopener nofollow\">vastasi<\/a> perjantaina Valkoisessa talossa toimittajien kysymyksiin, jotka liittyiv\u00e4t Saksan Leipzigin lentokent\u00e4lt\u00e4 l\u00f6ytyneeseen ja r\u00e4j\u00e4hdelastissa olleeseen drooniin.<\/p>\n<p class=\"paragraph\">Valkoisessa talossa perjantaina paikalla ollut toimittaja kysyikin Trumpilta, mit\u00e4 mielt\u00e4 h\u00e4n on tapauksesta ja siit\u00e4, oliko kyseess\u00e4 Naton alueelle suuntautunut hy\u00f6kk\u00e4ys.<\/p>\n<p class=\"paragraph\">\u2013 Puhun h\u00e4nelle. Tunnen h\u00e4net eritt\u00e4in hyvin. H\u00e4n ei kaavaile hy\u00f6kk\u00e4yst\u00e4 Naton alueelle, Trump vastasi perustelematta asiaa sen enemp\u00e4\u00e4.<\/p>\n<p class=\"paragraph\">Droonin l\u00f6yt\u00f6paikan l\u00e4heisyydess\u00e4 oli tuolloin sijoitettuna nelj\u00e4 ukrainalaista Antonov-kuljetuskonetta, ja Saksa on todennut suoraan kyseess\u00e4 olleen Ven\u00e4j\u00e4n hybridihy\u00f6kk\u00e4ys.<\/p>\n<p class=\"paragraph\">Maassa on kuitenkin noussut keskustelua siit\u00e4, onko maan hallinnon m\u00e4\u00e4ritelm\u00e4 hybridihy \u00f6kk\u00e4yksest\u00e4 Leipzigin tapauksessa oikea. Muun muassa saksalaislehti S\u00fcddeutsche Zeitungin kirjeenvaihtajan mukaan tapausta tulisi kutsua valtion toteuttamaksi aseelliseksi hy\u00f6kk\u00e4ykseksi.<\/p>\n<p>Trump ei usko, ett\u00e4 Ven\u00e4j\u00e4n presidentti Vladimir Putin hy\u00f6kk\u00e4ysi Nato-maahan. ZumaWire \/ MVPHOTOS<\/p>\n<p class=\"paragraph\">Iltalehdelle asiaa <a href=\"https:\/\/www.iltalehti.fi\/ulkomaat\/4cee1b31-494c-492b-aa9c-345e9c27e1f4\" rel=\"nofollow noopener\" target=\"_blank\">aiemmin kommentoinut<\/a> hybridiuhkiin ja Ven\u00e4j\u00e4\u00e4n erikoistunut asiantuntija <strong>Hanna Smith<\/strong> jakoi Saksan hallinnon n\u00e4kemyksen asiasta. H\u00e4nen mukaansa iskuyrityksess\u00e4 oli m\u00e4\u00e4ritelm\u00e4n mukaan kyse selv\u00e4st\u00e4 hybriditoimesta.<\/p>\n<p class=\"paragraph\">Samalla jotkut saksalaiset taas eiv\u00e4t usko asian takana edes olleen Ven\u00e4j\u00e4n. Tohtori <strong>Brita Will<\/strong>, 83, <a href=\"https:\/\/www.iltalehti.fi\/ulkomaat\/badb0b83-23e1-4afa-8ff4-9e9bad8089b2\" rel=\"nofollow noopener\" target=\"_blank\">kertoi Iltalehdelle kyseenalaistavansa koko n\u00e4kemyksen<\/a>.<\/p>\n<p class=\"paragraph\">\u2013 Se on poliitikkojen esitt\u00e4m\u00e4 n\u00e4kemys. Monet ihmiset eiv\u00e4t usko, ett\u00e4 ven\u00e4l\u00e4iset olivat asialla, Will kertoi.<\/p>\n<p class=\"paragraph\">Trumpin kommentista uutisoinut yhdysvaltalaismedia Politico <a href=\"https:\/\/www.politico.com\/news\/2026\/09\/04\/trump-russia-nato-espionage-allegations-01066120\" target=\"_blank\" rel=\"noopener nofollow\">kertoo<\/a>, ett\u00e4 Saksan puolustusministerin <a href=\"https:\/\/www.iltalehti.fi\/henkilot\/Boris Pistorius\" class=\"article-link-person-page\" rel=\"nofollow noopener\" target=\"_blank\">Boris Pistoriuksen<\/a> on my\u00f6hemmin syyskuussa m\u00e4\u00e4r\u00e4 tavata Washingtonissa Yhdysvaltain puolustusministeri <a href=\"https:\/\/www.iltalehti.fi\/henkilot\/Pete Hegseth\" class=\"article-link-person-page\" rel=\"nofollow noopener\" target=\"_blank\">Pete Hegseth<\/a>.<\/p>\n<p class=\"paragraph\">Politico arvioi, ett\u00e4 ministerit keskustelevat tuolloin Leipzigin tapahtumista lis\u00e4\u00e4.<\/p>\n","protected":false},"excerpt":{"rendered":"Yhdysvaltain presidentti Donald Trump on kommentoinut Saksan droonitapaukseen liittyv\u00e4\u00e4 keskustelua. Yhdysvaltain presidentti Donald Trump kommentoi Euroopassa kuohuttanutta tapausta&hellip;\n","protected":false},"author":2,"featured_media":342326,"comment_status":"","ping_status":"","sticky":false,"template":"","format":"standard","meta":{"footnotes":"","_share_on_mastodon":"0"},"categories":[14],"tags":[35,22,23,26,27,33,31,30,17,24,25,28,29,15,18,21,142,637,144,32,19,20,56,16,638,59,60,61,143],"class_list":["post-342325","post","type-post","status-publish","format-standard","has-post-thumbnail","category-ulkomaat","tag-24h","tag-breaking-news","tag-breakingnews","tag-featured-news","tag-featurednews","tag-fi","tag-finland","tag-finnish","tag-headlines","tag-latest-news","tag-latestnews","tag-main-news","tag-mainnews","tag-news","tag-otsikot","tag-paauutiset","tag-poliitikot","tag-politiikka","tag-presidentti","tag-suomi","tag-top-stories","tag-topstories","tag-ulkomaat","tag-uutiset","tag-valtiovalta","tag-world","tag-world-news","tag-worldnews","tag-yhdysvaltain-politiikka"],"share_on_mastodon":{"url":"https:\/\/pubeurope.com\/@fi\/117219978736343801","error":""},"_links":{"self":[{"href":"https:\/\/www.europesays.com\/fi\/wp-json\/wp\/v2\/posts\/342325","targetHints":{"allow":["GET"]}}],"collection":[{"href":"https:\/\/www.europesays.com\/fi\/wp-json\/wp\/v2\/posts"}],"about":[{"href":"https:\/\/www.europesays.com\/fi\/wp-json\/wp\/v2\/types\/post"}],"author":[{"embeddable":true,"href":"https:\/\/www.europesays.com\/fi\/wp-json\/wp\/v2\/users\/2"}],"replies":[{"embeddable":true,"href":"https:\/\/www.europesays.com\/fi\/wp-json\/wp\/v2\/comments?post=342325"}],"version-history":[{"count":0,"href":"https:\/\/www.europesays.com\/fi\/wp-json\/wp\/v2\/posts\/342325\/revisions"}],"wp:featuredmedia":[{"embeddable":true,"href":"https:\/\/www.europesays.com\/fi\/wp-json\/wp\/v2\/media\/342326"}],"wp:attachment":[{"href":"https:\/\/www.europesays.com\/fi\/wp-json\/wp\/v2\/media?parent=342325"}],"wp:term":[{"taxonomy":"category","embeddable":true,"href":"https:\/\/www.europesays.com\/fi\/wp-json\/wp\/v2\/categories?post=342325"},{"taxonomy":"post_tag","embeddable":true,"href":"https:\/\/www.europesays.com\/fi\/wp-json\/wp\/v2\/tags?post=342325"}],"curies":[{"name":"wp","href":"https:\/\/api.w.org\/{rel}","templated":true}]}}