{"id":342329,"date":"2026-09-05T19:02:14","date_gmt":"2026-09-05T19:02:14","guid":{"rendered":"https:\/\/www.europesays.com\/fi\/342329\/"},"modified":"2026-09-05T19:02:14","modified_gmt":"2026-09-05T19:02:14","slug":"kannuksen-ura-juhli-meilahdessa-hs-fi","status":"publish","type":"post","link":"https:\/\/www.europesays.com\/fi\/342329\/","title":{"rendered":"Kannuksen Ura juhli Meilahdessa | HS.fi"},"content":{"rendered":"<p>Puna-Mustat\u2013Ura 0\u20132 (0\u20131, 1\u20133) (voitot 1\u20132)<\/p>\n<p class=\"article-body mb-(--paragraph-margin-b) px-nof-16\">Puna-Mustien nousu Superpesikseen vaikeutui huomattavasti, kun Kannuksen Ura haki lauantaina Meilahdesta finaalisarjan toisen voittonsa jaksoin 2\u20130. Puna-Mustat on nyt selk\u00e4 sein\u00e4\u00e4 vasten, sill\u00e4 Ura siirtyi otteluvoitoissa 2\u20131-johtoon.<\/p>\n<p class=\"article-body mb-(--paragraph-margin-b) px-nof-16\">Finaalisarja ja nousu Superpesikseen on ensimm\u00e4isen kerran katkolla tiistaina nelj\u00e4nness\u00e4 ottelussa Kannuksessa.<\/p>\n<p class=\"article-body mb-(--paragraph-margin-b) px-nof-16\">Vain 5\u202f000 asukkaan Kannuksesta oli l\u00e4htenyt Helsinkiin bussilasteittain \u00e4\u00e4nekk\u00e4it\u00e4 kannattajia joukkueensa tueksi. L\u00e4hes 550 kilometrin matka ja ottelun alun kaatosade eiv\u00e4t lannistaneet Uran kannattajia, jotka pitiv\u00e4t kiitett\u00e4v\u00e4sti meteli\u00e4 koko ottelun ajan.<\/p>\n<p class=\"article-body mb-(--paragraph-margin-b) px-nof-16\">Puna-Mustien ainoaksi lohduksi j\u00e4i komea yleis\u00f6m\u00e4\u00e4r\u00e4 2\u202f321 katsojaa. T\u00e4m\u00e4 kertoo Helsingin kasvavasta pes\u00e4pallobuumista.<\/p>\n<p><img decoding=\"async\" src=\"https:\/\/www.europesays.com\/fi\/wp-content\/uploads\/2026\/09\/1788634933_993_468.jpg\" alt=\"Kannuksesta oli l\u00e4htenyt Helsinkiin runsaasti kannattajia Uran tueksi.\" class=\"_Img_1rerz_1\" style=\"aspect-ratio:1920\/1455\" loading=\"eager\"\/><\/p>\n<p class=\"font-(family-name:--picture-caption-font-family) text-(length:--picture-caption-font-size) leading-(--picture-caption-leading) font-(--picture-caption-font-weight) text-(color:--picture-caption-color) picture-with-caption__caption picture-with-caption__caption--default-full\">Kannuksesta oli l\u00e4htenyt Helsinkiin runsaasti kannattajia Uran tueksi. Kuva:\u00a0Juha Metso<\/p>\n<p class=\"article-body mb-(--paragraph-margin-b) px-nof-16\">T\u00e4ll\u00e4 kertaa meilahtelaisten sis\u00e4peli oli kuitenkin poikkeuksellisen kehnoa. PuMu sai koko ottelussa vain kuusi kolmostilannetta. PuMulla on ensimm\u00e4isell\u00e4 jaksolla etsikkoaikansa toisessa vuoroparissa, mutta kotiutusyritykset j\u00e4iv\u00e4t piippuun.<\/p>\n<p class=\"article-body mb-(--paragraph-margin-b) px-nof-16\">Uralle riitti ensimm\u00e4isen jakson voittoon <a class=\"font-bold underline-offset-[0.12em] [text-decoration:var(--person-link-text-decoration)] [text-decoration-color:var(--person-link-text-decoration-color)]!\" href=\"https:\/\/www.hs.fi\/haku\/?query=Kasperi%20Salmelan\" rel=\"nofollow noopener\" target=\"_blank\">Kasperi Salmelan<\/a> kolmannen tasoittavan kotiutusly\u00f6nti, jonka turvin <a class=\"font-bold underline-offset-[0.12em] [text-decoration:var(--person-link-text-decoration)] [text-decoration-color:var(--person-link-text-decoration-color)]!\" href=\"https:\/\/www.hs.fi\/haku\/?query=Elmeri%20B%C3%A4ckman\" rel=\"nofollow noopener\" target=\"_blank\">Elmeri B\u00e4ckman<\/a> ehti ulkokent\u00e4n avustuksella kotipes\u00e4\u00e4n.<\/p>\n<p class=\"article-body mb-(--paragraph-margin-b) px-nof-16\">Ottelu her\u00e4si eloon vasta toisen jakson kolmannessa vuoroparissa. <a class=\"font-bold underline-offset-[0.12em] [text-decoration:var(--person-link-text-decoration)] [text-decoration-color:var(--person-link-text-decoration-color)]!\" href=\"https:\/\/www.hs.fi\/haku\/?query=Eetu%20Isohanni\" rel=\"nofollow noopener\" target=\"_blank\">Eetu Isohanni <\/a>kotiutti kakkosjatkeen ly\u00f6nnill\u00e4 Salmelan ja heti per\u00e4\u00e4n kovaly\u00f6ntinen <a class=\"font-bold underline-offset-[0.12em] [text-decoration:var(--person-link-text-decoration)] [text-decoration-color:var(--person-link-text-decoration-color)]!\" href=\"https:\/\/www.hs.fi\/haku\/?query=Miika%20Keski-Pet%C3%A4j%C3%A4\" rel=\"nofollow noopener\" target=\"_blank\">Miika Keski-Pet\u00e4j\u00e4<\/a> t\u00e4r\u00e4ytti <a class=\"font-bold underline-offset-[0.12em] [text-decoration:var(--person-link-text-decoration)] [text-decoration-color:var(--person-link-text-decoration-color)]!\" href=\"https:\/\/www.hs.fi\/haku\/?query=Eliel%20Koskelan\" rel=\"nofollow noopener\" target=\"_blank\">Eliel Koskelan<\/a> kotiin.<\/p>\n<p class=\"article-body mb-(--paragraph-margin-b) px-nof-16\">Kaiken kokenut lukkarit\u00e4hti <a class=\"font-bold underline-offset-[0.12em] [text-decoration:var(--person-link-text-decoration)] [text-decoration-color:var(--person-link-text-decoration-color)]!\" href=\"https:\/\/www.hs.fi\/haku\/?query=Juha%20Puhtim%C3%A4ki\" rel=\"nofollow noopener\" target=\"_blank\">Juha Puhtim\u00e4ki<\/a> nosti viel\u00e4 kotiyleis\u00f6n \u00e4\u00e4nekk\u00e4\u00e4seen kannustukseen taidokkaalla keskipompulla, josta <a class=\"font-bold underline-offset-[0.12em] [text-decoration:var(--person-link-text-decoration)] [text-decoration-color:var(--person-link-text-decoration-color)]!\" href=\"https:\/\/www.hs.fi\/haku\/?query=Eemil%20Salminen\" rel=\"nofollow noopener\" target=\"_blank\">Eemil Salminen<\/a> toi kavennuksen. T\u00e4m\u00e4 j\u00e4i kuitenkin laihaksi lohduksi. Ura vei my\u00f6s toisen jakson juoksuin 3\u20131.<\/p>\n<p><img decoding=\"async\" src=\"https:\/\/www.europesays.com\/fi\/wp-content\/uploads\/2026\/09\/1788634934_229_468.jpg\" alt=\"Juha Puhtim\u00e4ki l\u00f6i Puna-Mustien ainoan juoksun, joka j\u00e4i helsinkil\u00e4isille laihaksi lohduksi.\" class=\"_Img_1rerz_1\" style=\"aspect-ratio:1920\/1300\" loading=\"eager\"\/><\/p>\n<p class=\"font-(family-name:--picture-caption-font-family) text-(length:--picture-caption-font-size) leading-(--picture-caption-leading) font-(--picture-caption-font-weight) text-(color:--picture-caption-color) picture-with-caption__caption picture-with-caption__caption--default-full\">Juha Puhtim\u00e4ki l\u00f6i Puna-Mustien ainoan juoksun, joka j\u00e4i helsinkil\u00e4isille laihaksi lohduksi. Kuva:\u00a0Juha Metso<\/p>\n<p class=\"article-body mb-(--paragraph-margin-b) px-nof-16\">Ottelussa paikalla ollut Helsingin Pyttykerho palkitsi ottelun parhaana pelaajana ansaitusti Uran lukkarin Keski-Pet\u00e4j\u00e4n.<\/p>\n<p class=\"article-body mb-(--paragraph-margin-b) px-nof-16\">Puna-Mustien nousu vaatii nyt voittoa tiistaina Kannuksessa ja t\u00e4m\u00e4n j\u00e4lkeen torstaina mahdollisessa viidenness\u00e4 ottelussa torstaina Meilahdessa. My\u00f6s finaalisarjan h\u00e4vi\u00e4j\u00e4ll\u00e4 on viel\u00e4 takaportti Superpesiksen karsinnassa, jossa vastustajaa odottaa Koskenkorvan Urheilijat.<\/p>\n<p class=\"article-body mb-(--paragraph-margin-b) px-nof-16\">Puna-Mustille nousu Superpesikseen olisi monella tavoin t\u00e4rke\u00e4\u00e4. Esimerkiksi Meilahden pes\u00e4pallostadionin rakentamisen rahoitus olisi huomattavasti helpompaa, jos edustusjoukkue pelaisi Superpesiksess\u00e4.<\/p>\n<p class=\"article-body mb-(--paragraph-margin-b) px-nof-16\">PuMun taustayhti\u00f6n hallituksen puheenjohtaja <a class=\"font-bold underline-offset-[0.12em] [text-decoration:var(--person-link-text-decoration)] [text-decoration-color:var(--person-link-text-decoration-color)]!\" href=\"https:\/\/www.hs.fi\/haku\/?query=Juho%20Juhantalon\" rel=\"nofollow noopener\" target=\"_blank\">Juho Juhantalon<\/a> sanoi ennen lauantain ottelua, ett\u00e4 nousu ei ole seuralle elinehto, mutta se on ollut selke\u00e4 tavoite koko kauden ajan.<\/p>\n<p class=\"article-body mb-(--paragraph-margin-b) px-nof-16\">\u201dKyll\u00e4h\u00e4n t\u00e4ss\u00e4 draamankaarta on rakennettu m\u00e4\u00e4r\u00e4tietoisesti sit\u00e4 kohti, ett\u00e4 nyt noustaan Superpesikseen. Olisihan se kielt\u00e4m\u00e4tt\u00e4 ep\u00e4onnistuminen, jos emme nouse.\u201d<\/p>\n<p class=\"nof-ui-body-medium break-words mb-(--paragraph-margin-b) px-nof-16\">Oikaisu 5.9. klo 20.17: PuMun lukkari Juha Puhtim\u00e4en nimi oli jutussa kerran virheellisesti Juho.<\/p>\n","protected":false},"excerpt":{"rendered":"Puna-Mustat\u2013Ura 0\u20132 (0\u20131, 1\u20133) (voitot 1\u20132) Puna-Mustien nousu Superpesikseen vaikeutui huomattavasti, kun Kannuksen Ura haki lauantaina Meilahdesta finaalisarjan&hellip;\n","protected":false},"author":2,"featured_media":342330,"comment_status":"","ping_status":"","sticky":false,"template":"","format":"standard","meta":{"footnotes":"","_share_on_mastodon":"0"},"categories":[5],"tags":[22,23,26,27,33,31,30,17,46,24,25,28,29,15,18,21,32,19,20,16],"class_list":["post-342329","post","type-post","status-publish","format-standard","has-post-thumbnail","category-otsikot","tag-breaking-news","tag-breakingnews","tag-featured-news","tag-featurednews","tag-fi","tag-finland","tag-finnish","tag-headlines","tag-helsingin-sanomat","tag-latest-news","tag-latestnews","tag-main-news","tag-mainnews","tag-news","tag-otsikot","tag-paauutiset","tag-suomi","tag-top-stories","tag-topstories","tag-uutiset"],"share_on_mastodon":{"url":"https:\/\/pubeurope.com\/@fi\/117219986219827030","error":""},"_links":{"self":[{"href":"https:\/\/www.europesays.com\/fi\/wp-json\/wp\/v2\/posts\/342329","targetHints":{"allow":["GET"]}}],"collection":[{"href":"https:\/\/www.europesays.com\/fi\/wp-json\/wp\/v2\/posts"}],"about":[{"href":"https:\/\/www.europesays.com\/fi\/wp-json\/wp\/v2\/types\/post"}],"author":[{"embeddable":true,"href":"https:\/\/www.europesays.com\/fi\/wp-json\/wp\/v2\/users\/2"}],"replies":[{"embeddable":true,"href":"https:\/\/www.europesays.com\/fi\/wp-json\/wp\/v2\/comments?post=342329"}],"version-history":[{"count":0,"href":"https:\/\/www.europesays.com\/fi\/wp-json\/wp\/v2\/posts\/342329\/revisions"}],"wp:featuredmedia":[{"embeddable":true,"href":"https:\/\/www.europesays.com\/fi\/wp-json\/wp\/v2\/media\/342330"}],"wp:attachment":[{"href":"https:\/\/www.europesays.com\/fi\/wp-json\/wp\/v2\/media?parent=342329"}],"wp:term":[{"taxonomy":"category","embeddable":true,"href":"https:\/\/www.europesays.com\/fi\/wp-json\/wp\/v2\/categories?post=342329"},{"taxonomy":"post_tag","embeddable":true,"href":"https:\/\/www.europesays.com\/fi\/wp-json\/wp\/v2\/tags?post=342329"}],"curies":[{"name":"wp","href":"https:\/\/api.w.org\/{rel}","templated":true}]}}