{"id":342335,"date":"2026-09-05T19:22:14","date_gmt":"2026-09-05T19:22:14","guid":{"rendered":"https:\/\/www.europesays.com\/fi\/342335\/"},"modified":"2026-09-05T19:22:14","modified_gmt":"2026-09-05T19:22:14","slug":"uusi-miss-suomi-hakeltyi-juuri-h-hetkella-itsevarma-lausunto-julki","status":"publish","type":"post","link":"https:\/\/www.europesays.com\/fi\/342335\/","title":{"rendered":"Uusi Miss Suomi h\u00e4keltyi juuri h-hetkell\u00e4 \u2013 itsevarma lausunto julki"},"content":{"rendered":"<p>Uusi Miss Suomi on selvill\u00e4.<\/p>\n<p class=\"article-body mb-(--paragraph-margin-b) px-nof-16\">Uudeksi Miss Suomeksi kruunattiin lauantai-iltana<a class=\"font-bold underline-offset-[0.12em] [text-decoration:var(--person-link-text-decoration)] [text-decoration-color:var(--person-link-text-decoration-color)]!\" href=\"https:\/\/www.is.fi\/haku\/?query=%20Veera%20Gr%C3%B6nlund\" rel=\"nofollow noopener\" target=\"_blank\"> Veera Gr\u00f6nlund<\/a>, 30.<\/p>\n<p class=\"article-body mb-(--paragraph-margin-b) px-nof-16\">Gr\u00f6nlund on el\u00e4inl\u00e4\u00e4k\u00e4riopiskelija ja el\u00e4insuojeluyhdistyksen varainkeruukoordinaattori. Kilpailun tiedotteessa h\u00e4n kertoo haluavansa korostaa sis\u00e4isen kauneuden merkityst\u00e4 sosiaalisen median ajassa, jossa erityisesti nuoriin naisiin kohdistuu ep\u00e4realistia odotuksia.<\/p>\n<p class=\"article-body mb-(--paragraph-margin-b) px-nof-16\">\u2013 Tuntuu aivan uskomattomalta. Tunteet py\u00f6riv\u00e4t, kun kuulin oman nimeni tai en itse asiassa kuullut ihan heti, ett\u00e4 kumman nimi sanottiin, Gr\u00f6nlund kommentoi finaalin j\u00e4lkeen tuoreeltaan IS:lle.<\/p>\n<p class=\"article-body mb-(--paragraph-margin-b) px-nof-16\">My\u00f6s sosiaalisessa mediassa osa katsojista kiinnitti huomiota siihen, ett\u00e4 finaalikaksikko vaikutti aluksi h\u00e4keltyneelt\u00e4, kun voittajaa julkistettiin, eiv\u00e4tk\u00e4 he olleet ensin varmoja kumpi oli voittaja.<\/p>\n<p><img decoding=\"async\" src=\"https:\/\/www.europesays.com\/fi\/wp-content\/uploads\/2026\/09\/1788636131_271_468.jpg\" alt=\"Veera Gr\u00f6nlund (keskell\u00e4) kruunattiin Miss Suomeksi. Toiseksi perint\u00e4prinsessaksi valittiin Sofia Singh (vas.) ja ensimm\u00e4iseksi perint\u00f6prinsessaksi Aleksandra Hannusaari.\" class=\"_Img_1rerz_1\" style=\"aspect-ratio:1920\/1280\" loading=\"eager\"\/><\/p>\n<p class=\"font-(family-name:--picture-caption-font-family) text-(length:--picture-caption-font-size) leading-(--picture-caption-leading) font-(--picture-caption-font-weight) text-(color:--picture-caption-color) picture-with-caption__caption picture-with-caption__caption--default-full\">Veera Gr\u00f6nlund (keskell\u00e4) kruunattiin Miss Suomeksi. Toiseksi perint\u00e4prinsessaksi valittiin Sofia Singh (vas.) ja ensimm\u00e4iseksi perint\u00f6prinsessaksi Aleksandra Hannusaari. Kuva:\u00a0Ivan Bessedin \/ HS<\/p>\n<p><img decoding=\"async\" src=\"https:\/\/www.europesays.com\/fi\/wp-content\/uploads\/2026\/09\/1788636132_971_468.jpg\" alt=\"\" class=\"_Img_1rerz_1\" style=\"aspect-ratio:1920\/1280\" loading=\"eager\"\/><\/p>\n<p class=\"font-(family-name:--picture-caption-font-family) text-(length:--picture-caption-font-size) leading-(--picture-caption-leading) font-(--picture-caption-font-weight) text-(color:--picture-caption-color) picture-with-caption__caption picture-with-caption__caption--default-full\">Kuva:\u00a0Ivan Bessedin \/ HS<\/p>\n<p class=\"article-body mb-(--paragraph-margin-b) px-nof-16\">Gr\u00f6nlund kertoo tutustuneensa Miss Suomi -kisaan \u00e4itins\u00e4 kehotuksesta viime joulukuussa. H\u00e4n piti n\u00e4kem\u00e4st\u00e4\u00e4n ja p\u00e4\u00e4tti l\u00e4hte\u00e4 tavoittelemaan kruunua. H\u00e4nest\u00e4 kisa edustaa samoja arvoja kuin h\u00e4n.<\/p>\n<p class=\"article-body mb-(--paragraph-margin-b) px-nof-16\">H\u00e4n aikoo edist\u00e4\u00e4 muun muassa el\u00e4inten oikeuksia missin\u00e4.<\/p>\n<p class=\"article-body mb-(--paragraph-margin-b) px-nof-16\">\u2013 El\u00e4imet ovat minulle todella t\u00e4rkeit\u00e4, mutta niin ovat my\u00f6s ihmiset, Gr\u00f6nlund sanoo.<\/p>\n<p class=\"article-body mb-(--paragraph-margin-b) px-nof-16\">Gr\u00f6nlundin \u00e4iti ja sisko seurasivat finaalia paikan p\u00e4\u00e4ll\u00e4. My\u00f6s yst\u00e4vi\u00e4 saapui kannustamaan.<\/p>\n<p class=\"article-body mb-(--paragraph-margin-b) px-nof-16\">\u2013 En pystynyt edes heit\u00e4 katsomaan, kun itku meinasi tulla.<\/p>\n<p class=\"article-body mb-(--paragraph-margin-b) px-nof-16\">Gr\u00f6nlund, 30, on Miss Suomen historian vanhin kruunattu Miss Suomi.<\/p>\n<p><img decoding=\"async\" src=\"https:\/\/www.europesays.com\/fi\/wp-content\/uploads\/2026\/09\/1788636133_613_468.jpg\" alt=\"Veera Gr\u00f6nlund ei ollut ensin uskoa voittoa.\" class=\"_Img_1rerz_1\" style=\"aspect-ratio:1920\/1280\" loading=\"eager\"\/><\/p>\n<p class=\"font-(family-name:--picture-caption-font-family) text-(length:--picture-caption-font-size) leading-(--picture-caption-leading) font-(--picture-caption-font-weight) text-(color:--picture-caption-color) picture-with-caption__caption picture-with-caption__caption--default-full\">Veera Gr\u00f6nlund ei ollut ensin uskoa voittoa. Kuva:\u00a0Ivan Bessedin<\/p>\n<p><img decoding=\"async\" src=\"https:\/\/www.europesays.com\/fi\/wp-content\/uploads\/2026\/09\/1788636133_717_468.jpg\" alt=\"Tunteet nousivat pintaan.\" class=\"_Img_1rerz_1\" style=\"aspect-ratio:1920\/1280\" loading=\"eager\"\/><\/p>\n<p class=\"font-(family-name:--picture-caption-font-family) text-(length:--picture-caption-font-size) leading-(--picture-caption-leading) font-(--picture-caption-font-weight) text-(color:--picture-caption-color) picture-with-caption__caption picture-with-caption__caption--default-full\">Tunteet nousivat pintaan. Kuva:\u00a0Ivan Bessedin<\/p>\n<p class=\"article-body mb-(--paragraph-margin-b) px-nof-16\">Gr\u00f6nlund kertoo IS:lle aikovansa valmistautua Miss Universum -kisoihin vuoden 2024 Miss Suomen <a class=\"font-bold underline-offset-[0.12em] [text-decoration:var(--person-link-text-decoration)] [text-decoration-color:var(--person-link-text-decoration-color)]!\" href=\"https:\/\/www.is.fi\/haku\/?query=Matilda%20Wirtavuoren\" rel=\"nofollow noopener\" target=\"_blank\">Matilda Wirtavuoren<\/a> opastuksella.<\/p>\n<p class=\"article-body mb-(--paragraph-margin-b) px-nof-16\">\u2013 Kruunu sielt\u00e4 on tultava kotiin, Gr\u00f6nlund toteaa itsevarmana.<\/p>\n<p class=\"article-body mb-(--paragraph-margin-b) px-nof-16\">Ensimm\u00e4inen perint\u00f6prinsessa on <a class=\"font-bold underline-offset-[0.12em] [text-decoration:var(--person-link-text-decoration)] [text-decoration-color:var(--person-link-text-decoration-color)]!\" href=\"https:\/\/www.is.fi\/haku\/?query=Aleksandra%20Hannusaari\" rel=\"nofollow noopener\" target=\"_blank\">Aleksandra Hannusaari<\/a>. Toiseksi perint\u00e4prinsessaksi valittiin <a class=\"font-bold underline-offset-[0.12em] [text-decoration:var(--person-link-text-decoration)] [text-decoration-color:var(--person-link-text-decoration-color)]!\" href=\"https:\/\/www.is.fi\/haku\/?query=Sofia%20Singh\" rel=\"nofollow noopener\" target=\"_blank\">Sofia Singh<\/a>. Aleksandra Hannusaar<a class=\"font-bold underline-offset-[0.12em] [text-decoration:var(--person-link-text-decoration)] [text-decoration-color:var(--person-link-text-decoration-color)]!\" href=\"https:\/\/www.is.fi\/haku\/?query=i\" rel=\"nofollow noopener\" target=\"_blank\">i<\/a> valittiin my\u00f6s median suosikiksi. Yleis\u00f6n suosikiksi nousi <a class=\"font-bold underline-offset-[0.12em] [text-decoration:var(--person-link-text-decoration)] [text-decoration-color:var(--person-link-text-decoration-color)]!\" href=\"https:\/\/www.is.fi\/haku\/?query=Rebekka%20Homanen\" rel=\"nofollow noopener\" target=\"_blank\">Rebekka Homanen<\/a>.<\/p>\n<p class=\"article-body mb-(--paragraph-margin-b) px-nof-16\">Tuomaristo perusteli voittajan muun muassa valloittavan karismallaan kansainv\u00e4lisi\u00e4 lavoja.<\/p>\n<p class=\"article-body mb-(--paragraph-margin-b) px-nof-16\">\u2013 H\u00e4n omaa vahvan arvopohjan, h\u00e4n on karismaattinen, h\u00e4n kohtaa ihmiset syd\u00e4n auki ja h\u00e4nest\u00e4 l\u00f6ytyy suomalaista sisua, kuvaili p\u00e4\u00e4tuomari <a class=\"font-bold underline-offset-[0.12em] [text-decoration:var(--person-link-text-decoration)] [text-decoration-color:var(--person-link-text-decoration-color)]!\" href=\"https:\/\/www.is.fi\/haku\/?query=Anitra%20Ahtola\" rel=\"nofollow noopener\" target=\"_blank\">Anitra Ahtola <\/a>l\u00e4hetyksess\u00e4 voittajaa.<\/p>\n<p class=\"article-body mb-(--paragraph-margin-b) px-nof-16\">\u2013 T\u00e4m\u00e4n vuoden teema on sisu. Se tarkoittaa sit\u00e4, ett\u00e4 uusi Miss Suomi on tervetullut my\u00f6s Erikoisjoukkoihin, tuomaristossa vaikuttava Matias Pet\u00e4ist\u00f6 tokaisi.<\/p>\n<p><img decoding=\"async\" src=\"https:\/\/www.europesays.com\/fi\/wp-content\/uploads\/2026\/09\/1788636133_180_468.jpg\" alt=\"Tuomaristo kuvaili Miss Suomeksi kruunatun Veera Gr\u00f6nlundin valloittavan kansainv\u00e4liset lavat.\" class=\"_Img_1rerz_1\" style=\"aspect-ratio:1280\/1920\" loading=\"eager\"\/><\/p>\n<p class=\"font-(family-name:--picture-caption-font-family) text-(length:--picture-caption-font-size) leading-(--picture-caption-leading) font-(--picture-caption-font-weight) text-(color:--picture-caption-color) picture-with-caption__caption picture-with-caption__caption--default-full\">Tuomaristo kuvaili Miss Suomeksi kruunatun Veera Gr\u00f6nlundin valloittavan kansainv\u00e4liset lavat. Kuva:\u00a0Ivan Bessedin<\/p>\n<p><img decoding=\"async\" src=\"https:\/\/www.europesays.com\/fi\/wp-content\/uploads\/2026\/09\/1788636134_1_468.jpg\" alt=\"\" class=\"_Img_1rerz_1\" style=\"aspect-ratio:1280\/1920\" loading=\"eager\"\/><\/p>\n<p class=\"font-(family-name:--picture-caption-font-family) text-(length:--picture-caption-font-size) leading-(--picture-caption-leading) font-(--picture-caption-font-weight) text-(color:--picture-caption-color) picture-with-caption__caption picture-with-caption__caption--default-full\">Kuva:\u00a0Ivan Bessedin<\/p>\n<p class=\"article-body mb-(--paragraph-margin-b) px-nof-16\">Finaalin juonsivat vuoden 2024 Miss Suomi <a class=\"font-bold underline-offset-[0.12em] [text-decoration:var(--person-link-text-decoration)] [text-decoration-color:var(--person-link-text-decoration-color)]!\" href=\"https:\/\/www.is.fi\/haku\/?query=Matilda%20Wirtavuori\" rel=\"nofollow noopener\" target=\"_blank\">Matilda Wirtavuori<\/a> sek\u00e4 vuoden 2001 Miss Suomi <a class=\"font-bold underline-offset-[0.12em] [text-decoration:var(--person-link-text-decoration)] [text-decoration-color:var(--person-link-text-decoration-color)]!\" href=\"https:\/\/www.is.fi\/haku\/?query=Heidi%20Willman\" rel=\"nofollow noopener\" target=\"_blank\">Heidi Willman<\/a>.<\/p>\n<p class=\"article-body mb-(--paragraph-margin-b) px-nof-16\">Tuomariston muodostivat vuoden 1996 Miss Suomen 1. perint\u00f6prinsessa <a class=\"font-bold underline-offset-[0.12em] [text-decoration:var(--person-link-text-decoration)] [text-decoration-color:var(--person-link-text-decoration-color)]!\" href=\"https:\/\/www.is.fi\/haku\/?query=Anitra%20Ahtola,\" rel=\"nofollow noopener\" target=\"_blank\">Anitra Ahtola,<\/a> Erikoisjoukot-ohjelmasta tuttu <a class=\"font-bold underline-offset-[0.12em] [text-decoration:var(--person-link-text-decoration)] [text-decoration-color:var(--person-link-text-decoration-color)]!\" href=\"https:\/\/www.is.fi\/haku\/?query=Matias%20Pet%C3%A4ist%C3%B6\" rel=\"nofollow noopener\" target=\"_blank\">Matias Pet\u00e4ist\u00f6<\/a>, mentalisti <a class=\"font-bold underline-offset-[0.12em] [text-decoration:var(--person-link-text-decoration)] [text-decoration-color:var(--person-link-text-decoration-color)]!\" href=\"https:\/\/www.is.fi\/haku\/?query=Noora%20Karma\" rel=\"nofollow noopener\" target=\"_blank\">Noora Karma<\/a>, toimittaja <a class=\"font-bold underline-offset-[0.12em] [text-decoration:var(--person-link-text-decoration)] [text-decoration-color:var(--person-link-text-decoration-color)]!\" href=\"https:\/\/www.is.fi\/haku\/?query=Katja%20Lintunen\" rel=\"nofollow noopener\" target=\"_blank\">Katja Lintunen<\/a> sek\u00e4 kauneusvaikuttaja ja yritt\u00e4j\u00e4 <a class=\"font-bold underline-offset-[0.12em] [text-decoration:var(--person-link-text-decoration)] [text-decoration-color:var(--person-link-text-decoration-color)]!\" href=\"https:\/\/www.is.fi\/haku\/?query=Rita%20Jokinen\" rel=\"nofollow noopener\" target=\"_blank\">Rita Jokinen<\/a>, joka valittiin Miss Suomi 2015 -kilpailussa yleis\u00f6n suosikiksi.<\/p>\n<p class=\"article-body mb-(--paragraph-margin-b) px-nof-16\">Miss Suomi <a class=\"font-bold underline-offset-[0.12em] [text-decoration:var(--person-link-text-decoration)] [text-decoration-color:var(--person-link-text-decoration-color)]!\" href=\"https:\/\/www.is.fi\/haku\/?query=Tara%20Lehtonen\" rel=\"nofollow noopener\" target=\"_blank\">Tara Lehtonen<\/a> luovutti kruunun finaalissa uudelle Miss Suomelle. Lehtosen kausi Miss Suomena j\u00e4i poikkeuksellisen lyhyeksi, sill\u00e4 h\u00e4n oli alun perin ensimm\u00e4inen perint\u00f6prinsessa. Kisan voittajaksi kruunattu <a class=\"font-bold underline-offset-[0.12em] [text-decoration:var(--person-link-text-decoration)] [text-decoration-color:var(--person-link-text-decoration-color)]!\" href=\"https:\/\/www.is.fi\/haku\/?query=Sarah%20Dzafce\" rel=\"nofollow noopener\" target=\"_blank\">Sarah Dzafce<\/a> luopui kruunustaan silmien venyttely -kohun my\u00f6t\u00e4.<\/p>\n","protected":false},"excerpt":{"rendered":"Uusi Miss Suomi on selvill\u00e4. Uudeksi Miss Suomeksi kruunattiin lauantai-iltana Veera Gr\u00f6nlund, 30. Gr\u00f6nlund on el\u00e4inl\u00e4\u00e4k\u00e4riopiskelija ja el\u00e4insuojeluyhdistyksen&hellip;\n","protected":false},"author":2,"featured_media":342336,"comment_status":"","ping_status":"","sticky":false,"template":"","format":"standard","meta":{"footnotes":"","_share_on_mastodon":"0"},"categories":[130],"tags":[137,33,31,30,34,32,109],"class_list":["post-342335","post","type-post","status-publish","format-standard","has-post-thumbnail","category-viihde","tag-entertainment","tag-fi","tag-finland","tag-finnish","tag-ilta-sanomat","tag-suomi","tag-viihde"],"share_on_mastodon":{"url":"https:\/\/pubeurope.com\/@fi\/117220065456702212","error":""},"_links":{"self":[{"href":"https:\/\/www.europesays.com\/fi\/wp-json\/wp\/v2\/posts\/342335","targetHints":{"allow":["GET"]}}],"collection":[{"href":"https:\/\/www.europesays.com\/fi\/wp-json\/wp\/v2\/posts"}],"about":[{"href":"https:\/\/www.europesays.com\/fi\/wp-json\/wp\/v2\/types\/post"}],"author":[{"embeddable":true,"href":"https:\/\/www.europesays.com\/fi\/wp-json\/wp\/v2\/users\/2"}],"replies":[{"embeddable":true,"href":"https:\/\/www.europesays.com\/fi\/wp-json\/wp\/v2\/comments?post=342335"}],"version-history":[{"count":0,"href":"https:\/\/www.europesays.com\/fi\/wp-json\/wp\/v2\/posts\/342335\/revisions"}],"wp:featuredmedia":[{"embeddable":true,"href":"https:\/\/www.europesays.com\/fi\/wp-json\/wp\/v2\/media\/342336"}],"wp:attachment":[{"href":"https:\/\/www.europesays.com\/fi\/wp-json\/wp\/v2\/media?parent=342335"}],"wp:term":[{"taxonomy":"category","embeddable":true,"href":"https:\/\/www.europesays.com\/fi\/wp-json\/wp\/v2\/categories?post=342335"},{"taxonomy":"post_tag","embeddable":true,"href":"https:\/\/www.europesays.com\/fi\/wp-json\/wp\/v2\/tags?post=342335"}],"curies":[{"name":"wp","href":"https:\/\/api.w.org\/{rel}","templated":true}]}}