{"id":342345,"date":"2026-09-05T19:41:20","date_gmt":"2026-09-05T19:41:20","guid":{"rendered":"https:\/\/www.europesays.com\/fi\/342345\/"},"modified":"2026-09-05T19:41:20","modified_gmt":"2026-09-05T19:41:20","slug":"kutsuvieras-saapui-punaiselle-matolle-ja-latasi-suoraa-tekstia-miss-suomi-kisasta","status":"publish","type":"post","link":"https:\/\/www.europesays.com\/fi\/342345\/","title":{"rendered":"Kutsuvieras saapui punaiselle matolle ja latasi suoraa teksti\u00e4 Miss Suomi -kisasta"},"content":{"rendered":"<p>\u2013 Toivoisin kisaajia monipuolisemmasta taustasta, toteaa Kelly Kalonji.<\/p>\n<p><img decoding=\"async\" src=\"https:\/\/www.europesays.com\/fi\/wp-content\/uploads\/2026\/09\/1788637279_782_468.jpg\" alt=\"\" class=\"_Img_1rerz_1\" style=\"aspect-ratio:1920\/1280\" loading=\"eager\"\/><\/p>\n<p class=\"font-(family-name:--picture-caption-font-family) text-(length:--picture-caption-font-size) leading-(--picture-caption-leading) font-(--picture-caption-font-weight) text-(color:--picture-caption-color)\">Kuva:\u00a0Ivan Bessedin \/ HS<\/p>\n<p class=\"article-body mb-(--paragraph-margin-b) px-nof-16\">Vuoden 2013 Miss Helsinki -voittaja, suomalaiskongolainen <a class=\"font-bold underline-offset-[0.12em] [text-decoration:var(--person-link-text-decoration)] [text-decoration-color:var(--person-link-text-decoration-color)]!\" href=\"https:\/\/www.is.fi\/haku\/?query=Kelly%20Kalonji\" rel=\"nofollow noopener\" target=\"_blank\">Kelly Kalonji <\/a>ihmettelee, miksi Miss Suomi -kisassa ei n\u00e4hd\u00e4 enemm\u00e4n etnisyytt\u00e4.<\/p>\n<p class=\"article-body mb-(--paragraph-margin-b) px-nof-16\">\u2013 Miss\u00e4 ovat kaikki tummaihoiset kisaajat? Heit\u00e4 pit\u00e4isi olla enemm\u00e4n, toivoisin kisaajia monipuolisemmasta taustasta, h\u00e4n sanoi IS:lle Miss Suomi -finaalin punaisella matolla lauantaina.<\/p>\n<p class=\"article-body mb-(--paragraph-margin-b) px-nof-16\">Kalonjin mielest\u00e4 Miss Suomi on upea ja t\u00e4rke\u00e4 kisa, jossa naiset p\u00e4\u00e4sev\u00e4t poikkeuksellisella tavalla esille.<\/p>\n<p class=\"article-body mb-(--paragraph-margin-b) px-nof-16\">\u2013 Mutta jostain syyst\u00e4 eri etnisist\u00e4 taustoista olevat eiv\u00e4t p\u00e4\u00e4dy monipuolisesti kisaan. T\u00e4m\u00e4n pit\u00e4isi muuttua, h\u00e4n ajattelee.<\/p>\n<p><img decoding=\"async\" src=\"https:\/\/www.europesays.com\/fi\/wp-content\/uploads\/2026\/09\/1788637280_927_468.jpg\" alt=\"Kelly Kalonji toivoo Miss Suomi -kisaan muutosta.\" class=\"_Img_1rerz_1\" style=\"aspect-ratio:1280\/1920\" loading=\"eager\"\/><\/p>\n<p class=\"font-(family-name:--picture-caption-font-family) text-(length:--picture-caption-font-size) leading-(--picture-caption-leading) font-(--picture-caption-font-weight) text-(color:--picture-caption-color) picture-with-caption__caption picture-with-caption__caption--default-full\">Kelly Kalonji toivoo Miss Suomi -kisaan muutosta. Kuva:\u00a0Jussi Helttunen<\/p>\n<p class=\"article-body mb-(--paragraph-margin-b) px-nof-16\">Kalonji kertoi kuulumistaan aiemmin IS:lle hein\u00e4kuussa. H\u00e4n ty\u00f6skentelee nyky\u00e4\u00e4n l\u00e4hihoitajana, mutta valmistuu pian sairaanhoitajaksi.<\/p>\n<p class=\"article-body mb-(--paragraph-margin-b) px-nof-16\">\u2013 Opinnot ovat toivon mukaan loppuvaiheessa. T\u00e4ss\u00e4 on ollut v\u00e4h\u00e4n kaikenlaista, mutta pian minun on tarkoitus valmistua, Kalonji kertoi.<\/p>\n<p class=\"article-body mb-(--paragraph-margin-b) px-nof-16\">Kalonjilla oli my\u00f6s selke\u00e4 p\u00e4\u00e4m\u00e4\u00e4r\u00e4 hoitajaopinnoilleen. H\u00e4nen kongolaisperheell\u00e4\u00e4n on orpokoti, ja h\u00e4n on nykyisin yksi paikan omistajista. H\u00e4n haluaisi p\u00e4\u00e4st\u00e4 kouluttamaan orpokodin hoitajia omalla osaamisellaan.<\/p>\n<p class=\"article-body mb-(--paragraph-margin-b) px-nof-16\">Kalonji on aiemmin kertonut perheens\u00e4 paenneen sotaa Kongosta, kun h\u00e4n oli 8-vuotias. Perhe tuli Pariisin kautta Suomeen, eik\u00e4 alku ollut helppo. Suomessa oli kuitenkin turvallista ja hyv\u00e4t koulutusmahdollisuudet.<\/p>\n<p class=\"article-body mb-(--paragraph-margin-b) px-nof-16\">Kaloji on n\u00e4hty mukana useissa tv-ohjelmissa, kuten Sinkut paljaana -ohjelmassa ja Big Brotherissa.<\/p>\n","protected":false},"excerpt":{"rendered":"\u2013 Toivoisin kisaajia monipuolisemmasta taustasta, toteaa Kelly Kalonji. Kuva:\u00a0Ivan Bessedin \/ HS Vuoden 2013 Miss Helsinki -voittaja, suomalaiskongolainen&hellip;\n","protected":false},"author":2,"featured_media":342346,"comment_status":"","ping_status":"","sticky":false,"template":"","format":"standard","meta":{"footnotes":"","_share_on_mastodon":"0"},"categories":[136],"tags":[407,137,33,31,30,34,408,32,109],"class_list":["post-342345","post","type-post","status-publish","format-standard","has-post-thumbnail","category-julkkikset","tag-celebrities","tag-entertainment","tag-fi","tag-finland","tag-finnish","tag-ilta-sanomat","tag-julkkikset","tag-suomi","tag-viihde"],"share_on_mastodon":{"url":"https:\/\/pubeurope.com\/@fi\/117220140256345746","error":""},"_links":{"self":[{"href":"https:\/\/www.europesays.com\/fi\/wp-json\/wp\/v2\/posts\/342345","targetHints":{"allow":["GET"]}}],"collection":[{"href":"https:\/\/www.europesays.com\/fi\/wp-json\/wp\/v2\/posts"}],"about":[{"href":"https:\/\/www.europesays.com\/fi\/wp-json\/wp\/v2\/types\/post"}],"author":[{"embeddable":true,"href":"https:\/\/www.europesays.com\/fi\/wp-json\/wp\/v2\/users\/2"}],"replies":[{"embeddable":true,"href":"https:\/\/www.europesays.com\/fi\/wp-json\/wp\/v2\/comments?post=342345"}],"version-history":[{"count":0,"href":"https:\/\/www.europesays.com\/fi\/wp-json\/wp\/v2\/posts\/342345\/revisions"}],"wp:featuredmedia":[{"embeddable":true,"href":"https:\/\/www.europesays.com\/fi\/wp-json\/wp\/v2\/media\/342346"}],"wp:attachment":[{"href":"https:\/\/www.europesays.com\/fi\/wp-json\/wp\/v2\/media?parent=342345"}],"wp:term":[{"taxonomy":"category","embeddable":true,"href":"https:\/\/www.europesays.com\/fi\/wp-json\/wp\/v2\/categories?post=342345"},{"taxonomy":"post_tag","embeddable":true,"href":"https:\/\/www.europesays.com\/fi\/wp-json\/wp\/v2\/tags?post=342345"}],"curies":[{"name":"wp","href":"https:\/\/api.w.org\/{rel}","templated":true}]}}