{"id":342349,"date":"2026-09-05T19:49:15","date_gmt":"2026-09-05T19:49:15","guid":{"rendered":"https:\/\/www.europesays.com\/fi\/342349\/"},"modified":"2026-09-05T19:49:15","modified_gmt":"2026-09-05T19:49:15","slug":"pastorin-vaimon-kuolema-hurjia-vaitteita-pastori-john-paul-millerista","status":"publish","type":"post","link":"https:\/\/www.europesays.com\/fi\/342349\/","title":{"rendered":"Pastorin vaimon kuolema: Hurjia v\u00e4itteit\u00e4 pastori John-Paul Millerist\u00e4"},"content":{"rendered":"<p>Kolmekymppisen naisen traagisesta kohtalosta ja sit\u00e4 edelt\u00e4neist\u00e4 ajoista tehty dokumenttisarja kiinnostaa Netflix-katsojia.<\/p>\n<p><img decoding=\"async\" src=\"https:\/\/www.europesays.com\/fi\/wp-content\/uploads\/2026\/09\/1788637754_826_468.jpg\" alt=\"Netflix-dokumentissa perehdyt\u00e4\u00e4n vuonna 2017 naimisiin menneiden Millerien avioliittoon, joka p\u00e4\u00e4ttyi Mica Millerin (vas.) kuolemaan vuonna 2024.\" class=\"_Img_1rerz_1\" style=\"aspect-ratio:1920\/1080\" loading=\"eager\"\/><\/p>\n<p class=\"font-(family-name:--picture-caption-font-family) text-(length:--picture-caption-font-size) leading-(--picture-caption-leading) font-(--picture-caption-font-weight) text-(color:--picture-caption-color)\">Netflix-dokumentissa perehdyt\u00e4\u00e4n vuonna 2017 naimisiin menneiden Millerien avioliittoon, joka p\u00e4\u00e4ttyi Mica Millerin (vas.) kuolemaan vuonna 2024. Kuva:\u00a0Netflix<\/p>\n<p class=\"article-body mb-(--paragraph-margin-b) px-nof-16\">Netflixin dokumenttisarja Pastorin Vaimon kuolema keikkuu suoratoistopalvelun katsotuimpien ohjelmien joukossa.<\/p>\n<p class=\"article-body mb-(--paragraph-margin-b) px-nof-16\">Sarja kertoo 30-vuotiaana kuolleen yhdysvaltalaisfilipiinil\u00e4isen <a class=\"font-bold underline-offset-[0.12em] [text-decoration:var(--person-link-text-decoration)] [text-decoration-color:var(--person-link-text-decoration-color)]!\" href=\"https:\/\/www.is.fi\/haku\/?query=Mica%20Millerin\" rel=\"nofollow noopener\" target=\"_blank\">Mica Millerin<\/a> kohtalosta. H\u00e4net l\u00f6ydettiin kev\u00e4\u00e4ll\u00e4 2024 kuolleena Yhdysvaltain Etel\u00e4-Carolinassa.<\/p>\n<p class=\"article-body mb-(--paragraph-margin-b) px-nof-16\">Millerin todettiin tehneen itsemurhan. Leski <a class=\"font-bold underline-offset-[0.12em] [text-decoration:var(--person-link-text-decoration)] [text-decoration-color:var(--person-link-text-decoration-color)]!\" href=\"https:\/\/www.is.fi\/haku\/?query=John-Paul%20Miller\" rel=\"nofollow noopener\" target=\"_blank\">John-Paul Miller<\/a>, 46, esiintyi seurakuntansa tilaisuuksissa pian kertoen vaimonsa itsemurhasta. Lis\u00e4ksi h\u00e4n antoi haastatteluita julkisuuteen. Miller sai ihmisilt\u00e4 my\u00f6t\u00e4tuntoa.<\/p>\n<p><img decoding=\"async\" src=\"https:\/\/www.europesays.com\/fi\/wp-content\/uploads\/2026\/09\/1788637754_338_468.jpg\" alt=\"Mica Millerin kohtalo on koskettanut monia Yhdysvalloissa.\" class=\"_Img_1rerz_1\" style=\"aspect-ratio:1920\/1080\" loading=\"eager\"\/><\/p>\n<p class=\"font-(family-name:--picture-caption-font-family) text-(length:--picture-caption-font-size) leading-(--picture-caption-leading) font-(--picture-caption-font-weight) text-(color:--picture-caption-color) picture-with-caption__caption picture-with-caption__caption--default-full\">Mica Millerin kohtalo on koskettanut monia Yhdysvalloissa. Kuva:\u00a0Netflix<\/p>\n<p><img decoding=\"async\" src=\"https:\/\/www.europesays.com\/fi\/wp-content\/uploads\/2026\/09\/1788637755_312_468.jpg\" alt=\"John-Paul Miller ei en\u00e4\u00e4 ty\u00f6skentele pastorina perustamassaan seurakunnassa.\" class=\"_Img_1rerz_1\" style=\"aspect-ratio:1920\/1080\" loading=\"eager\"\/><\/p>\n<p class=\"font-(family-name:--picture-caption-font-family) text-(length:--picture-caption-font-size) leading-(--picture-caption-leading) font-(--picture-caption-font-weight) text-(color:--picture-caption-color) picture-with-caption__caption picture-with-caption__caption--default-full\">John-Paul Miller ei en\u00e4\u00e4 ty\u00f6skentele pastorina perustamassaan seurakunnassa. Kuva:\u00a0Netflix<\/p>\n<p class=\"article-body mb-(--paragraph-margin-b) px-nof-16\">Millerit olivat tunnettu pariskunta kotiseudullaan Etel\u00e4-Carolinassa, jossa John-Paul Miller toimi pastorina perustamassaan Solid Rock Church -seurakunnassa.<\/p>\n<p class=\"article-body mb-(--paragraph-margin-b) px-nof-16\">John-Paul Millerill\u00e4 oli nelj\u00e4 lasta aiemmasta liitostaan ja Mica Millerkin oli ehtinyt nuorena toisen miehen kanssa naimisiin. John-Paul ja Mica kuitenkin j\u00e4ttiv\u00e4t aiemmat kumppaninsa ja avioituivat kesken\u00e4\u00e4n vuonna 2017.<\/p>\n<p class=\"article-body mb-(--paragraph-margin-b) px-nof-16\">Tuore dokumenttisarja on her\u00e4tt\u00e4nyt Yhdysvalloissa paljon keskustelua, sill\u00e4 Mica Millerin omaiset v\u00e4itt\u00e4v\u00e4t siin\u00e4 John-Paul Millerin piinanneen Mica Milleria monin tavoin. Esimerkiksi er\u00e4\u00e4n Mica Millerin yst\u00e4v\u00e4n mukaan nainen oli kertonut h\u00e4nelle, miten John-Paul Miller harjoitti henkist\u00e4 v\u00e4kivaltaa vaimoaan kohtaan muun muassa pit\u00e4m\u00e4ll\u00e4 t\u00e4t\u00e4 v\u00e4kisin hereill\u00e4. Mies v\u00e4itetysti painosti vaimoaan seksiin.<\/p>\n<p class=\"article-body mb-(--paragraph-margin-b) px-nof-16\">Dokumenttisarjassa n\u00e4hd\u00e4\u00e4n, miten John-Paul Miller puhui seurakunnassaan seksist\u00e4.<\/p>\n<p class=\"article-body mb-(--paragraph-margin-b) px-nof-16\">\u2013\u2009Seksist\u00e4 kielt\u00e4ytyminen avioliitossa on moraalitonta yht\u00e4 lailla kuin homoseksuaalisuus. Kun miehesi haluaa seksi\u00e4, Jumalan enkeli taivaasta ei auta siin\u00e4, John-Paul Miller kohdisti sanansa seurakunnan naisille.<\/p>\n<p><img decoding=\"async\" src=\"https:\/\/www.europesays.com\/fi\/wp-content\/uploads\/2026\/09\/1788637755_77_468.jpg\" alt=\"Mica Miller k\u00e4rsi mielenterveysongelmista. Omaisten mukaan John-Paul Millerin k\u00e4yt\u00f6s oli hyvin ahdistavaa ja painostavaa vaimoaan kohtaan. Viranomaiset totesivat naisen ampuneen itsens\u00e4.\" class=\"_Img_1rerz_1\" style=\"aspect-ratio:1920\/1080\" loading=\"eager\"\/><\/p>\n<p class=\"font-(family-name:--picture-caption-font-family) text-(length:--picture-caption-font-size) leading-(--picture-caption-leading) font-(--picture-caption-font-weight) text-(color:--picture-caption-color) picture-with-caption__caption picture-with-caption__caption--default-full\">Mica Miller k\u00e4rsi mielenterveysongelmista. Omaisten mukaan John-Paul Millerin k\u00e4yt\u00f6s oli hyvin ahdistavaa ja painostavaa vaimoaan kohtaan. Viranomaiset totesivat naisen ampuneen itsens\u00e4. Kuva:\u00a0Netflix<\/p>\n<p class=\"article-body mb-(--paragraph-margin-b) px-nof-16\">Pariskunnan avioliitto rakoili pitk\u00e4\u00e4n, ja Mica Miller halusi erota miehest\u00e4\u00e4n. Dokumenttisarjan mukaan John-Paul Miller muun muassa asensi seurantalaitteen vaimonsa autoon.<\/p>\n<p class=\"article-body mb-(--paragraph-margin-b) px-nof-16\">John-Paul Millerin k\u00e4yt\u00f6s tyrmistytti Mica Millerin omaiset heid\u00e4n rakkaansa kuoleman j\u00e4lkeen. Yksi Mica Millerin siskoista sanoo saaneensa John-Paulilta karmean viestin siskonsa kuoleman j\u00e4lkeen.<\/p>\n<p class=\"article-body mb-(--paragraph-margin-b) px-nof-16\">\u2013\u2009John-Paul kirjoitti viestiss\u00e4\u00e4n, ett\u00e4 n\u00e4in k\u00e4y, kun mielenterveysongelmista k\u00e4rsiv\u00e4\u00e4 ihmist\u00e4 yritet\u00e4\u00e4n saada eroon ainoasta ihmisest\u00e4, joka v\u00e4litt\u00e4\u00e4 h\u00e4nest\u00e4. Hyv\u00e4\u00e4 ty\u00f6t\u00e4, perheenne, viestiss\u00e4 v\u00e4itetysti luki.<\/p>\n<p class=\"article-body mb-(--paragraph-margin-b) px-nof-16\">John Paul-Milleri\u00e4 ei n\u00e4hd\u00e4 dokumenttisarjassa.<\/p>\n<p class=\"article-body mb-(--paragraph-margin-b) px-nof-16\">Mica Millerin kuollessa John-Paul Miller oli todistetusti toisaalla, mutta miehen toimintaa ja k\u00e4yt\u00f6st\u00e4 on muutoin arvosteltu rapakon takana laajasti.<\/p>\n<p class=\"article-body mb-(--paragraph-margin-b) px-nof-16\"><a class=\"underline underline-offset-[0.12em] [text-decoration-thickness:var(--generic-link-underline-thickness)] [text-decoration-color:var(--generic-link-underline-color)] [text-decoration-skip-ink:var(--generic-link-underline-skip-ink)] break-words\" href=\"https:\/\/people.com\/where-is-john-paul-miller-now-12065532\" rel=\"nofollow noopener\" target=\"_blank\">People<\/a> kertoi elokuussa, ett\u00e4 John-Paul Miller on t\u00e4ll\u00e4 hetkell\u00e4 takuita vastaan vapaana. H\u00e4nt\u00e4 syytet\u00e4\u00e4n h\u00e4irinn\u00e4st\u00e4 ja ahdistelusta. Syytteen mukaan Miller l\u00e4hetti jopa yli 50 \u201dh\u00e4iritsev\u00e4\u00e4\u201d viesti\u00e4 p\u00e4iv\u00e4ss\u00e4 vaimolleen.<\/p>\n<p class=\"article-body mb-(--paragraph-margin-b) px-nof-16\">Lis\u00e4ksi Milleri\u00e4 syytet\u00e4\u00e4n vaimonsa alastonkuvan julkaisemisesta Facebookissa ilman t\u00e4m\u00e4n lupaa. Syytteen mukaan Miller on my\u00f6s valehdellut h\u00e4nt\u00e4 puhuttaneille viranomaisille Mica Millerin kuoleman j\u00e4lkeen.<\/p>\n<p class=\"article-body mb-(--paragraph-margin-b) px-nof-16\">Oikeutta on m\u00e4\u00e4r\u00e4 k\u00e4yd\u00e4 loppuvuodesta 2026.<\/p>\n<p class=\"article-body mb-(--paragraph-margin-b) px-nof-16\"><a class=\"underline underline-offset-[0.12em] [text-decoration-thickness:var(--generic-link-underline-thickness)] [text-decoration-color:var(--generic-link-underline-color)] [text-decoration-skip-ink:var(--generic-link-underline-skip-ink)] break-words\" href=\"https:\/\/www.cosmopolitan.com\/entertainment\/tv\/a73533875\/where-is-john-paul-miller-now\/\" rel=\"nofollow noopener\" target=\"_blank\">Cosmopolitanin<\/a> mukaan John-Paul Miller meni uudestaan naimisiin vuonna 2025. Lehden mukaan h\u00e4\u00e4t pidettiin l\u00e4hell\u00e4 paikkaa, jossa John-Paul Miller ja Mica Miller meniv\u00e4t naimisiin vuonna 2017.<\/p>\n<p class=\"nof-ui-body-medium break-words mb-(--paragraph-margin-b) px-nof-16\">Pastorin vaimon kuolema, Netflix.<\/p>\n","protected":false},"excerpt":{"rendered":"Kolmekymppisen naisen traagisesta kohtalosta ja sit\u00e4 edelt\u00e4neist\u00e4 ajoista tehty dokumenttisarja kiinnostaa Netflix-katsojia. Netflix-dokumentissa perehdyt\u00e4\u00e4n vuonna 2017 naimisiin menneiden&hellip;\n","protected":false},"author":2,"featured_media":342350,"comment_status":"","ping_status":"","sticky":false,"template":"","format":"standard","meta":{"footnotes":"","_share_on_mastodon":"0"},"categories":[130],"tags":[137,33,31,30,34,32,109],"class_list":["post-342349","post","type-post","status-publish","format-standard","has-post-thumbnail","category-viihde","tag-entertainment","tag-fi","tag-finland","tag-finnish","tag-ilta-sanomat","tag-suomi","tag-viihde"],"share_on_mastodon":{"url":"https:\/\/pubeurope.com\/@fi\/117220171737131980","error":""},"_links":{"self":[{"href":"https:\/\/www.europesays.com\/fi\/wp-json\/wp\/v2\/posts\/342349","targetHints":{"allow":["GET"]}}],"collection":[{"href":"https:\/\/www.europesays.com\/fi\/wp-json\/wp\/v2\/posts"}],"about":[{"href":"https:\/\/www.europesays.com\/fi\/wp-json\/wp\/v2\/types\/post"}],"author":[{"embeddable":true,"href":"https:\/\/www.europesays.com\/fi\/wp-json\/wp\/v2\/users\/2"}],"replies":[{"embeddable":true,"href":"https:\/\/www.europesays.com\/fi\/wp-json\/wp\/v2\/comments?post=342349"}],"version-history":[{"count":0,"href":"https:\/\/www.europesays.com\/fi\/wp-json\/wp\/v2\/posts\/342349\/revisions"}],"wp:featuredmedia":[{"embeddable":true,"href":"https:\/\/www.europesays.com\/fi\/wp-json\/wp\/v2\/media\/342350"}],"wp:attachment":[{"href":"https:\/\/www.europesays.com\/fi\/wp-json\/wp\/v2\/media?parent=342349"}],"wp:term":[{"taxonomy":"category","embeddable":true,"href":"https:\/\/www.europesays.com\/fi\/wp-json\/wp\/v2\/categories?post=342349"},{"taxonomy":"post_tag","embeddable":true,"href":"https:\/\/www.europesays.com\/fi\/wp-json\/wp\/v2\/tags?post=342349"}],"curies":[{"name":"wp","href":"https:\/\/api.w.org\/{rel}","templated":true}]}}