{"id":342357,"date":"2026-09-05T19:55:10","date_gmt":"2026-09-05T19:55:10","guid":{"rendered":"https:\/\/www.europesays.com\/fi\/342357\/"},"modified":"2026-09-05T19:55:10","modified_gmt":"2026-09-05T19:55:10","slug":"lentokoneessa-retteloinyt-matkustaja-teipattiin-kiinni-penkkiin-yhdysvalloissa","status":"publish","type":"post","link":"https:\/\/www.europesays.com\/fi\/342357\/","title":{"rendered":"Lentokoneessa rettel\u00f6inyt matkustaja teipattiin kiinni penkkiin Yhdysvalloissa"},"content":{"rendered":"<p>Dallasista Newarkiin matkalla ollut lentokone joutui tekem\u00e4\u00e4n h\u00e4t\u00e4laskun matkustajan vuoksi.<\/p>\n<p><img decoding=\"async\" src=\"https:\/\/www.europesays.com\/fi\/wp-content\/uploads\/2026\/09\/1788638109_232_468.jpg\" alt=\"American Airlinesin lennolla h\u00e4irikk\u00f6 pantiin tiukasti kuriin.\" class=\"_Img_1rerz_1\" style=\"aspect-ratio:1920\/1080\" loading=\"eager\"\/><\/p>\n<p class=\"font-(family-name:--picture-caption-font-family) text-(length:--picture-caption-font-size) leading-(--picture-caption-leading) font-(--picture-caption-font-weight) text-(color:--picture-caption-color)\">American Airlinesin lennolla h\u00e4irikk\u00f6 pantiin tiukasti kuriin. Kuva:\u00a0Zuma \/ MVPhotos, X<\/p>\n<p class=\"article-body mb-(--paragraph-margin-b) px-nof-16\">American Airlinesin lennolla rettel\u00f6inyt matkustaja koki rujon kohtalon kesken lennon. Muiden matkustajien avulla h\u00e4iritsev\u00e4 matkustaja teipattiin ilmastointiteipist\u00e4 kiinni istuimeen.<\/p>\n<p class=\"article-body mb-(--paragraph-margin-b) px-nof-16\">Tapaus sattui viime torstaina American Airlinesin lennolla Dallasista Newarkiin.<\/p>\n<p class=\"article-body mb-(--paragraph-margin-b) px-nof-16\">Asiasta kertoivat muun muassa yhdysvaltalaiset <a class=\"underline underline-offset-[0.12em] [text-decoration-thickness:var(--generic-link-underline-thickness)] [text-decoration-color:var(--generic-link-underline-color)] [text-decoration-skip-ink:var(--generic-link-underline-skip-ink)] break-words\" href=\"https:\/\/edition.cnn.com\/2026\/09\/04\/us\/disruptive-passenger-duct-tape\" rel=\"nofollow noopener\" target=\"_blank\">CNN<\/a> ja <a class=\"underline underline-offset-[0.12em] [text-decoration-thickness:var(--generic-link-underline-thickness)] [text-decoration-color:var(--generic-link-underline-color)] [text-decoration-skip-ink:var(--generic-link-underline-skip-ink)] break-words\" href=\"https:\/\/abcnews.com\/US\/unruly-passenger-arrested-after-restrained-duct-tape-flight\/story?id=136214947\" rel=\"nofollow noopener\" target=\"_blank\">ABC News<\/a>.<\/p>\n<p class=\"article-body mb-(--paragraph-margin-b) px-nof-16\">Lento oli jo yli puolenv\u00e4lin, kun ensimm\u00e4isess\u00e4 luokassa istunut 67-vuotias mies alkoi k\u00e4ytt\u00e4yty\u00e4 aggressiivisesti.<\/p>\n<p class=\"article-body mb-(--paragraph-margin-b) px-nof-16\">Ensin tilanteeseen yritti puuttua lentoem\u00e4nt\u00e4, mutta mies kiihtyi yh\u00e4 enemm\u00e4n, alkoi huutaa rivouksia ja rasistisia solvauksia henkil\u00f6kunnalle ja muille matkustajille ja lopulta alkoi ly\u00f6d\u00e4 kahta muuta matkustajaa.<\/p>\n<p class=\"article-body mb-(--paragraph-margin-b) px-nof-16\">Lennolla sattui olemaan el\u00e4k\u00f6itynyt poliisi, joka puuttui kahden muun matkustajan avulla tilanteeseen n\u00e4hdess\u00e4\u00e4n miehen muuttuvan v\u00e4kivaltaiseksi. Lentoem\u00e4nt\u00e4 antoi miehille nippusiteen, jolla he sitoivat rettel\u00f6itsij\u00e4n ranteet.<\/p>\n<p class=\"article-body mb-(--paragraph-margin-b) px-nof-16\">H\u00e4irikk\u00f6 ei t\u00e4st\u00e4 rauhoittunut. H\u00e4n puri yht\u00e4 miest\u00e4 ja yritti purra toistakin, mink\u00e4 j\u00e4lkeen h\u00e4irikk\u00f6 teipattiin istuimeen kiinni t\u00e4m\u00e4n pit\u00e4miseksi aloillaan.<\/p>\n<p class=\"article-body mb-(--paragraph-margin-b) px-nof-16\">\u2013\u2009Fyysisesti se kyll\u00e4 \u200b\u200bheikensi h\u00e4nen kyky\u00e4\u00e4n liikkua, mutta se ei ratkaissut ongelmaa. H\u00e4n edelleen ponnisteli, rimpuili ja yritti nousta istuimesta yl\u00f6s, miest\u00e4 paketoimassa ollut <a class=\"font-bold underline-offset-[0.12em] [text-decoration:var(--person-link-text-decoration)] [text-decoration-color:var(--person-link-text-decoration-color)]!\" href=\"https:\/\/www.is.fi\/haku\/?query=Richard%20Olenick\" rel=\"nofollow noopener\" target=\"_blank\">Richard Olenick<\/a> sanoi CNN:n mukaan.<\/p>\n<p class=\"article-body mb-(--paragraph-margin-b) px-nof-16\">Seuraavat 15 minuuttia Olenick istui teipatun miehen syliss\u00e4, kunnes kone teki h\u00e4t\u00e4laskun Baltimoreen. Jos Olenick yritti siirty\u00e4 omalle penkilleen istumaan, h\u00e4irikk\u00f6 yritti heti pungeta penkist\u00e4 yl\u00f6s.<\/p>\n<p class=\"article-body mb-(--paragraph-margin-b) px-nof-16\">Baltimoren lentokent\u00e4ll\u00e4 poliisi k\u00e4vi hakemassa rettel\u00f6itsij\u00e4n hoteisiinsa. Kun h\u00e4net oli poistettu, lento jatkoi matkaansa Newarkiin.<\/p>\n<p><img decoding=\"async\" src=\"https:\/\/www.europesays.com\/fi\/wp-content\/uploads\/2026\/09\/1788638110_926_468.jpg\" alt=\"American Airlinesin lento p\u00e4\u00e4si lopulta m\u00e4\u00e4r\u00e4np\u00e4\u00e4h\u00e4ns\u00e4.\" class=\"_Img_1rerz_1\" style=\"aspect-ratio:1920\/1279\" loading=\"eager\"\/><\/p>\n<p class=\"font-(family-name:--picture-caption-font-family) text-(length:--picture-caption-font-size) leading-(--picture-caption-leading) font-(--picture-caption-font-weight) text-(color:--picture-caption-color) picture-with-caption__caption picture-with-caption__caption--default-full\">American Airlinesin lento p\u00e4\u00e4si lopulta m\u00e4\u00e4r\u00e4np\u00e4\u00e4h\u00e4ns\u00e4. Kuva:\u00a0Chris Beckett \/ Zumapress \/ MVPhotos<\/p>\n<p class=\"article-body mb-(--paragraph-margin-b) px-nof-16\">\u2013\u2009Emme tied\u00e4 tarkalleen, mik\u00e4 kaiken laukaisi. Mutta olipa se mit\u00e4 tahansa, se oli melko intensiivist\u00e4, Olenick sanoi.<\/p>\n<p class=\"article-body mb-(--paragraph-margin-b) px-nof-16\">Yhdysvaltain ilmailuviraston FAA:n mukaan t\u00e4n\u00e4 vuonna on raportoitu yli 1\u202f160 h\u00e4iritsev\u00e4\u00e4 matkustajav\u00e4likohtausta.<\/p>\n","protected":false},"excerpt":{"rendered":"Dallasista Newarkiin matkalla ollut lentokone joutui tekem\u00e4\u00e4n h\u00e4t\u00e4laskun matkustajan vuoksi. American Airlinesin lennolla h\u00e4irikk\u00f6 pantiin tiukasti kuriin. Kuva:\u00a0Zuma&hellip;\n","protected":false},"author":2,"featured_media":342358,"comment_status":"","ping_status":"","sticky":false,"template":"","format":"standard","meta":{"footnotes":"","_share_on_mastodon":"0"},"categories":[5],"tags":[22,23,26,27,33,31,30,17,34,24,25,28,29,15,18,21,32,19,20,16],"class_list":["post-342357","post","type-post","status-publish","format-standard","has-post-thumbnail","category-otsikot","tag-breaking-news","tag-breakingnews","tag-featured-news","tag-featurednews","tag-fi","tag-finland","tag-finnish","tag-headlines","tag-ilta-sanomat","tag-latest-news","tag-latestnews","tag-main-news","tag-mainnews","tag-news","tag-otsikot","tag-paauutiset","tag-suomi","tag-top-stories","tag-topstories","tag-uutiset"],"share_on_mastodon":{"url":"","error":""},"_links":{"self":[{"href":"https:\/\/www.europesays.com\/fi\/wp-json\/wp\/v2\/posts\/342357","targetHints":{"allow":["GET"]}}],"collection":[{"href":"https:\/\/www.europesays.com\/fi\/wp-json\/wp\/v2\/posts"}],"about":[{"href":"https:\/\/www.europesays.com\/fi\/wp-json\/wp\/v2\/types\/post"}],"author":[{"embeddable":true,"href":"https:\/\/www.europesays.com\/fi\/wp-json\/wp\/v2\/users\/2"}],"replies":[{"embeddable":true,"href":"https:\/\/www.europesays.com\/fi\/wp-json\/wp\/v2\/comments?post=342357"}],"version-history":[{"count":0,"href":"https:\/\/www.europesays.com\/fi\/wp-json\/wp\/v2\/posts\/342357\/revisions"}],"wp:featuredmedia":[{"embeddable":true,"href":"https:\/\/www.europesays.com\/fi\/wp-json\/wp\/v2\/media\/342358"}],"wp:attachment":[{"href":"https:\/\/www.europesays.com\/fi\/wp-json\/wp\/v2\/media?parent=342357"}],"wp:term":[{"taxonomy":"category","embeddable":true,"href":"https:\/\/www.europesays.com\/fi\/wp-json\/wp\/v2\/categories?post=342357"},{"taxonomy":"post_tag","embeddable":true,"href":"https:\/\/www.europesays.com\/fi\/wp-json\/wp\/v2\/tags?post=342357"}],"curies":[{"name":"wp","href":"https:\/\/api.w.org\/{rel}","templated":true}]}}