{"id":342359,"date":"2026-09-05T20:07:17","date_gmt":"2026-09-05T20:07:17","guid":{"rendered":"https:\/\/www.europesays.com\/fi\/342359\/"},"modified":"2026-09-05T20:07:17","modified_gmt":"2026-09-05T20:07:17","slug":"antti-hakkanen-porvoon-droonista-kartoitus-tai-kuvantamislennokki","status":"publish","type":"post","link":"https:\/\/www.europesays.com\/fi\/342359\/","title":{"rendered":"Antti H\u00e4kk\u00e4nen Porvoon droonista \u2013 \u201dKartoitus- tai kuvantamislennokki\u201d"},"content":{"rendered":"<p>Puolustusministerin mukaan Suomenlahdella on t\u00e4ll\u00e4 hetkell\u00e4 \u201deritt\u00e4in paljon tapahtumia\u201d.<\/p>\n<p><img decoding=\"async\" src=\"https:\/\/www.europesays.com\/fi\/wp-content\/uploads\/2026\/09\/1788638837_842_468.jpg\" alt=\"Puolustusministeri Antti H\u00e4kk\u00e4sen (kok) mukaan on viel\u00e4 liian varhaista sanoa, onko Porvoon lennokilla kytk\u00f6ksi\u00e4 Ven\u00e4j\u00e4lle.\" class=\"_Img_1rerz_1\" style=\"aspect-ratio:1920\/1080\" loading=\"eager\"\/><\/p>\n<p class=\"font-(family-name:--picture-caption-font-family) text-(length:--picture-caption-font-size) leading-(--picture-caption-leading) font-(--picture-caption-font-weight) text-(color:--picture-caption-color)\">Puolustusministeri Antti H\u00e4kk\u00e4sen (kok) mukaan on viel\u00e4 liian varhaista sanoa, onko Porvoon lennokilla kytk\u00f6ksi\u00e4 Ven\u00e4j\u00e4lle. Kuva:\u00a0Vesa Moilanen \/ IS<\/p>\n<p>2.9. 14:47 | P\u00e4ivitetty 2.9. 17:58<\/p>\n<p class=\"article-body mb-(--paragraph-margin-b) px-nof-16\">Puolustusministeri\u00f6 tiedotti keskiviikkona mahdollisesta alueloukkauksesta Suomenlahdella.<\/p>\n<p class=\"article-body mb-(--paragraph-margin-b) px-nof-16\">Puolustusministeri <a class=\"font-bold underline-offset-[0.12em] [text-decoration:var(--person-link-text-decoration)] [text-decoration-color:var(--person-link-text-decoration-color)]!\" href=\"https:\/\/www.is.fi\/haku\/?query=Antti%20H%C3%A4kk%C3%A4nen\" rel=\"nofollow noopener\" target=\"_blank\">Antti H\u00e4kk\u00e4nen <\/a>(kok) kertoi eduskuntaan saapuessaan, ett\u00e4 Porvoon saariston ranta-alueelta l\u00f6ydetty lennokki on tarkoitettu alustavien tietojen mukaan kuvantamiseen.<\/p>\n<p class=\"article-body mb-(--paragraph-margin-b) px-nof-16\">\u2013 Ei olisi varsinainen r\u00e4j\u00e4hdelastissa ollut drooni, vaan kuvantamiseen tarkoitettu laite. Kartoitus- tai kuvantamislennokki, H\u00e4kk\u00e4nen kuvaili l\u00f6yd\u00f6st\u00e4.<\/p>\n<p class=\"article-body mb-(--paragraph-margin-b) px-nof-16\">Rajavartiolaitos ja poliisi tutkivat tapausta mahdollisena alueloukkauksena.<\/p>\n<p class=\"article-body mb-(--paragraph-margin-b) px-nof-16\">Kysymyksi\u00e4 her\u00e4tt\u00e4v\u00e4 tapaus?<\/p>\n<p class=\"article-body mb-(--paragraph-margin-b) px-nof-16\">\u2013 Totta kai, aina kuin vieras ilma-alus tai t\u00e4ss\u00e4 tapauksessa drooni l\u00f6ydet\u00e4\u00e4n Suomen alueelta. Se perataan tutkinnassa l\u00e4pi, miten t\u00e4llainen on p\u00e4\u00e4tynyt Suomeen ja mik\u00e4 tarkkaan ottaen on sen laitteen tausta, tekniikka ja valmistusmaa.<\/p>\n<p class=\"article-body mb-(--paragraph-margin-b) px-nof-16\">Saksa ilmoitti tiistaina pit\u00e4v\u00e4ns\u00e4 Ven\u00e4j\u00e4\u00e4 syyllisen\u00e4 elokuussa Leipzigin lentoasemalla tapahtuneeseen drooni-iskun yritykseen.<\/p>\n<p class=\"article-body mb-(--paragraph-margin-b) px-nof-16\">Ep\u00e4ilty iskuyritys kohdistui ukrainalaiseen rahtilentokoneeseen.<\/p>\n<p class=\"article-body mb-(--paragraph-margin-b) px-nof-16\">Suomi <a class=\"underline underline-offset-[0.12em] [text-decoration-thickness:var(--generic-link-underline-thickness)] [text-decoration-color:var(--generic-link-underline-color)] [text-decoration-skip-ink:var(--generic-link-underline-skip-ink)] break-words\" href=\"https:\/\/www.is.fi\/politiikka\/art-2000012246964.html\" rel=\"nofollow noopener\" target=\"_blank\">kutsuu <\/a>Ven\u00e4j\u00e4n Suomen-suurl\u00e4hettil\u00e4\u00e4n puhutteluun Leipzigin lentokent\u00e4n tapauksen vuoksi.<\/p>\n<p class=\"article-body mb-(--paragraph-margin-b) px-nof-16\">H\u00e4kk\u00e4nen pit\u00e4\u00e4 Leipzigin tapausta vakavana.<\/p>\n<p class=\"article-body mb-(--paragraph-margin-b) px-nof-16\">\u2013 Siin\u00e4 selv\u00e4sti Saksan analyysin mukaan j\u00e4ljet johtavat Ven\u00e4j\u00e4lle. Meid\u00e4n pit\u00e4\u00e4 my\u00f6s Suomen alueella olla maalla, merell\u00e4 ja ilmassa valppaana n\u00e4ihin hybridivaikuttamisen tapauksiin, Ven\u00e4j\u00e4 on t\u00e4ll\u00e4 sektorilla aika aktiivinen.<\/p>\n<p class=\"article-body mb-(--paragraph-margin-b) px-nof-16\">H\u00e4kk\u00e4sen mukaan Suomenlahdella on t\u00e4ll\u00e4 hetkell\u00e4 \u201deritt\u00e4in paljon tapahtumia\u201d.<\/p>\n<p class=\"article-body mb-(--paragraph-margin-b) px-nof-16\">\u2013 Varsinkin it\u00e4isen Suomenlahden osalla on paljon tavaraa meress\u00e4.<\/p>\n<p class=\"article-body mb-(--paragraph-margin-b) px-nof-16\">H\u00e4kk\u00e4nen huomauttaa, ett\u00e4 Saksa on Ukrainan suurin tukijamaa.<\/p>\n<p class=\"article-body mb-(--paragraph-margin-b) px-nof-16\">\u2013 Ven\u00e4j\u00e4n p\u00e4\u00e4pyrkimyksen\u00e4 on pelotella hybridivaikuttamisella p\u00e4\u00e4tt\u00e4ji\u00e4 ja kansalaisia siihen, ett\u00e4 Ukrainaa ei tuettaisi en\u00e4\u00e4.<\/p>\n<p class=\"article-body mb-(--paragraph-margin-b) px-nof-16\">\u2013 Ven\u00e4j\u00e4 ei kykene oikein rintamalla t\u00e4ll\u00e4 hetkell\u00e4 etenem\u00e4\u00e4n, ja se pyrkii saamaan Ukrainan tukijamaat poliittisesti sekaisin ja per\u00e4\u00e4ntym\u00e4\u00e4n Ukrainan tuesta. T\u00e4m\u00e4 tulee p\u00e4invastoin vahvistamaan Ukrainan tukemista.<\/p>\n<p class=\"article-body mb-(--paragraph-margin-b) px-nof-16\">My\u00f6s p\u00e4\u00e4ministeri <a class=\"font-bold underline-offset-[0.12em] [text-decoration:var(--person-link-text-decoration)] [text-decoration-color:var(--person-link-text-decoration-color)]!\" href=\"https:\/\/www.is.fi\/haku\/?query=Petteri%20Orpo\" rel=\"nofollow noopener\" target=\"_blank\">Petteri Orpo<\/a> (kok) n\u00e4kee, ett\u00e4 Ven\u00e4j\u00e4 pyrkii horjuttamaan l\u00e4nnen tukea Ukrainalle.<\/p>\n<p class=\"article-body mb-(--paragraph-margin-b) px-nof-16\">\u2013 Johtop\u00e4\u00e4t\u00f6ksen Euroopassa t\u00e4ytyy olla kovempia sanktioita ja enemm\u00e4n tukea Ukrainalle. Ven\u00e4j\u00e4\u00e4 ei saa p\u00e4\u00e4st\u00e4\u00e4 tavoitteisiinsa.<\/p>\n<p class=\"article-body mb-(--paragraph-margin-b) px-nof-16\">Orpo sanoo uskovansa Saksan arvioon Ven\u00e4j\u00e4n osallisuudesta.<\/p>\n<p class=\"article-body mb-(--paragraph-margin-b) px-nof-16\">\u2013 T\u00e4m\u00e4 on valitettava kehitys, ett\u00e4 Ven\u00e4j\u00e4 k\u00e4y entist\u00e4 h\u00e4ik\u00e4ilem\u00e4tt\u00f6m\u00e4mmin hybridisotaansa. Ven\u00e4j\u00e4 on koko ajan koventanut toimiaan, t\u00e4m\u00e4 on esimerkki taas siit\u00e4. Se pit\u00e4\u00e4 ottaa vakavasti.<\/p>\n<p class=\"article-body mb-(--paragraph-margin-b) px-nof-16\">2.9. kello 17.58: Lis\u00e4tty juttuun p\u00e4\u00e4ministeri Petteri Orpon (kok) kommentit.<\/p>\n","protected":false},"excerpt":{"rendered":"Puolustusministerin mukaan Suomenlahdella on t\u00e4ll\u00e4 hetkell\u00e4 \u201deritt\u00e4in paljon tapahtumia\u201d. Puolustusministeri Antti H\u00e4kk\u00e4sen (kok) mukaan on viel\u00e4 liian varhaista&hellip;\n","protected":false},"author":2,"featured_media":342360,"comment_status":"","ping_status":"","sticky":false,"template":"","format":"standard","meta":{"footnotes":"","_share_on_mastodon":"0"},"categories":[136],"tags":[407,137,33,31,30,34,408,32,109],"class_list":["post-342359","post","type-post","status-publish","format-standard","has-post-thumbnail","category-julkkikset","tag-celebrities","tag-entertainment","tag-fi","tag-finland","tag-finnish","tag-ilta-sanomat","tag-julkkikset","tag-suomi","tag-viihde"],"share_on_mastodon":{"url":"https:\/\/pubeurope.com\/@fi\/117220242173073751","error":""},"_links":{"self":[{"href":"https:\/\/www.europesays.com\/fi\/wp-json\/wp\/v2\/posts\/342359","targetHints":{"allow":["GET"]}}],"collection":[{"href":"https:\/\/www.europesays.com\/fi\/wp-json\/wp\/v2\/posts"}],"about":[{"href":"https:\/\/www.europesays.com\/fi\/wp-json\/wp\/v2\/types\/post"}],"author":[{"embeddable":true,"href":"https:\/\/www.europesays.com\/fi\/wp-json\/wp\/v2\/users\/2"}],"replies":[{"embeddable":true,"href":"https:\/\/www.europesays.com\/fi\/wp-json\/wp\/v2\/comments?post=342359"}],"version-history":[{"count":0,"href":"https:\/\/www.europesays.com\/fi\/wp-json\/wp\/v2\/posts\/342359\/revisions"}],"wp:featuredmedia":[{"embeddable":true,"href":"https:\/\/www.europesays.com\/fi\/wp-json\/wp\/v2\/media\/342360"}],"wp:attachment":[{"href":"https:\/\/www.europesays.com\/fi\/wp-json\/wp\/v2\/media?parent=342359"}],"wp:term":[{"taxonomy":"category","embeddable":true,"href":"https:\/\/www.europesays.com\/fi\/wp-json\/wp\/v2\/categories?post=342359"},{"taxonomy":"post_tag","embeddable":true,"href":"https:\/\/www.europesays.com\/fi\/wp-json\/wp\/v2\/tags?post=342359"}],"curies":[{"name":"wp","href":"https:\/\/api.w.org\/{rel}","templated":true}]}}