{"id":342363,"date":"2026-09-05T20:15:09","date_gmt":"2026-09-05T20:15:09","guid":{"rendered":"https:\/\/www.europesays.com\/fi\/342363\/"},"modified":"2026-09-05T20:15:09","modified_gmt":"2026-09-05T20:15:09","slug":"miss-suomi-2026-on-veera-gronlund-uutisia-lyhyesti","status":"publish","type":"post","link":"https:\/\/www.europesays.com\/fi\/342363\/","title":{"rendered":"Miss Suomi 2026 on Veera Gr\u00f6nlund | Uutisia lyhyesti"},"content":{"rendered":"<p class=\"aw__sc-1qwuw0s-0 aw__sc-ngllmo-0 epAWpq fzYpjk yle__article__paragraph\">Vuoden 2026 Miss Suomi- kisan on voittanut <strong class=\"aw__sc-ngllmo-2 gdRrun yle__article__strong\">Veera Gr\u00f6nlund<\/strong>.<\/p>\n<p class=\"aw__sc-1qwuw0s-0 aw__sc-ngllmo-0 epAWpq fzYpjk yle__article__paragraph\">Ensimm\u00e4iseksi perint\u00f6prinsessaksi valittiin <strong class=\"aw__sc-ngllmo-2 gdRrun yle__article__strong\">Aleksandra Hannusaari<\/strong> ja toiseksi perint\u00f6prinsessaksi <strong class=\"aw__sc-ngllmo-2 gdRrun yle__article__strong\">Sofia Singh<\/strong>.<\/p>\n<p class=\"aw__sc-1qwuw0s-0 aw__sc-ngllmo-0 epAWpq fzYpjk yle__article__paragraph\">Kilpailu k\u00e4ytiin lauantaina Espoossa.<\/p>\n<p class=\"aw__sc-1qwuw0s-0 aw__sc-ngllmo-0 epAWpq fzYpjk yle__article__paragraph\">Miss Suomi- kisa joutui talvella huomion kohteeksi, kun vuoden 2025 Miss Suomi, <a class=\"aw__sc-ngllmo-1 bTDnwX yle__article__link\" href=\"https:\/\/yle.fi\/a\/74-20199169\" role=\"link\" rel=\"nofollow noopener\" target=\"_blank\">Sarah Dzafce menetti kruununsa<\/a> rasismisyyt\u00f6sten j\u00e4lkeen.<\/p>\n<p class=\"aw__sc-1qwuw0s-0 aw__sc-ngllmo-0 epAWpq fzYpjk yle__article__paragraph\"><a class=\"aw__sc-ngllmo-1 bTDnwX yle__article__link\" href=\"https:\/\/areena.yle.fi\/tv\/ohjelmat\/30-3123\" role=\"link\" rel=\"nofollow noopener\" target=\"_blank\">Katso my\u00f6s Miss Suomi -kauneuskilpailuja vuosilta 1933\u201378 Yle Areenassa.<\/a><\/p>\n","protected":false},"excerpt":{"rendered":"Vuoden 2026 Miss Suomi- kisan on voittanut Veera Gr\u00f6nlund. Ensimm\u00e4iseksi perint\u00f6prinsessaksi valittiin Aleksandra Hannusaari ja toiseksi perint\u00f6prinsessaksi Sofia&hellip;\n","protected":false},"author":2,"featured_media":342364,"comment_status":"","ping_status":"","sticky":false,"template":"","format":"standard","meta":{"footnotes":"","_share_on_mastodon":"0"},"categories":[130],"tags":[137,400,33,31,30,2682,8510,42186,71,3458,4629,32,109],"class_list":["post-342363","post","type-post","status-publish","format-standard","has-post-thumbnail","category-viihde","tag-entertainment","tag-espoo","tag-fi","tag-finland","tag-finnish","tag-kauneus","tag-kauneuskilpailut","tag-kauneuskuningattaret","tag-kotimaa","tag-miss-suomi","tag-naisten-kauneuskilpailut","tag-suomi","tag-viihde"],"share_on_mastodon":{"url":"https:\/\/pubeurope.com\/@fi\/117220273288536375","error":""},"_links":{"self":[{"href":"https:\/\/www.europesays.com\/fi\/wp-json\/wp\/v2\/posts\/342363","targetHints":{"allow":["GET"]}}],"collection":[{"href":"https:\/\/www.europesays.com\/fi\/wp-json\/wp\/v2\/posts"}],"about":[{"href":"https:\/\/www.europesays.com\/fi\/wp-json\/wp\/v2\/types\/post"}],"author":[{"embeddable":true,"href":"https:\/\/www.europesays.com\/fi\/wp-json\/wp\/v2\/users\/2"}],"replies":[{"embeddable":true,"href":"https:\/\/www.europesays.com\/fi\/wp-json\/wp\/v2\/comments?post=342363"}],"version-history":[{"count":0,"href":"https:\/\/www.europesays.com\/fi\/wp-json\/wp\/v2\/posts\/342363\/revisions"}],"wp:featuredmedia":[{"embeddable":true,"href":"https:\/\/www.europesays.com\/fi\/wp-json\/wp\/v2\/media\/342364"}],"wp:attachment":[{"href":"https:\/\/www.europesays.com\/fi\/wp-json\/wp\/v2\/media?parent=342363"}],"wp:term":[{"taxonomy":"category","embeddable":true,"href":"https:\/\/www.europesays.com\/fi\/wp-json\/wp\/v2\/categories?post=342363"},{"taxonomy":"post_tag","embeddable":true,"href":"https:\/\/www.europesays.com\/fi\/wp-json\/wp\/v2\/tags?post=342363"}],"curies":[{"name":"wp","href":"https:\/\/api.w.org\/{rel}","templated":true}]}}