{"id":342367,"date":"2026-09-05T20:19:10","date_gmt":"2026-09-05T20:19:10","guid":{"rendered":"https:\/\/www.europesays.com\/fi\/342367\/"},"modified":"2026-09-05T20:19:10","modified_gmt":"2026-09-05T20:19:10","slug":"onko-tassa-putinin-jarjettomin-vaite-erikoista-ja-sekavaa","status":"publish","type":"post","link":"https:\/\/www.europesays.com\/fi\/342367\/","title":{"rendered":"Onko t\u00e4ss\u00e4 Putinin j\u00e4rjett\u00f6min v\u00e4ite? \u201dErikoista ja sekavaa\u201d"},"content":{"rendered":"<p>Onko Ven\u00e4j\u00e4n johto itsek\u00e4\u00e4n kartalla rintaman todellisuudesta, h\u00e4mm\u00e4stelee sota-asiantuntija Emil Kastehelmi.<\/p>\n<p class=\"paragraph\"><a href=\"https:\/\/www.iltalehti.fi\/henkilot\/Vladimir Putin\" class=\"article-link-person-page\" rel=\"nofollow noopener\" target=\"_blank\">Vladimir Putin<\/a> l\u00f6i Iltalehden asiantuntijan \u00e4llik\u00e4ll\u00e4 v\u00e4itt\u00e4m\u00e4ll\u00e4, ett\u00e4 Ven\u00e4j\u00e4 olisi vallannut Svjatohirskin kaupungin Ukrainassa.<\/p>\n<p class=\"paragraph\">\u2013 En ollenkaan tajua, mist\u00e4 t\u00e4m\u00e4 v\u00e4ite mahtaa kummuta, sanoo Iltalehden sota-asiantuntija <a href=\"https:\/\/www.iltalehti.fi\/henkilot\/Emil Kastehelmi\" class=\"article-link-person-page\" rel=\"nofollow noopener\" target=\"_blank\">Emil Kastehelmi<\/a>.<\/p>\n<p class=\"paragraph\">\u2013 Tilannestudiossa on aiemminkin k\u00e4sitelty erin\u00e4isi\u00e4 ven\u00e4l\u00e4isten omituisia ja jopa valheellisia v\u00e4itt\u00e4mi\u00e4 suoriutumisestaan rintamalla. Mutta t\u00e4ss\u00e4 oli nyt yksi v\u00e4ite, joka ehk\u00e4 l\u00f6i aiemmatkin laudalta.<\/p>\n<p class=\"paragraph\">Kastehelmen mukaan Putinin v\u00e4itteet erin\u00e4isten alueiden valtaamisesta pit\u00e4v\u00e4t osittain  paikkansa, mutta Svjatohirskist\u00e4 ei t\u00e4ll\u00e4 hetkell\u00e4 edes k\u00e4yd\u00e4 vakavia taisteluita.<\/p>\n<p class=\"paragraph\">\u2013 Ven\u00e4l\u00e4isi\u00e4 tiedustelijoita n\u00e4htiin kaupungin l\u00e4hist\u00f6ll\u00e4 talvella ja kev\u00e4\u00e4ll\u00e4, mutta kaikki merkit viittasivat siihen, ett\u00e4 heid\u00e4t h\u00e4tisteltiin sielt\u00e4 pois.<\/p>\n<p><img decoding=\"async\" class=\"image image-show image-preview\" src=\"https:\/\/www.europesays.com\/fi\/wp-content\/uploads\/2026\/09\/0d3961e8c400571a06ce51146473988ead78266a0c814f9347314c31e1c3d014.png\" alt=\"\"\/><img decoding=\"async\" class=\"image image-show\" src=\"https:\/\/www.europesays.com\/fi\/wp-content\/uploads\/2026\/09\/1788639550_298_0d3961e8c400571a06ce51146473988ead78266a0c814f9347314c31e1c3d014.png\" alt=\"\"\/><\/p>\n<p>Kartta n\u00e4ytt\u00e4\u00e4 Ukrainan vastahy\u00f6kk\u00e4ykset Donetskin alueella. Emil Kastehelmi\/Black Bird Group<\/p>\n<p class=\"paragraph\">Rintamalinja on viime kuukausina liikkunut koko ajan askel kauemmas t\u00e4st\u00e4 vallatuksi v\u00e4itetyst\u00e4 Svjatohirskist\u00e4, Kastehelmi sanoo.<\/p>\n<p class=\"paragraph\">Asiantuntijan mukaan Putinin \u201d\u00e4lyt\u00f6n v\u00e4ite\u201d osoittaa, miten sotaan on muodostunut kaksi rinnakkaista todellisuutta.<\/p>\n<p class=\"paragraph\">\u2013 On Ven\u00e4j\u00e4n mielikuvitusuniversumi, jossa he painavat eteenp\u00e4in rintamalla koko ajan ja valtaavat kaupunkeja toisensa j\u00e4lkeen. Toisessa Ukraina k\u00e4y melko tehokasta puolustustaistelua. Kaupunkitaistelut ovat ep\u00e4selvi\u00e4, ne kest\u00e4v\u00e4t pitk\u00e4\u00e4n, ja rintama liikkuu paikka paikoin v\u00e4h\u00e4n molempiin suuntiin.<\/p>\n<p class=\"paragraph\">\u2013 Viimeisin valtausv\u00e4ite oli melkein sit\u00e4 tasoa, ett\u00e4 mik\u00e4 tahansa rintaman l\u00e4hist\u00f6ll\u00e4 oleva kaupunki voitaisiin ilmoittaa vallatuksi.<\/p>\n<p class=\"paragraph\">Kastehelmest\u00e4 olisi kiinnostava tiet\u00e4\u00e4, uskooko Ven\u00e4j\u00e4n johto oikeasti itse n\u00e4ihin v\u00e4itteisiin ja onko Kremlill\u00e4 oikeaa tilannekuvaa sodasta.<\/p>\n<p class=\"paragraph\">\u2013 Sitten jossain Putinin kansliassa ihmetell\u00e4\u00e4n, miksei Ukraina luovuta, vaikka hirveit\u00e4 tappioita tulee koko ajan.<\/p>\n<p class=\"paragraph\">\u2013 Kostjantynivkan taistelutkin jatkuvat, vaikka kaupunki ilmoitettiin Ven\u00e4j\u00e4n valtaamaksi jo pari kuukautta sitten. On erikoista ja sekavaa, Kastehelmi sanoo.<\/p>\n<p class=\"paragraph\">Aihetta k\u00e4sittelev\u00e4n klipin voi katsoa t\u00e4m\u00e4n jutun alusta. Tilannestudion tuorein jakso on puolestaan katsottavissa kokonaisuudessaan <a href=\"https:\/\/www.iltalehti.fi\/ulkomaat\/44f24b58-8809-4979-b0be-b248d54f8547\" rel=\"nofollow noopener\" target=\"_blank\">t\u00e4\u00e4ll\u00e4<\/a>.<\/p>\n<p>Ven\u00e4j\u00e4n presidentti Vladimir Putin 1. syyskuuta. ZumaWire \/ MVPHOTOS<\/p>\n","protected":false},"excerpt":{"rendered":"Onko Ven\u00e4j\u00e4n johto itsek\u00e4\u00e4n kartalla rintaman todellisuudesta, h\u00e4mm\u00e4stelee sota-asiantuntija Emil Kastehelmi. Vladimir Putin l\u00f6i Iltalehden asiantuntijan \u00e4llik\u00e4ll\u00e4 v\u00e4itt\u00e4m\u00e4ll\u00e4,&hellip;\n","protected":false},"author":2,"featured_media":342368,"comment_status":"","ping_status":"","sticky":false,"template":"","format":"standard","meta":{"footnotes":"","_share_on_mastodon":"0"},"categories":[14],"tags":[35,22,23,26,27,33,31,30,17,24,25,28,29,15,18,21,142,639,637,144,32,19,20,56,16,638,59,60,61],"class_list":["post-342367","post","type-post","status-publish","format-standard","has-post-thumbnail","category-ulkomaat","tag-24h","tag-breaking-news","tag-breakingnews","tag-featured-news","tag-featurednews","tag-fi","tag-finland","tag-finnish","tag-headlines","tag-latest-news","tag-latestnews","tag-main-news","tag-mainnews","tag-news","tag-otsikot","tag-paauutiset","tag-poliitikot","tag-poliittiset-johtajat","tag-politiikka","tag-presidentti","tag-suomi","tag-top-stories","tag-topstories","tag-ulkomaat","tag-uutiset","tag-valtiovalta","tag-world","tag-world-news","tag-worldnews"],"share_on_mastodon":{"url":"https:\/\/pubeurope.com\/@fi\/117220289606368644","error":""},"_links":{"self":[{"href":"https:\/\/www.europesays.com\/fi\/wp-json\/wp\/v2\/posts\/342367","targetHints":{"allow":["GET"]}}],"collection":[{"href":"https:\/\/www.europesays.com\/fi\/wp-json\/wp\/v2\/posts"}],"about":[{"href":"https:\/\/www.europesays.com\/fi\/wp-json\/wp\/v2\/types\/post"}],"author":[{"embeddable":true,"href":"https:\/\/www.europesays.com\/fi\/wp-json\/wp\/v2\/users\/2"}],"replies":[{"embeddable":true,"href":"https:\/\/www.europesays.com\/fi\/wp-json\/wp\/v2\/comments?post=342367"}],"version-history":[{"count":0,"href":"https:\/\/www.europesays.com\/fi\/wp-json\/wp\/v2\/posts\/342367\/revisions"}],"wp:featuredmedia":[{"embeddable":true,"href":"https:\/\/www.europesays.com\/fi\/wp-json\/wp\/v2\/media\/342368"}],"wp:attachment":[{"href":"https:\/\/www.europesays.com\/fi\/wp-json\/wp\/v2\/media?parent=342367"}],"wp:term":[{"taxonomy":"category","embeddable":true,"href":"https:\/\/www.europesays.com\/fi\/wp-json\/wp\/v2\/categories?post=342367"},{"taxonomy":"post_tag","embeddable":true,"href":"https:\/\/www.europesays.com\/fi\/wp-json\/wp\/v2\/tags?post=342367"}],"curies":[{"name":"wp","href":"https:\/\/api.w.org\/{rel}","templated":true}]}}