{"id":342371,"date":"2026-09-05T20:21:09","date_gmt":"2026-09-05T20:21:09","guid":{"rendered":"https:\/\/www.europesays.com\/fi\/342371\/"},"modified":"2026-09-05T20:21:09","modified_gmt":"2026-09-05T20:21:09","slug":"poliisilla-usean-partion-tehtava-espoossa","status":"publish","type":"post","link":"https:\/\/www.europesays.com\/fi\/342371\/","title":{"rendered":"Poliisilla usean partion teht\u00e4v\u00e4 Espoossa"},"content":{"rendered":"<p>Ep\u00e4ilty ry\u00f6st\u00e4j\u00e4 uhkaili ter\u00e4aseella.<\/p>\n<p><img decoding=\"async\" src=\"https:\/\/www.europesays.com\/fi\/wp-content\/uploads\/2026\/09\/1788639669_640_468.jpg\" alt=\"\" class=\"_Img_1rerz_1\" style=\"aspect-ratio:1920\/1080\" loading=\"eager\"\/><\/p>\n<p class=\"font-(family-name:--picture-caption-font-family) text-(length:--picture-caption-font-size) leading-(--picture-caption-leading) font-(--picture-caption-font-weight) text-(color:--picture-caption-color)\">Kuva:\u00a0Lukijan kuva \/ Kuvakaappaus videolta<\/p>\n<p class=\"article-body mb-(--paragraph-margin-b) px-nof-16\">Poliisilla on ollut lauantai-iltana usean partion teht\u00e4v\u00e4 Espoossa Lintuvaarassa. Poliisi tiedotti hieman ennen kello 23 illalla, ett\u00e4 se tutkii Espoossa tapahtunutta ry\u00f6st\u00f6\u00e4.<\/p>\n<p class=\"article-body mb-(--paragraph-margin-b) px-nof-16\">H\u00e4t\u00e4keskukseen iltayhdeks\u00e4n j\u00e4lkeen tulleen ilmoituksen mukaan henkil\u00f6 oli ry\u00f6st\u00e4nyt ter\u00e4aseella uhkaamalla rahaa p\u00e4ivitt\u00e4istavara\u00admyym\u00e4l\u00e4n kassasta. Kukaan ei loukkaantunut tilanteessa.<\/p>\n<p class=\"article-body mb-(--paragraph-margin-b) px-nof-16\">Poliisi etsi tuntomerkkeihin sopivaa ep\u00e4ilty\u00e4, mutta t\u00e4h\u00e4n menness\u00e4 ket\u00e4\u00e4n ei ole otettu kiinni rikoksesta ep\u00e4iltyn\u00e4. Tapahtunutta tutkitaan alustavasti ry\u00f6st\u00f6n\u00e4, mutta rikosnimikkeet voivat muuttua tai t\u00e4ydenty\u00e4 tutkinnan edetess\u00e4.<\/p>\n<p class=\"article-body mb-(--paragraph-margin-b) px-nof-16\">Ilta-Sanomiin tulleen vihjeen mukaan paikalla on n\u00e4hty erilaisia poliisiajoneuvoja, kuten poliisimoottoripy\u00f6r\u00e4 ja panssaroitu ajoneuvo.<\/p>\n<p class=\"article-body mb-(--paragraph-margin-b) px-nof-16\">Poliisioperaatiota todistanut silminn\u00e4kij\u00e4 kertoo Ilta-Sanomille olleensa k\u00e4velyll\u00e4, kun h\u00e4n huomasi poliisiautoja Alepan edess\u00e4.<\/p>\n<p class=\"article-body mb-(--paragraph-margin-b) px-nof-16\">\u2013 Alepan oven edess\u00e4 poliisi kertoi asiakkaille, ett\u00e4 kauppa on ry\u00f6stetty ja se on suljettu t\u00e4lt\u00e4 iltaa, h\u00e4n kertoo.<\/p>\n","protected":false},"excerpt":{"rendered":"Ep\u00e4ilty ry\u00f6st\u00e4j\u00e4 uhkaili ter\u00e4aseella. Kuva:\u00a0Lukijan kuva \/ Kuvakaappaus videolta Poliisilla on ollut lauantai-iltana usean partion teht\u00e4v\u00e4 Espoossa Lintuvaarassa.&hellip;\n","protected":false},"author":2,"featured_media":342372,"comment_status":"","ping_status":"","sticky":false,"template":"","format":"standard","meta":{"footnotes":"","_share_on_mastodon":"0"},"categories":[5],"tags":[22,23,26,27,33,31,30,17,34,24,25,28,29,15,18,21,32,19,20,16],"class_list":["post-342371","post","type-post","status-publish","format-standard","has-post-thumbnail","category-otsikot","tag-breaking-news","tag-breakingnews","tag-featured-news","tag-featurednews","tag-fi","tag-finland","tag-finnish","tag-headlines","tag-ilta-sanomat","tag-latest-news","tag-latestnews","tag-main-news","tag-mainnews","tag-news","tag-otsikot","tag-paauutiset","tag-suomi","tag-top-stories","tag-topstories","tag-uutiset"],"share_on_mastodon":{"url":"https:\/\/pubeurope.com\/@fi\/117220297233407901","error":""},"_links":{"self":[{"href":"https:\/\/www.europesays.com\/fi\/wp-json\/wp\/v2\/posts\/342371","targetHints":{"allow":["GET"]}}],"collection":[{"href":"https:\/\/www.europesays.com\/fi\/wp-json\/wp\/v2\/posts"}],"about":[{"href":"https:\/\/www.europesays.com\/fi\/wp-json\/wp\/v2\/types\/post"}],"author":[{"embeddable":true,"href":"https:\/\/www.europesays.com\/fi\/wp-json\/wp\/v2\/users\/2"}],"replies":[{"embeddable":true,"href":"https:\/\/www.europesays.com\/fi\/wp-json\/wp\/v2\/comments?post=342371"}],"version-history":[{"count":0,"href":"https:\/\/www.europesays.com\/fi\/wp-json\/wp\/v2\/posts\/342371\/revisions"}],"wp:featuredmedia":[{"embeddable":true,"href":"https:\/\/www.europesays.com\/fi\/wp-json\/wp\/v2\/media\/342372"}],"wp:attachment":[{"href":"https:\/\/www.europesays.com\/fi\/wp-json\/wp\/v2\/media?parent=342371"}],"wp:term":[{"taxonomy":"category","embeddable":true,"href":"https:\/\/www.europesays.com\/fi\/wp-json\/wp\/v2\/categories?post=342371"},{"taxonomy":"post_tag","embeddable":true,"href":"https:\/\/www.europesays.com\/fi\/wp-json\/wp\/v2\/tags?post=342371"}],"curies":[{"name":"wp","href":"https:\/\/api.w.org\/{rel}","templated":true}]}}