{"id":342383,"date":"2026-09-05T20:47:15","date_gmt":"2026-09-05T20:47:15","guid":{"rendered":"https:\/\/www.europesays.com\/fi\/342383\/"},"modified":"2026-09-05T20:47:15","modified_gmt":"2026-09-05T20:47:15","slug":"samppa-lajunen-menetti-luksushotellinsa-ja-romahti-burnout-ja-masennusdiagnoosi","status":"publish","type":"post","link":"https:\/\/www.europesays.com\/fi\/342383\/","title":{"rendered":"Samppa Lajunen menetti luksushotellinsa ja romahti \u2013 \u201dBurnout ja masennusdiagnoosi\u201d"},"content":{"rendered":"<p>Samppa Lajunen kertoo uutuuskirjassaan loppuunpalamisesta ja masennuksesta, jotka seurasivat Hotel Maria -hankkeen romahtamista. <\/p>\n<p><img decoding=\"async\" class=\"image image-show image-preview\" src=\"https:\/\/www.europesays.com\/fi\/wp-content\/uploads\/2026\/09\/a49c3694942234b63ab954e64704b6996b9bd6c3fa959f97b4c5b4b5f0af8c88.jpg\" alt=\"\"\/><img decoding=\"async\" class=\"image image-show\" src=\"https:\/\/www.europesays.com\/fi\/wp-content\/uploads\/2026\/09\/1788641235_149_a49c3694942234b63ab954e64704b6996b9bd6c3fa959f97b4c5b4b5f0af8c88.jpg\" alt=\"\"\/><\/p>\n<p>Samppa Lajunen kuvattuna Hotel Mariassa vuonna 2023. TIINA SOMERPURO<\/p>\n<p class=\"paragraph\">Kolminkertainen olympiamitalisti ja yritt\u00e4j\u00e4 <strong>Samppa Lajunen<\/strong> kertoo syyskuussa julkaistavassa kirjassa burnoutista ja masennusdiagnoosista, jotka seurasivat Hotel Maria -hankkeen romahtamista. Kirjasta tiedotettiin torstaina 3. syyskuuta.<\/p>\n<p class=\"paragraph\">Lajunen oli mukana avaamassa Suomen ylellisint\u00e4 hotellia, mutta hanke ajautui vakaviin vaikeuksiin, ja hotelli myytiin kes\u00e4ll\u00e4 2025 pakon edess\u00e4 ulkomaisille omistajille. Sek\u00e4 sijoittajat ett\u00e4 Lajunen menettiv\u00e4t tekem\u00e4ns\u00e4 sijoituksen.<\/p>\n<p class=\"paragraph\">\u2013 Burnout ja masennusdiagnoosi olivat l\u00e4\u00e4k\u00e4rin tapa sanoittaa se, mink\u00e4 keho oli jo tiennyt. Itse ajattelen, ett\u00e4 kyse oli posttraumaattisesta stressireaktiosta. Kun paine hellitti eik\u00e4 The Hotel Marian osalta ollut en\u00e4\u00e4 mit\u00e4\u00e4n teht\u00e4viss\u00e4, kroppa petti alta, Lajunen kertoo Otavan tiedotteessa.<\/p>\n<p class=\"paragraph\"><strong>Lue my\u00f6s Talousel\u00e4m\u00e4st\u00e4:<\/strong><\/p>\n<p>Lapsuutta varjosti lama<\/p>\n<p class=\"paragraph\">Lajunen nousi laman varjostamasta lapsuudesta yhdistetyn hiihdon maailman huipulle ja voitti kolme olympiakultaa vuonna 2002. Urheilu-uran j\u00e4lkeen h\u00e4n menestyi yritt\u00e4j\u00e4n\u00e4 ja kiinteist\u00f6sijoittajana ennen romahdusta.<\/p>\n<p class=\"paragraph\">\u2013 Lapsena perheeni eli k\u00e4dest\u00e4 suuhun. Kun joukkuekaverit k\u00e4viv\u00e4t ostamassa huoltoasemalta s\u00e4mpyl\u00e4t, minulla oli omat ev\u00e4\u00e4t matkassa.<\/p>\n<p class=\"paragraph\">Kokemuksistaan Lajunen kertoo tiedotteen mukaan vet\u00e4neens\u00e4 laajemman opin identiteetin rakentamisesta.<\/p>\n<p class=\"paragraph\">\u2013 On vaarallista rakentaa identiteetti\u00e4\u00e4n yksitt\u00e4isten voittojen tai tappioiden, onnistumisten tai ep\u00e4onnistumisten varaan. Sis\u00e4inen rauha on l\u00f6ydett\u00e4v\u00e4 niist\u00e4 riippumatta. El\u00e4m\u00e4n suuressa kuvassa on aivan sama, monesko olin olympialaisissa tai kuinka paljon onnistuin tienaamaan.<\/p>\n<p class=\"paragraph\">Otava julkaisee Lajusen muistelmakirjan Kriittinen piste 24. syyskuuta painettuna kirjana, e-kirjana ja \u00e4\u00e4nikirjana.<\/p>\n<p class=\"paragraph\"><a href=\"https:\/\/talouselama.fi\/\" target=\"_blank\" rel=\"noopener nofollow\"><strong>Juttu on julkaistu alun perin Talousel\u00e4m\u00e4ss\u00e4.<\/strong><\/a><\/p>\n","protected":false},"excerpt":{"rendered":"Samppa Lajunen kertoo uutuuskirjassaan loppuunpalamisesta ja masennuksesta, jotka seurasivat Hotel Maria -hankkeen romahtamista. Samppa Lajunen kuvattuna Hotel Mariassa&hellip;\n","protected":false},"author":2,"featured_media":342384,"comment_status":"","ping_status":"","sticky":false,"template":"","format":"standard","meta":{"footnotes":"","_share_on_mastodon":"0"},"categories":[5],"tags":[22,23,26,27,33,31,30,17,2096,24,25,41,28,29,15,18,21,721,2407,32,1145,19,20,16],"class_list":["post-342383","post","type-post","status-publish","format-standard","has-post-thumbnail","category-otsikot","tag-breaking-news","tag-breakingnews","tag-featured-news","tag-featurednews","tag-fi","tag-finland","tag-finnish","tag-headlines","tag-hiihtolajit","tag-latest-news","tag-latestnews","tag-liikunta-ja-urheilu","tag-main-news","tag-mainnews","tag-news","tag-otsikot","tag-paauutiset","tag-rahoitus","tag-sijoittaminen-rahoitus","tag-suomi","tag-talviurheilu","tag-top-stories","tag-topstories","tag-uutiset"],"share_on_mastodon":{"url":"https:\/\/pubeurope.com\/@fi\/117220399517326585","error":""},"_links":{"self":[{"href":"https:\/\/www.europesays.com\/fi\/wp-json\/wp\/v2\/posts\/342383","targetHints":{"allow":["GET"]}}],"collection":[{"href":"https:\/\/www.europesays.com\/fi\/wp-json\/wp\/v2\/posts"}],"about":[{"href":"https:\/\/www.europesays.com\/fi\/wp-json\/wp\/v2\/types\/post"}],"author":[{"embeddable":true,"href":"https:\/\/www.europesays.com\/fi\/wp-json\/wp\/v2\/users\/2"}],"replies":[{"embeddable":true,"href":"https:\/\/www.europesays.com\/fi\/wp-json\/wp\/v2\/comments?post=342383"}],"version-history":[{"count":0,"href":"https:\/\/www.europesays.com\/fi\/wp-json\/wp\/v2\/posts\/342383\/revisions"}],"wp:featuredmedia":[{"embeddable":true,"href":"https:\/\/www.europesays.com\/fi\/wp-json\/wp\/v2\/media\/342384"}],"wp:attachment":[{"href":"https:\/\/www.europesays.com\/fi\/wp-json\/wp\/v2\/media?parent=342383"}],"wp:term":[{"taxonomy":"category","embeddable":true,"href":"https:\/\/www.europesays.com\/fi\/wp-json\/wp\/v2\/categories?post=342383"},{"taxonomy":"post_tag","embeddable":true,"href":"https:\/\/www.europesays.com\/fi\/wp-json\/wp\/v2\/tags?post=342383"}],"curies":[{"name":"wp","href":"https:\/\/api.w.org\/{rel}","templated":true}]}}