{"id":342393,"date":"2026-09-05T21:11:26","date_gmt":"2026-09-05T21:11:26","guid":{"rendered":"https:\/\/www.europesays.com\/fi\/342393\/"},"modified":"2026-09-05T21:11:26","modified_gmt":"2026-09-05T21:11:26","slug":"analyysi-kalat-ja-siat-kiinnostavat-aanestajia-enemman-kuin-donald-trump","status":"publish","type":"post","link":"https:\/\/www.europesays.com\/fi\/342393\/","title":{"rendered":"Analyysi: Kalat ja siat kiinnostavat \u00e4\u00e4nest\u00e4ji\u00e4 enemm\u00e4n kuin Donald Trump"},"content":{"rendered":"<p data-beyondwords-marker=\"d2bdb58e-6bf1-46e7-89c3-13dd8da749a4\">Joukko ei-leirin kannattajia oli kokoontunut Austurv\u00f6llurin aukiolle Reykjav\u00edkin keskustaan torstaina 27. elokuuta. Kokoontumispaikkaa ei ollut valittu sattumalta: aukion laidalla on Islannin parlamentin talo, Al\u00feingish\u00fasi\u00f0.<\/p>\n<p data-beyondwords-marker=\"4f5f5303-37f0-4aa7-bc85-0d8ccd96d725\">Puistoon pystytetyll\u00e4 lavalla pidettiin puheita. Niiss\u00e4 perusteltiin, miksi Islannin ei tulisi aloittaa EU-j\u00e4senyysneuvotteluja. Yksi puhujista oli maan entinen p\u00e4\u00e4ministeri <strong>Katr\u00edn Jakobsd\u00f3ttir<\/strong>. H\u00e4n on edelleen yksi Islannin pidetyimmist\u00e4 poliitikoista.<\/p>\n<p data-beyondwords-marker=\"3d04ebff-6de2-4ebf-bd7f-c949f133bb1f\">\u201dOlen varmaankin ainoa ihminen t\u00e4\u00e4ll\u00e4, joka sanoi kerran kyll\u00e4 j\u00e4senyysneuvottelujen aloittamiselle\u201d, Katr\u00edn sanoi ja sai yleis\u00f6st\u00e4 aikaiseksi naurunpyrsk\u00e4hdyksi\u00e4.<\/p>\n<p data-beyondwords-marker=\"a57cc37c-c0cc-4b5c-a428-e973edef8f37\">Vuosi oli ollut 2009. Islannin talous kiikkui talouskriisin j\u00e4ljilt\u00e4 konkurssin partaalla. Pieni kruunu oli menett\u00e4nyt ison osan arvostaan, korot huitelivat pilviss\u00e4.<\/p>\n<p data-beyondwords-marker=\"195ca0c2-89f7-4bdf-8da7-edc4b274210e\">Katr\u00edn \u2013 islantilaisiin viitataan etunimill\u00e4, sill\u00e4 vain harvoilla heist\u00e4 on varsinaista sukunime\u00e4 \u2013 oli tuolloin kansanedustaja. H\u00e4n istui parlamentissa vuosina 2007\u20132024 edustaen Islannin vihre\u00e4\u00e4 vasemmistoa. <\/p>\n<p data-beyondwords-marker=\"e953a426-2a6b-4770-a40b-a6c1b9deb1bc\">\u201dKoin, ett\u00e4 oli velvollisuuteni tuolloin Islannin kansalle selvitt\u00e4\u00e4 t\u00e4t\u00e4kin vaihtoehtoa.\u201d<\/p>\n<p data-beyondwords-marker=\"08f15645-aeb7-4ba6-a1d7-a2609f811c76\">Neuvottelut aloitettiin, mutta ne my\u00f6s p\u00e4\u00e4tettiin joitakin vuosia my\u00f6hemmin. Islannille t\u00e4rkeit\u00e4 maatalous- ja erityisesti kalastuskysymyksi\u00e4 oli ollut odotetusti vaikea ratkaista. Talouskin oli alkanut elpy\u00e4.<\/p>\n<p data-beyondwords-marker=\"619766f4-95e6-481e-a476-1074a8fa8698\">Enemmist\u00f6 islantilaisista p\u00e4\u00e4tyi viime viikolla olemaan samaa mielt\u00e4 entisen p\u00e4\u00e4ministerins\u00e4 ja ei-leirin kanssa.<\/p>\n<p data-beyondwords-marker=\"449dd9dc-613e-4d9b-ac75-76bd231bd365\">J\u00e4senyysneuvotteluiden aloittamista vastaan \u00e4\u00e4nesti 52,8 prosenttia, puolesta 47,2 prosenttia. \u00c4\u00e4nestysvilkkaus nousi yli 82 prosenttiin. Maan edellisiss\u00e4 parlamenttivaaleissa syksyll\u00e4 2024 \u00e4\u00e4nestysaktiivisuus oli noin 80 prosentin tuntumassa.<\/p>\n<p data-beyondwords-marker=\"84326364-144e-4916-aed9-690757ff6bab\">Kalatko ratkaisevat, <a href=\"https:\/\/suomenkuvalehti.fi\/uutisviikko\/riippuuko-kaikki-kaloista-kun-islanti-aanestaa-aika-lailla-sanoo-suurlahettilas-ville-cantell\/\" rel=\"nofollow noopener\" target=\"_blank\">kysyi Suomen Kuvalehti<\/a> ennen \u00e4\u00e4nestyst\u00e4 Suomen Islannin-l\u00e4hettil\u00e4\u00e4lt\u00e4 <strong>Ville Cantellilta<\/strong>.<\/p>\n<p data-beyondwords-marker=\"df00f6c4-d1be-48c9-b7a5-3dd9253cd8ef\">Kyll\u00e4, sanoi Cantell, ja oli toki oikeassa. Kalastus ja maatalous olivat t\u00e4rkeit\u00e4 teemoja vaalikeskustelussa, ja kalataloutta hallitsevat vaikutusvaltaiset sukuyritykset panivat tukensa ei-leirin taakse.<\/p>\n<p data-beyondwords-marker=\"47fcb9ab-7065-411e-aba1-f890b6680dce\">Pelkist\u00e4 kaloista puhuminen ei kuitenkaan kerro koko totuutta. Austurv\u00f6llurin aukiolle pari p\u00e4iv\u00e4\u00e4 ennen \u00e4\u00e4nestyst\u00e4 kokoontunutta joukkoa puhuttivat kalat ja esimerkiksi pienen kruunun arvo, mutta my\u00f6s valta.<\/p>\n<p data-beyondwords-marker=\"7f53c521-ee56-4694-8b8c-1c04226bdadc\">Kuka sit\u00e4 Islannissa jatkossa k\u00e4ytt\u00e4isi? Mit\u00e4 tapahtuu suvereniteetille, vallalle p\u00e4\u00e4tt\u00e4\u00e4 itse omista asioista?<\/p>\n<p data-beyondwords-marker=\"8e6250ed-d005-40a5-88ed-12842409e0d9\">Entisen p\u00e4\u00e4ministerin tarina oli koukuttava. Islanti selvisi kriisist\u00e4\u00e4n ilman unionia, mutta jotkut EU-maat joutuivat talousahdingoissaan koville komission ja muiden j\u00e4senmaiden vaatimille matokuureille. Omaisuutta myytiin ja yksityistettiin. Se kauhistutti, Katr\u00edn sanoi.<\/p>\n<p data-beyondwords-marker=\"acbdcc42-6d95-4778-af38-3ca4b0516383\">Kyll\u00e4-leiri sai my\u00f6s osansa kritiikist\u00e4.<\/p>\n<p data-beyondwords-marker=\"5901f3e6-244a-4218-95a2-3ed45ccec4f5\">\u201dT\u00e4llaisten keskusteluiden aloittaminen on iso poliittinen p\u00e4\u00e4t\u00f6s. Siksi uskon, ett\u00e4 niiden, jotka haluavat keskustelut aloittaa, pit\u00e4isi perustella asia huolellisesti\u201d, Katr\u00edn Jakobsd\u00f3ttir sanoi.<\/p>\n<p data-beyondwords-marker=\"39c3a7d7-9d8c-40a1-8d66-9571e0c19db4\">\u201dOlisin ajatellut, ett\u00e4 n\u00e4ille neuvotteluille ja lopulta sopimukselle olisi selke\u00e4t tavoitteet, kuten itse asiassa oli vuonna 2009. Mutta miss\u00e4 ne ovat?\u201d<\/p>\n<p data-beyondwords-marker=\"e25c5714-5acd-4c43-87cc-b44429589edc\">Yleis\u00f6st\u00e4 kuului j\u00e1, j\u00e1. Juuri niin!<\/p>\n<p data-beyondwords-marker=\"86c5b134-deae-4ff2-9600-03efd0c04ef6\">Ei-kampanja teki aktiivisesti sis\u00e4lt\u00f6\u00e4 sosiaaliseen mediaan, kun Meta kohteli kansan\u00e4\u00e4nestyskampanjoita poliittisia kampanjoita suotuisammin.<\/p>\n<p data-beyondwords-marker=\"31843806-81e9-489a-bc76-4dfaf21ac6cf\">Leiri onnistui puhuttelemaan islantilaisia paitsi heille t\u00e4rkeiss\u00e4 teemoissa my\u00f6s h\u00e4rkkim\u00e4\u00e4n kyll\u00e4-kampanjaa sen ep\u00e4varmoista kohdista.<\/p>\n<p data-beyondwords-marker=\"7a43696c-9277-4d73-921f-4b5cca4cc3b5\">Virallisesti \u00e4\u00e4nestyksess\u00e4 oli kyse neuvotteluiden aloittamisesta. Ei-leirin argumentti oli, ettei neuvotteluja aloiteta, jos unionin j\u00e4seneksi ei todellisuudessa haluta. T\u00e4ss\u00e4 ajattelussa \u201dkyll\u00e4\u201d neuvotteluille oli yht\u00e4 kuin \u201dkyll\u00e4\u201d unionille.<\/p>\n<p data-beyondwords-marker=\"f2a03595-2449-4cd2-ad9d-68729a304ef6\">Mit\u00e4 siis tavoitellaan?<\/p>\n<p data-beyondwords-marker=\"3cc431a5-13ac-4009-8a91-18069dbee216\">Kiinnostavaa oli, miten v\u00e4h\u00e4n torilla puhuttiin lopulta suurvaltapolitiikasta ja <strong>Donald Trumpista<\/strong>. <\/p>\n<p data-beyondwords-marker=\"d238bbb2-282c-4134-aba9-eb8b4353e02d\">Islannin nykyinen p\u00e4\u00e4ministeri <strong>Kristr\u00fan Frostad\u00f3ttir <\/strong>kertoi kansan\u00e4\u00e4nestyksen j\u00e4rjest\u00e4misest\u00e4 maaliskuussa. Yhten\u00e4 syyn\u00e4 pidettiin juuri kiristynytt\u00e4 maailmanpoliittista tilannetta.<\/p>\n<p data-beyondwords-marker=\"45834a2c-3b49-45a9-8ae3-37e1f2fe65d6\">Uutisissa muistettiin mainita sekin, kuinka Tanskalle kuuluvaa Gr\u00f6nlantia hamuillut Trump oli toisinaan \u2013 ehk\u00e4 vahingossa \u2013 puhunut pikemminkin Islannin hamuilusta. J\u00e4isi\u00e4 saaria molemmat.<\/p>\n<p data-beyondwords-marker=\"432f875d-3552-4b63-a455-a306046b2bb2\">Mutta kun entinen p\u00e4\u00e4ministeri puhui torilla, h\u00e4n puhui koroista, inflaatiosta ja ammattiyhdistysliikkeest\u00e4. Monista asioista, vaan ei Trumpista.<\/p>\n<p data-beyondwords-marker=\"cc7b70d8-cecb-4783-b685-6425858c8528\">Kun EU-maissa kysyttiin, hakeeko Islanti nyt turvaa unionista, vaikutti silt\u00e4, ettei kovin moni islantilainen lopulta miettinyt lainkaan sit\u00e4 \u2013 ainakaan ensimm\u00e4isen\u00e4.<\/p>\n<p data-beyondwords-marker=\"fe4600ba-c53a-4ab5-9d7e-596149748438\">Islannin kansan\u00e4\u00e4nestys tuokin monella tapaa mieleen <a href=\"https:\/\/suomenkuvalehti.fi\/uutisviikko\/ilmainen-hammashuolto-maksuton-joukkoliikenne-nuorille-tanskan-uusi-hallitus-lupaa-paljon-hyvaa-ja-kaunista\/\" rel=\"nofollow noopener\" target=\"_blank\">Tanskan taannoiset parlamenttivaalit<\/a>.<\/p>\n<p data-beyondwords-marker=\"c2dd3149-7ed0-4d27-895d-0cfc1be8a81c\">P\u00e4\u00e4ministeri <strong>Mette Frederiksen<\/strong> oli noussut maailmanpolitiikan n\u00e4ytt\u00e4m\u00f6ll\u00e4 er\u00e4\u00e4nlaisen supert\u00e4hden asemaan, kun h\u00e4n p\u00e4\u00e4m\u00e4\u00e4r\u00e4tietoisesti torjui Trumpin Gr\u00f6nlanti-painostukset. Mutta kun Tanskassa k\u00e4ytiin uurnille, Trumpia enemm\u00e4n puhuttiin sioista.<\/p>\n<p data-beyondwords-marker=\"b2066fd7-c015-4a65-a250-03d4a0179031\">It\u2019s All About The Pigs, Stupid, otsikoi The New York Times <a href=\"https:\/\/www.nytimes.com\/2026\/03\/25\/world\/europe\/denmark-elections-pigs-frederiksen.html\" rel=\"nofollow noopener\" target=\"_blank\">juttunsa vaaleista<\/a>.<\/p>\n<p data-beyondwords-marker=\"5f4db27f-a4f1-4108-8d7d-8b8473581501\">Kyse on sioista, typerys!<\/p>\n<p data-beyondwords-marker=\"2eb6994a-a531-4fce-a4a7-197ce06296e4\">Jutun kirjoittanut <strong>Maya Tekeli<\/strong> on tanskalainen toimittaja, joka on seurannut erityisesti Gr\u00f6nlanti-kysymyst\u00e4 kansainv\u00e4lisillekin lehtitaloille.<\/p>\n<p data-beyondwords-marker=\"b23591aa-e385-45d2-b860-ead33842f653\">Otsikko mukailee amerikkalaista, 1990-luvulla syntynytt\u00e4 politiikan fraasia: It\u2019s the economy, stupid. Kyse on taloudesta, ja \u00e4\u00e4nest\u00e4j\u00e4t \u00e4\u00e4nest\u00e4v\u00e4t lompakollaan.<\/p>\n<p data-beyondwords-marker=\"3f272ece-9c82-4358-9b74-b2817fa5e051\">Tekelin vitsin ydin oli, ett\u00e4 Tanskassa \u00e4\u00e4nest\u00e4j\u00e4t \u00e4\u00e4nest\u00e4v\u00e4t juuri sikatalous mieless\u00e4\u00e4n \u2013 ei siis suurvaltapolitiikka. Frederiksen voitti vaalit, mutta teki huonon tuloksen.<\/p>\n<p data-beyondwords-marker=\"5f28288d-d970-4713-99c4-7255dc91d7e8\">Ulko- ja turvallisuuspolitiikka eiv\u00e4t siis tunnu ratkaisevan vaaleissa. Monista Euroopan maista tarkasteltuna tuntuisi luonnolliselta, ett\u00e4 v\u00e4kiluvultaan vain joitakin kymmeni\u00e4 tuhansia ihmisi\u00e4 Espoota suurempi saarivaltio tuntisi punttiensa tutisevan t\u00e4llaisessa tilanteessa. Siksi uutisetkin tehtiin turvallisuuspolitiikan n\u00e4k\u00f6kulmasta.<\/p>\n<p data-beyondwords-marker=\"a6ae0b4b-f640-495b-bce1-79b483abbd81\">Lopulta todellisuus vaikutti toisenlaiselta.<\/p>\n<p data-beyondwords-marker=\"66003881-9b2c-4a30-bda3-cca9a5fdca34\">Ruotsissa j\u00e4rjestet\u00e4\u00e4n parlamenttivaalit ensi viikolla.<\/p>\n<p data-beyondwords-marker=\"5f958846-db32-455d-8470-0eaf97842e2d\">Asetelma on j\u00e4nnitt\u00e4v\u00e4. Sosiaalidemokraattien vaalivoittoa oikeistohallituksesta on povattu pitk\u00e4\u00e4n, mutta yht\u00e4kki\u00e4 kyselyt kertovat muuttuneesta tarinasta.<\/p>\n<p data-beyondwords-marker=\"db80387b-0952-4e4a-87ef-a58b899a4908\">Demareiden kannatus laskee. Blokkijakoa haastavan keskustan kannatus nousee. Nykyiseen Tid\u00f6-hallitukseen osallistuvat kristillisdemokraatit \u201dflirttailevat\u201d (kyll\u00e4, t\u00e4t\u00e4 sanaa k\u00e4ytet\u00e4\u00e4n Ruotsissa) my\u00f6s demareiden suuntaan.<\/p>\n<p data-beyondwords-marker=\"013e9b5c-98ac-4ad3-a025-a207e8274ca3\">Ruotsissa kysell\u00e4\u00e4n, mit\u00e4 ihmett\u00e4 t\u00e4\u00e4ll\u00e4 tapahtuu. Murtuuko ja muuttuuko poliittinen kulttuuri t\u00e4ysin?<\/p>\n<p data-beyondwords-marker=\"6c7fd62b-839c-4442-ba2b-2a9ea96e1014\">Mediatutkija <strong>Anu Koivunen<\/strong> <a href=\"https:\/\/suomenkuvalehti.fi\/mielipide\/irti-hapansilakasta-median-olisi-hyva-katsoa-ruotsia-uteliaasti-vieraana-eika-aina-tuttuna\/\" rel=\"nofollow noopener\" target=\"_blank\">kehotti taannoin Suomen Kuvalehdess\u00e4<\/a> toimittajia katsomaan Ruotsia \u201duteliaasti vieraana\u201d eik\u00e4 aina \u201dtuttuna\u201d.<\/p>\n<p data-beyondwords-marker=\"504fd409-1b39-4c23-a1f1-e685c53ad45a\">Ajattelemme tiet\u00e4v\u00e4mme, millainen Ruotsi on ja miten sen politiikka toimii. Siksi kerromme Ruotsin vaalikamppailusta my\u00f6s sen tarinan, joka tuntuu tutulta.<\/p>\n<p data-beyondwords-marker=\"ea50e49f-9b68-463e-ada5-e223485fc6bc\">Mutta ehk\u00e4 tarina ei tuoreiden lukujen valossa pid\u00e4k\u00e4\u00e4n en\u00e4\u00e4 paikkaansa. Ehk\u00e4 Ruotsissakin keskustellaan joistakin sellaisista asioista, joista it\u2019s all about, stupid, vaikka emme ole niin ajatelleetkaan.<\/p>\n<p data-beyondwords-marker=\"45fd56d7-ea15-4b81-b78e-2a643076bb72\">V\u00e4h\u00e4n niin kuin Islannissa ja Tanskassa.<\/p>\n<p>      <img decoding=\"async\" class=\"free-sample awpo-lazy\" src=\"https:\/\/suomenkuvalehti.fi\/wp-content\/themes\/om-suomenkuvalehti-theme\/assets\/images\/free-sample-banner.svg\"\/><\/p>\n","protected":false},"excerpt":{"rendered":"Joukko ei-leirin kannattajia oli kokoontunut Austurv\u00f6llurin aukiolle Reykjav\u00edkin keskustaan torstaina 27. elokuuta. Kokoontumispaikkaa ei ollut valittu sattumalta: aukion&hellip;\n","protected":false},"author":2,"featured_media":342394,"comment_status":"","ping_status":"","sticky":false,"template":"","format":"standard","meta":{"footnotes":"","_share_on_mastodon":"0"},"categories":[14],"tags":[12023,19161,22,23,1617,26,27,33,31,30,17,15226,12025,20256,24,25,28,29,15,18,21,1399,110,32,1014,19,20,56,16,59,60,61],"class_list":["post-342393","post","type-post","status-publish","format-standard","has-post-thumbnail","category-ulkomaat","tag-ajankohtainen","tag-analyysi","tag-breaking-news","tag-breakingnews","tag-euroopan-unioni","tag-featured-news","tag-featurednews","tag-fi","tag-finland","tag-finnish","tag-headlines","tag-islanti","tag-juttu-2","tag-kansanaanestykset","tag-latest-news","tag-latestnews","tag-main-news","tag-mainnews","tag-news","tag-otsikot","tag-paauutiset","tag-pohjoismaat","tag-ruotsi","tag-suomi","tag-tanska","tag-top-stories","tag-topstories","tag-ulkomaat","tag-uutiset","tag-world","tag-world-news","tag-worldnews"],"share_on_mastodon":{"url":"https:\/\/pubeurope.com\/@fi\/117220494221341297","error":""},"_links":{"self":[{"href":"https:\/\/www.europesays.com\/fi\/wp-json\/wp\/v2\/posts\/342393","targetHints":{"allow":["GET"]}}],"collection":[{"href":"https:\/\/www.europesays.com\/fi\/wp-json\/wp\/v2\/posts"}],"about":[{"href":"https:\/\/www.europesays.com\/fi\/wp-json\/wp\/v2\/types\/post"}],"author":[{"embeddable":true,"href":"https:\/\/www.europesays.com\/fi\/wp-json\/wp\/v2\/users\/2"}],"replies":[{"embeddable":true,"href":"https:\/\/www.europesays.com\/fi\/wp-json\/wp\/v2\/comments?post=342393"}],"version-history":[{"count":0,"href":"https:\/\/www.europesays.com\/fi\/wp-json\/wp\/v2\/posts\/342393\/revisions"}],"wp:featuredmedia":[{"embeddable":true,"href":"https:\/\/www.europesays.com\/fi\/wp-json\/wp\/v2\/media\/342394"}],"wp:attachment":[{"href":"https:\/\/www.europesays.com\/fi\/wp-json\/wp\/v2\/media?parent=342393"}],"wp:term":[{"taxonomy":"category","embeddable":true,"href":"https:\/\/www.europesays.com\/fi\/wp-json\/wp\/v2\/categories?post=342393"},{"taxonomy":"post_tag","embeddable":true,"href":"https:\/\/www.europesays.com\/fi\/wp-json\/wp\/v2\/tags?post=342393"}],"curies":[{"name":"wp","href":"https:\/\/api.w.org\/{rel}","templated":true}]}}