{"id":342405,"date":"2026-09-05T21:37:12","date_gmt":"2026-09-05T21:37:12","guid":{"rendered":"https:\/\/www.europesays.com\/fi\/342405\/"},"modified":"2026-09-05T21:37:12","modified_gmt":"2026-09-05T21:37:12","slug":"natolta-synkka-ennuste-eurooppa-ei-kesta","status":"publish","type":"post","link":"https:\/\/www.europesays.com\/fi\/342405\/","title":{"rendered":"Natolta synkk\u00e4 ennuste: Eurooppa ei kest\u00e4"},"content":{"rendered":"<p>T\u00e4h\u00e4n artikkeliin on koottu Ukrainan sodan keskeisimm\u00e4t tapahtumat lauantailta 5. syyskuuta 2026. Kyseess\u00e4 on sodan 1\u202f655. p\u00e4iv\u00e4.<\/p>\n<ul>\n<li>Naton asiantuntijoiden mukaan Eurooppa ei kest\u00e4isi pitk\u00e4\u00e4 kulutussotaa Ven\u00e4j\u00e4\u00e4 vastaan<\/li>\n<li>Trumpin eritysl\u00e4hettil\u00e4\u00e4t Moskovassa<\/li>\n<li>Putin ja Zelenskyi m\u00e4\u00e4r\u00e4siv\u00e4t ilmaiskut tauolle<\/li>\n<\/ul>\n<p class=\"paragraph\">Naton puolustussuunnittelijat arvioivat, ettei Eurooppa pystyisi t\u00e4ll\u00e4 hetkell\u00e4 k\u00e4ym\u00e4\u00e4n pitk\u00e4\u00e4 kulutussotaa Ven\u00e4j\u00e4\u00e4 vastaan. Syyn\u00e4 on muun muassa kansalaisten heikko sotilaallinen varautuminen ja ep\u00e4ily siit\u00e4, ettei yleis\u00f6 tukisi pitkittynytt\u00e4 konfliktia.<\/p>\n<p class=\"paragraph\">Asiasta keskusteltiin M\u00fcnchenin turvallisuuskonferenssin j\u00e4rjest\u00e4m\u00e4ss\u00e4 kokouksessa, kertoo The Guardian. Kokouksen osallistujat katsoivat, ett\u00e4 Naton tulisi varautua suhteellisen lyhyeen konfliktiin. Huolta lis\u00e4\u00e4v\u00e4t Yhdysvaltain suunnitelmat v\u00e4hent\u00e4\u00e4 sitoutumistaan Euroopan puolustukseen.<\/p>\n<p class=\"paragraph\">Brittil\u00e4isten virkamiesten mukaan l\u00e4nsimaat eiv\u00e4t ole onnistuneet vakuuttamaan kansalaisiaan Ven\u00e4j\u00e4n muodostaman uhan laajuudesta. Hallitukset joutuvat nyt perustelemaan \u00e4\u00e4nest\u00e4jille sosiaalimenojen leikkauksia puolustusmenojen rahoittamiseksi.<\/p>\n<p class=\"paragraph\">Euroopan pel\u00e4t\u00e4\u00e4n my\u00f6s h\u00e4vi\u00e4v\u00e4n Ven\u00e4j\u00e4lle niin sanotussa hybridisodassa. Ven\u00e4j\u00e4n vaikutusyritykset ja oikeistopopulististen puolueiden kannatuksen kasvu voivat vaikeuttaa puolustusyhteisty\u00f6t\u00e4. Italian ulkoministeri <a href=\"https:\/\/www.iltalehti.fi\/henkilot\/Antonio Tajani\" class=\"article-link-person-page\" rel=\"nofollow noopener\" target=\"_blank\">Antonio Tajani<\/a>\u200b varoitti maan joutuvan p\u00e4ivitt\u00e4in kyberhy\u00f6kk\u00e4ysten kohteeksi ja olevan altis Ven\u00e4j\u00e4n vaikuttamiselle ensi vuoden vaaleissa.<\/p>\n<p class=\"paragraph\">Euroopan viiden merkitt\u00e4v\u00e4n sotilasmahdin E5-ryhm\u00e4 pyrkii tiivist\u00e4m\u00e4\u00e4n yhteisty\u00f6t\u00e4 muun muassa integroidussa ilma- ja ohjuspuolustuksessa, pitk\u00e4n kantaman t\u00e4sm\u00e4aseissa sek\u00e4 avaruuspohjaisissa ennakkovaroitusj\u00e4rjestelmiss\u00e4.<\/p>\n<p>Putin m\u00e4\u00e4r\u00e4si Kiovaan suunnatut ilmaiskut kolmen p\u00e4iv\u00e4n tauolle<\/p>\n<p class=\"paragraph\">Ven\u00e4j\u00e4n presidentti <a href=\"https:\/\/www.iltalehti.fi\/henkilot\/Vladimir Putin\" class=\"article-link-person-page\" rel=\"nofollow noopener\" target=\"_blank\">Vladimir Putin<\/a> on m\u00e4\u00e4r\u00e4nnyt Kiovaan suunnatut ilmaiskut kolmen p\u00e4iv\u00e4n tauolle, kertoo ven\u00e4l\u00e4inen uutistoimisto Interfax.<\/p>\n<p><img decoding=\"async\" class=\"image image-show image-preview\" src=\"https:\/\/www.europesays.com\/fi\/wp-content\/uploads\/2026\/09\/0cba7c99e62cc1bd2fdac740a53a794d97cd4cb1a8b69863b1862bfc59e1a092.jpg\" alt=\"\"\/><img decoding=\"async\" class=\"image image-show\" src=\"https:\/\/www.europesays.com\/fi\/wp-content\/uploads\/2026\/09\/1788644232_392_0cba7c99e62cc1bd2fdac740a53a794d97cd4cb1a8b69863b1862bfc59e1a092.jpg\" alt=\"\"\/><\/p>\n<p>Ven\u00e4j\u00e4n presidentti Vladimir Putin on m\u00e4\u00e4r\u00e4nnyt maansa asevoimia keskeytt\u00e4m\u00e4\u00e4n Kiovaan suunnatut ilmaiskut kolmeksi p\u00e4iv\u00e4ksi. ZumaWire \/ MVPHOTOS<\/p>\n<p class=\"paragraph\">\u2013\u2009 Ylip\u00e4\u00e4llikk\u00f6 ja presidentti Vladimir Putin antoi k\u00e4skyn olla iskem\u00e4tt\u00e4 Kiovaan kolmen p\u00e4iv\u00e4n ajan, alkaen t\u00e4n\u00e4\u00e4n keskiy\u00f6st\u00e4, kertoi Kremlin tiedottaja <a href=\"https:\/\/www.iltalehti.fi\/henkilot\/Dmitri Peskov\" class=\"article-link-person-page\" rel=\"nofollow noopener\" target=\"_blank\">Dmitri Peskov<\/a> Interfaxille.<\/p>\n<p class=\"paragraph\">Tauon taustalla on Yhdysvaltain presidentti <a href=\"https:\/\/www.iltalehti.fi\/henkilot\/Donald Trump\" class=\"article-link-person-page\" rel=\"nofollow noopener\" target=\"_blank\">Donald Trumpin<\/a> erityisl\u00e4hettil\u00e4iden <a href=\"https:\/\/www.iltalehti.fi\/henkilot\/Steve Witkoff\" class=\"article-link-person-page\" rel=\"nofollow noopener\" target=\"_blank\">Steve Witkoffin<\/a> ja <a href=\"https:\/\/www.iltalehti.fi\/henkilot\/Jared Kushner\" class=\"article-link-person-page\" rel=\"nofollow noopener\" target=\"_blank\">Jared Kushnerin<\/a> vierailut Moskovassa ja Kiovassa. Ukrainan presidentti <a href=\"https:\/\/www.iltalehti.fi\/henkilot\/Volodymyr Zelenskyi\" class=\"article-link-person-page\" rel=\"nofollow noopener\" target=\"_blank\">Volodymyr Zelenskyi<\/a> oli jo aiemmin ehdottanut tulitaukoa heid\u00e4n vierailuidensa ajaksi.<\/p>\n<p class=\"paragraph\">Uutistoimisto Reutersin l\u00e4hteiden mukaan erityisl\u00e4hettil\u00e4\u00e4t saapuivat Moskovaan lauantaina.<\/p>\n<p class=\"paragraph\">Ven\u00e4j\u00e4n valtiollisen uutistoimiston Tassin mukaan he lensiv\u00e4t Yhdysvaltain Miamista Moskovaan Helsingin kautta. Voit lukea lis\u00e4\u00e4 aiheesta <a href=\"https:\/\/www.iltalehti.fi\/ulkomaat\/f428a2df-4bb1-43d8-85c4-e0c0ee3c1e8b\" rel=\"nofollow noopener\" target=\"_blank\">t\u00e4st\u00e4 linkist\u00e4<\/a>.<\/p>\n<p>Ukraina odottaa Trumpin l\u00e4hettil\u00e4it\u00e4 \u2013 Ven\u00e4j\u00e4 iski Kiovan lentokent\u00e4lle<\/p>\n<p class=\"paragraph\">Ven\u00e4j\u00e4 teki lauantaina iskuja Kiovan lentokent\u00e4lle vain p\u00e4iv\u00e4\u00e4 ennen kuin<strong> <\/strong>Trumpin erityisl\u00e4hettil\u00e4iden on m\u00e4\u00e4r\u00e4 saapua p\u00e4\u00e4kaupunkiin.<\/p>\n<p class=\"paragraph\">Zelenskyi kertoi iskuista sosiaalisen median palvelu X:ss\u00e4.<\/p>\n<p class=\"paragraph\">\u2013\u2009 On selv\u00e4\u00e4, ett\u00e4 n\u00e4m\u00e4 Ven\u00e4j\u00e4n iskut lentokentille ovat reaktio keskusteluihin ja valmisteluihin, jotka koskevat mahdollisuutta, ett\u00e4 Yhdysvallat l\u00e4hett\u00e4isi lentokoneen Ukrainaan ja laskeutuisi Kiovan tai Boryspilin lentokent\u00e4lle, Zelenskyi kirjoittaa X:ss\u00e4.<\/p>\n<p>Witkoff ja Kushner ovat vierailleet Moskovassa aiemminkin. Kuva viime tammikuulta, kun erityisl\u00e4hettil\u00e4\u00e4t tapasivat Ven\u00e4j\u00e4ll\u00e4 maan presidentin Vladimir Putinin. ZumaWire \/ MVPHOTOS<\/p>\n<p>Ukraina ehdotti tulitaukoa \u2013 Ven\u00e4j\u00e4 vastasi rajuilla ilmaiskuilla<\/p>\n<p class=\"paragraph\">Ven\u00e4j\u00e4 teki lauantain vastaisena y\u00f6n\u00e4 laajoja ilmaiskuja Ukrainaan, <a href=\"https:\/\/t.me\/kpszsu\/76541\" target=\"_blank\" rel=\"noopener nofollow\">kertoo<\/a> Ukrainan ilmavoimat viestisovellus Telegramissa.<\/p>\n<p class=\"paragraph\">\u2013\u2009Vihollinen hy\u00f6kk\u00e4si Iskander-M\/KN-23-ballistisilla ohjuksilla Ven\u00e4j\u00e4n federaation Rostovin ja Vorone\u017ein alueilta, Ukrainan ilmavoimat kertoo.<\/p>\n<p class=\"paragraph\">Lis\u00e4ksi Ven\u00e4j\u00e4 ampui ilmavoimien mukaan 167 Shahed-lennokkia sek\u00e4 muita lennokkeja muun muassa Kurskin ja Millerovon alueilta. Ilmavoimat kertoo Ukrainan ampuneen lauantaiaamuna puoli yhdeks\u00e4\u00e4n menness\u00e4 alas yhteens\u00e4 128 lennokkia.<\/p>\n<p class=\"paragraph\">Osumia niin ohjuksista kuin drooneistakin raportoitiin 23 sijainnissa. Ven\u00e4l\u00e4islehti Kommersantin mukaan Ven\u00e4j\u00e4n puolustusministeri\u00f6 on ilmoittanut iskeneens\u00e4 ainakin Dnipropetrovskin alueella sijainneisiin tehdaskohteisiin sek\u00e4 muihin sotilaskohteisiin Kiovassa, Mykolajivissa ja Odessassa.<\/p>\n<p class=\"paragraph\">Ukrainan asevoimat oli saanut k\u00e4skyn noudattaa tulitaukoa syyskuun 5. p\u00e4iv\u00e4st\u00e4 syyskuun 8. p\u00e4iv\u00e4n loppuun saakka, <a href=\"https:\/\/www.pravda.com.ua\/rus\/news\/2026\/09\/04\/8051977\/\" target=\"_blank\" rel=\"noopener nofollow\">kertoo<\/a> ukrainalaismedia Ukrainska Pravda.<\/p>\n<p>Ven\u00e4j\u00e4 ilmoitti iskeneens\u00e4 useille ukrainalaisalueille viime y\u00f6n\u00e4. Kuva perjantain vastaisena y\u00f6n\u00e4 tehtyjen iskujen tuhoista Odessassa. ZumaWire \/ MVPHOTOS<\/p>\n<p>Stubb ja Zelenskyi keskustelivat<\/p>\n<p class=\"paragraph\">Tasavallan presidentti <a href=\"https:\/\/www.iltalehti.fi\/henkilot\/Alexander Stubb\" class=\"article-link-person-page\" rel=\"nofollow noopener\" target=\"_blank\">Alexander Stubb<\/a> ja Ukrainan presidentti Volodymyr Zelenskyi keskustelivat perjantaina.<\/p>\n<p class=\"paragraph\">Keskusteluiden p\u00e4\u00e4aiheita olivat rauhan mahdollisuudet sek\u00e4 Yhdysvaltain neuvottelijoiden tuleva vierailu Ukrainan p\u00e4\u00e4kaupungissa Kiovassa, presidentti Stubb kertoo viestipalvelu X:ss\u00e4.<\/p>\n<p class=\"paragraph\">\u2013 Suomen vankkumaton tuki Ukrainalle ja rauhanprosessille jatkuu, Stubb kirjoittaa.<\/p>\n<p class=\"paragraph\">Presidentti Zelenskyi kiittelee kollegaansa X:ss\u00e4.<\/p>\n<p class=\"paragraph\">\u2013\u2009Meid\u00e4n on teht\u00e4v\u00e4 kaikkemme, jotta saamme t\u00e4m\u00e4n Ven\u00e4j\u00e4n mielett\u00f6m\u00e4n sodan p\u00e4\u00e4ttym\u00e4\u00e4n, ja ett\u00e4 p\u00e4\u00e4semme jatkamaan normaalia el\u00e4m\u00e4\u00e4, Zelenskyi kirjoittaa.<\/p>\n","protected":false},"excerpt":{"rendered":"T\u00e4h\u00e4n artikkeliin on koottu Ukrainan sodan keskeisimm\u00e4t tapahtumat lauantailta 5. syyskuuta 2026. Kyseess\u00e4 on sodan 1\u202f655. p\u00e4iv\u00e4. Naton&hellip;\n","protected":false},"author":2,"featured_media":342406,"comment_status":"","ping_status":"","sticky":false,"template":"","format":"standard","meta":{"footnotes":"","_share_on_mastodon":"0"},"categories":[14],"tags":[35,22,23,26,27,33,31,30,17,24,25,803,28,29,15,18,21,142,637,2535,32,19,20,2534,56,16,59,60,61],"class_list":["post-342405","post","type-post","status-publish","format-standard","has-post-thumbnail","category-ulkomaat","tag-24h","tag-breaking-news","tag-breakingnews","tag-featured-news","tag-featurednews","tag-fi","tag-finland","tag-finnish","tag-headlines","tag-latest-news","tag-latestnews","tag-levottomuudet-ja-sodat","tag-main-news","tag-mainnews","tag-news","tag-otsikot","tag-paauutiset","tag-poliitikot","tag-politiikka","tag-puolustuspolitiikka","tag-suomi","tag-top-stories","tag-topstories","tag-turvallisuuspolitiikka","tag-ulkomaat","tag-uutiset","tag-world","tag-world-news","tag-worldnews"],"share_on_mastodon":{"url":"https:\/\/pubeurope.com\/@fi\/117220596470569999","error":""},"_links":{"self":[{"href":"https:\/\/www.europesays.com\/fi\/wp-json\/wp\/v2\/posts\/342405","targetHints":{"allow":["GET"]}}],"collection":[{"href":"https:\/\/www.europesays.com\/fi\/wp-json\/wp\/v2\/posts"}],"about":[{"href":"https:\/\/www.europesays.com\/fi\/wp-json\/wp\/v2\/types\/post"}],"author":[{"embeddable":true,"href":"https:\/\/www.europesays.com\/fi\/wp-json\/wp\/v2\/users\/2"}],"replies":[{"embeddable":true,"href":"https:\/\/www.europesays.com\/fi\/wp-json\/wp\/v2\/comments?post=342405"}],"version-history":[{"count":0,"href":"https:\/\/www.europesays.com\/fi\/wp-json\/wp\/v2\/posts\/342405\/revisions"}],"wp:featuredmedia":[{"embeddable":true,"href":"https:\/\/www.europesays.com\/fi\/wp-json\/wp\/v2\/media\/342406"}],"wp:attachment":[{"href":"https:\/\/www.europesays.com\/fi\/wp-json\/wp\/v2\/media?parent=342405"}],"wp:term":[{"taxonomy":"category","embeddable":true,"href":"https:\/\/www.europesays.com\/fi\/wp-json\/wp\/v2\/categories?post=342405"},{"taxonomy":"post_tag","embeddable":true,"href":"https:\/\/www.europesays.com\/fi\/wp-json\/wp\/v2\/tags?post=342405"}],"curies":[{"name":"wp","href":"https:\/\/api.w.org\/{rel}","templated":true}]}}