{"id":342409,"date":"2026-09-05T21:39:16","date_gmt":"2026-09-05T21:39:16","guid":{"rendered":"https:\/\/www.europesays.com\/fi\/342409\/"},"modified":"2026-09-05T21:39:16","modified_gmt":"2026-09-05T21:39:16","slug":"veera-gronlund-on-vuoden-2026-miss-suomi","status":"publish","type":"post","link":"https:\/\/www.europesays.com\/fi\/342409\/","title":{"rendered":"Veera Gr\u00f6nlund on vuoden 2026 Miss Suomi"},"content":{"rendered":"<p>Ensimm\u00e4iseksi perint\u00f6prinsessaksi kruunattiin Tampereella asuva Aleksandra Hannusaari.<\/p>\n<p><img decoding=\"async\" src=\"https:\/\/www.europesays.com\/fi\/wp-content\/uploads\/2026\/09\/1788644355_40_468.jpg\" alt=\"Veera Gr\u00f6nlund on Miss Suomi 2026. \" class=\"_Img_1rerz_1\" style=\"aspect-ratio:1920\/1280\" loading=\"eager\"\/><\/p>\n<p class=\"font-(family-name:--picture-caption-font-family) text-(length:--picture-caption-font-size) leading-(--picture-caption-leading) font-(--picture-caption-font-weight) text-(color:--picture-caption-color)\">Veera Gr\u00f6nlund on Miss Suomi 2026.  Kuva:\u00a0Ivan Bessedin<\/p>\n<p>5.9. 21:57<\/p>\n<p>Lue tiivistelm\u00e4<\/p>\n<p class=\"article-body mb-(--paragraph-margin-b) px-nof-16 sndp-summary-bullet-point-font\">Miss Suomi 2026 valittiin Espoon Hype-areenalla lauantai-iltana 5. syyskuuta.<\/p>\n<p class=\"article-body mb-(--paragraph-margin-b) px-nof-16 sndp-summary-bullet-point-font\">Voittajan valitsivat viisihenkinen tuomaristo ja yleis\u00f6\u00e4\u00e4nestys yhdess\u00e4.<\/p>\n<p class=\"article-body mb-(--paragraph-margin-b) px-nof-16 sndp-summary-bullet-point-font\">Viime vuonna Miss Suomi Sarah Dzafce menetti kruununsa rasistisena pidetyn somep\u00e4ivityksen takia.<\/p>\n<p class=\"article-body mb-(--paragraph-margin-b) px-nof-16\">Vuoden 2026 Miss Suomi on porilainen <a class=\"font-bold underline-offset-[0.12em] [text-decoration:var(--person-link-text-decoration)] [text-decoration-color:var(--person-link-text-decoration-color)]!\" href=\"https:\/\/www.aamulehti.fi\/haku\/?query=Veera%20Gr%C3%B6nlund\" rel=\"nofollow noopener\" target=\"_blank\">Veera Gr\u00f6nlund<\/a>, 30.<\/p>\n<p class=\"article-body mb-(--paragraph-margin-b) px-nof-16\">Ensimm\u00e4inen perint\u00f6prinsessa on kauhajokelais\u00adl\u00e4ht\u00f6inen, nykyisin Tampereella asuva <a class=\"font-bold underline-offset-[0.12em] [text-decoration:var(--person-link-text-decoration)] [text-decoration-color:var(--person-link-text-decoration-color)]!\" href=\"https:\/\/www.aamulehti.fi\/haku\/?query=Aleksandra%20Hannusaari\" rel=\"nofollow noopener\" target=\"_blank\">Aleksandra Hannusaari<\/a>, 22 ja toinen perint\u00f6prinsessa on helsinkil\u00e4inen <a class=\"font-bold underline-offset-[0.12em] [text-decoration:var(--person-link-text-decoration)] [text-decoration-color:var(--person-link-text-decoration-color)]!\" href=\"https:\/\/www.aamulehti.fi\/haku\/?query=Sofia%20Singh\" rel=\"nofollow noopener\" target=\"_blank\">Sofia Singh<\/a>, 30.<\/p>\n<p class=\"article-body mb-(--paragraph-margin-b) px-nof-16\">Miss Suomi -kilpailun finaali j\u00e4rjestettiin Espoon Hype-areenalla lauantai-iltana.<\/p>\n<p class=\"article-body mb-(--paragraph-margin-b) px-nof-16\">Median suosikki oli Aleksandra Hannusaari ja yleis\u00f6n suosikki <a class=\"font-bold underline-offset-[0.12em] [text-decoration:var(--person-link-text-decoration)] [text-decoration-color:var(--person-link-text-decoration-color)]!\" href=\"https:\/\/www.aamulehti.fi\/haku\/?query=Rebekka%20Homanen,\" rel=\"nofollow noopener\" target=\"_blank\">Rebekka Homanen,<\/a> 25.<\/p>\n<p class=\"article-body mb-(--paragraph-margin-b) px-nof-16\">Voittajan ja kaksi perint\u00f6prinsessaa p\u00e4\u00e4tti viisihenkinen tuomaristo yhdess\u00e4 yleis\u00f6\u00e4\u00e4nten kanssa.<\/p>\n<p class=\"article-body mb-(--paragraph-margin-b) px-nof-16\">P\u00e4\u00e4tuomarina toimi yritt\u00e4j\u00e4, ex-missi <a class=\"font-bold underline-offset-[0.12em] [text-decoration:var(--person-link-text-decoration)] [text-decoration-color:var(--person-link-text-decoration-color)]!\" href=\"https:\/\/www.aamulehti.fi\/haku\/?query=Anitra%20Ahtola\" rel=\"nofollow noopener\" target=\"_blank\">Anitra Ahtola<\/a>. Muita tuomareita olivat yritt\u00e4j\u00e4 <a class=\"font-bold underline-offset-[0.12em] [text-decoration:var(--person-link-text-decoration)] [text-decoration-color:var(--person-link-text-decoration-color)]!\" href=\"https:\/\/www.aamulehti.fi\/haku\/?query=Matias%20Pet%C3%A4ist%C3%B6\" rel=\"nofollow noopener\" target=\"_blank\">Matias Pet\u00e4ist\u00f6<\/a>, yritt\u00e4j\u00e4 <a class=\"font-bold underline-offset-[0.12em] [text-decoration:var(--person-link-text-decoration)] [text-decoration-color:var(--person-link-text-decoration-color)]!\" href=\"https:\/\/www.aamulehti.fi\/haku\/?query=Rita%20Jokinen\" rel=\"nofollow noopener\" target=\"_blank\">Rita Jokinen<\/a>, mentalisti <a class=\"font-bold underline-offset-[0.12em] [text-decoration:var(--person-link-text-decoration)] [text-decoration-color:var(--person-link-text-decoration-color)]!\" href=\"https:\/\/www.aamulehti.fi\/haku\/?query=Noora%20Karma\" rel=\"nofollow noopener\" target=\"_blank\">Noora Karma<\/a> ja toimittaja <a class=\"font-bold underline-offset-[0.12em] [text-decoration:var(--person-link-text-decoration)] [text-decoration-color:var(--person-link-text-decoration-color)]!\" href=\"https:\/\/www.aamulehti.fi\/haku\/?query=Katja%20Lintunen\" rel=\"nofollow noopener\" target=\"_blank\">Katja Lintunen<\/a>.<\/p>\n<p class=\"article-body mb-(--paragraph-margin-b) px-nof-16\">Voittonsa my\u00f6t\u00e4 Gr\u00f6nlund osallistuu Miss Universum -kilpailuun marraskuussa Puerto Ricossa.<\/p>\n<p><img decoding=\"async\" src=\"https:\/\/www.europesays.com\/fi\/wp-content\/uploads\/2026\/09\/1788644356_857_468.jpg\" alt=\"Kuvassa vasemmalta alkaen toinen perint\u00f6prinsessa Sofia Singh, tuore Miss Suomi Veera Gr\u00f6nlund ja ensimm\u00e4inen perint\u00f6prinsessa Aleksandra Hannusaari.\" class=\"_Img_1rerz_1\" style=\"aspect-ratio:1920\/1280\" loading=\"eager\"\/><\/p>\n<p class=\"font-(family-name:--picture-caption-font-family) text-(length:--picture-caption-font-size) leading-(--picture-caption-leading) font-(--picture-caption-font-weight) text-(color:--picture-caption-color) picture-with-caption__caption picture-with-caption__caption--default-full\">Kuvassa vasemmalta alkaen toinen perint\u00f6prinsessa Sofia Singh, tuore Miss Suomi Veera Gr\u00f6nlund ja ensimm\u00e4inen perint\u00f6prinsessa Aleksandra Hannusaari. Kuva:\u00a0Ivan Bessedin<\/p>\n<p class=\"article-body mb-(--paragraph-margin-b) px-nof-16\">Viime vuonna kilpailun voitti <a class=\"font-bold underline-offset-[0.12em] [text-decoration:var(--person-link-text-decoration)] [text-decoration-color:var(--person-link-text-decoration-color)]!\" href=\"https:\/\/www.aamulehti.fi\/haku\/?query=Sarah%20Dzafce\" rel=\"nofollow noopener\" target=\"_blank\">Sarah Dzafce<\/a>. H\u00e4nen missivuotensa j\u00e4i kuitenkin lyhyeksi, sill\u00e4 h\u00e4n menetti kruununsa kolme kuukautta voiton j\u00e4lkeen. Dzafce joutui kritiikin kohteeksi sosiaalisessa mediassa julkaistusta kuvasta, jossa h\u00e4n venytti silmi\u00e4\u00e4n yl\u00e4viistoon sormillaan.<\/p>\n<p class=\"article-body mb-(--paragraph-margin-b) px-nof-16\">Kohun my\u00f6t\u00e4 Miss Suomi 2025 -tittelin sai kilpailun ensimm\u00e4inen perint\u00f6prinsessa <a class=\"font-bold underline-offset-[0.12em] [text-decoration:var(--person-link-text-decoration)] [text-decoration-color:var(--person-link-text-decoration-color)]!\" href=\"https:\/\/www.aamulehti.fi\/haku\/?query=Tara%20Lehtonen\" rel=\"nofollow noopener\" target=\"_blank\">Tara Lehtonen<\/a>.<\/p>\n<p class=\"article-body mb-(--paragraph-margin-b) px-nof-16\">Tapausta pidettiin poikkeuksellisena, sill\u00e4 koskaan aiemmin Miss Suomi -kruunua ei ole otettu pois voittajalta. Ainoastaan kerran kruunusta on luovuttu j\u00e4lkik\u00e4teen, kun vuoden 2011 Miss Suomi <a class=\"font-bold underline-offset-[0.12em] [text-decoration:var(--person-link-text-decoration)] [text-decoration-color:var(--person-link-text-decoration-color)]!\" href=\"https:\/\/www.aamulehti.fi\/haku\/?query=Pia%20Pakarinen\" rel=\"nofollow noopener\" target=\"_blank\">Pia Pakarinen<\/a> (nyk. Lamberg) luopui tittelist\u00e4\u00e4n itse puoli vuotta kruunaamisestaan.<\/p>\n<p class=\"article-body mb-(--paragraph-margin-b) px-nof-16\">Miss Suomi on valittu vuodesta 1931 l\u00e4htien.<\/p>\n","protected":false},"excerpt":{"rendered":"Ensimm\u00e4iseksi perint\u00f6prinsessaksi kruunattiin Tampereella asuva Aleksandra Hannusaari. Veera Gr\u00f6nlund on Miss Suomi 2026. Kuva:\u00a0Ivan Bessedin 5.9. 21:57 Lue&hellip;\n","protected":false},"author":2,"featured_media":342410,"comment_status":"","ping_status":"","sticky":false,"template":"","format":"standard","meta":{"footnotes":"","_share_on_mastodon":"0"},"categories":[5],"tags":[157,22,23,26,27,33,31,30,17,24,25,28,29,15,18,21,32,19,20,16],"class_list":["post-342409","post","type-post","status-publish","format-standard","has-post-thumbnail","category-otsikot","tag-aamulehti","tag-breaking-news","tag-breakingnews","tag-featured-news","tag-featurednews","tag-fi","tag-finland","tag-finnish","tag-headlines","tag-latest-news","tag-latestnews","tag-main-news","tag-mainnews","tag-news","tag-otsikot","tag-paauutiset","tag-suomi","tag-top-stories","tag-topstories","tag-uutiset"],"share_on_mastodon":{"url":"https:\/\/pubeurope.com\/@fi\/117220604077329270","error":""},"_links":{"self":[{"href":"https:\/\/www.europesays.com\/fi\/wp-json\/wp\/v2\/posts\/342409","targetHints":{"allow":["GET"]}}],"collection":[{"href":"https:\/\/www.europesays.com\/fi\/wp-json\/wp\/v2\/posts"}],"about":[{"href":"https:\/\/www.europesays.com\/fi\/wp-json\/wp\/v2\/types\/post"}],"author":[{"embeddable":true,"href":"https:\/\/www.europesays.com\/fi\/wp-json\/wp\/v2\/users\/2"}],"replies":[{"embeddable":true,"href":"https:\/\/www.europesays.com\/fi\/wp-json\/wp\/v2\/comments?post=342409"}],"version-history":[{"count":0,"href":"https:\/\/www.europesays.com\/fi\/wp-json\/wp\/v2\/posts\/342409\/revisions"}],"wp:featuredmedia":[{"embeddable":true,"href":"https:\/\/www.europesays.com\/fi\/wp-json\/wp\/v2\/media\/342410"}],"wp:attachment":[{"href":"https:\/\/www.europesays.com\/fi\/wp-json\/wp\/v2\/media?parent=342409"}],"wp:term":[{"taxonomy":"category","embeddable":true,"href":"https:\/\/www.europesays.com\/fi\/wp-json\/wp\/v2\/categories?post=342409"},{"taxonomy":"post_tag","embeddable":true,"href":"https:\/\/www.europesays.com\/fi\/wp-json\/wp\/v2\/tags?post=342409"}],"curies":[{"name":"wp","href":"https:\/\/api.w.org\/{rel}","templated":true}]}}