{"id":342421,"date":"2026-09-05T22:05:12","date_gmt":"2026-09-05T22:05:12","guid":{"rendered":"https:\/\/www.europesays.com\/fi\/342421\/"},"modified":"2026-09-05T22:05:12","modified_gmt":"2026-09-05T22:05:12","slug":"iran-vaittaa-iskeneensa-tankkereihin-ja-yhdysvaltojen-aluksiin","status":"publish","type":"post","link":"https:\/\/www.europesays.com\/fi\/342421\/","title":{"rendered":"Iran v\u00e4itt\u00e4\u00e4 iskeneens\u00e4 tankkereihin ja Yhdysvaltojen aluksiin"},"content":{"rendered":"<p class=\"article-body mb-(--paragraph-margin-b) px-nof-16\">Iran kertoo iskeneens\u00e4 lauantaina \u00f6ljytankkereihin ja yhdysvaltalaisaluksiin Hormuzinsalmella.<\/p>\n<p class=\"article-body mb-(--paragraph-margin-b) px-nof-16\">Asiasta uutisoi Reuters.<\/p>\n<p class=\"article-body mb-(--paragraph-margin-b) px-nof-16\">Iranin vallankumouskaartin laivasto kertoi iskeneens\u00e4 kolmeen \u00f6ljytankkeriin, jotka sen mukaan kulkivat luvattomia reittej\u00e4 Hormuzinsalmella. Sen lis\u00e4ksi se kertoo iskeneens\u00e4 kolmeen muuhun yhdysvaltalaisalukseen muualla.<\/p>\n<p class=\"article-body mb-(--paragraph-margin-b) px-nof-16\">Yhdysvallat ei ole v\u00e4litt\u00f6m\u00e4sti vahvistanut tietoja.<\/p>\n<p class=\"article-body mb-(--paragraph-margin-b) px-nof-16\">Vallankumouskaarti my\u00f6s varoittaa aluksia Persianlahdella ja Hormuzinsalmen l\u00e4heisyydess\u00e4 \u201dep\u00e4ilytt\u00e4vist\u00e4 liikkeist\u00e4\u201d.<\/p>\n<p class=\"article-body mb-(--paragraph-margin-b) px-nof-16\">Yhdysvaltain asevoimien L\u00e4hi-id\u00e4n operaatioista vastaava komentokeskus Centcom kertoi aiemmin, ett\u00e4 Yhdysvaltain joukot iskiv\u00e4t lauantaina kolmeen iranilaiseen \u00f6ljytankkeriin.<\/p>\n<p class=\"article-body mb-(--paragraph-margin-b) px-nof-16\">Sen mukaan yksi tankkereista oli Khargin saaren edustalla. Saari on Iranin \u00f6ljynviennin keskeinen solmukohta.<\/p>\n<p class=\"article-body mb-(--paragraph-margin-b) px-nof-16\">Tilanne L\u00e4hi-id\u00e4ss\u00e4 on j\u00e4lleen kiristynyt viime aikoina ja Yhdysvallat ja Iran ovat vaihtaneet iskuja puolin ja toisin.<\/p>\n<p class=\"article-body mb-(--paragraph-margin-b) px-nof-16\">Konfliktin keski\u00f6ss\u00e4 oleva Hormuzinsalmi on maailman \u00f6ljynkuljetusten kannalta keskeinen merireitti.<\/p>\n","protected":false},"excerpt":{"rendered":"Iran kertoo iskeneens\u00e4 lauantaina \u00f6ljytankkereihin ja yhdysvaltalaisaluksiin Hormuzinsalmella. Asiasta uutisoi Reuters. Iranin vallankumouskaartin laivasto kertoi iskeneens\u00e4 kolmeen \u00f6ljytankkeriin,&hellip;\n","protected":false},"author":2,"featured_media":342422,"comment_status":"","ping_status":"","sticky":false,"template":"","format":"standard","meta":{"footnotes":"","_share_on_mastodon":"0"},"categories":[5],"tags":[22,23,26,27,33,31,30,17,46,24,25,28,29,15,18,21,32,19,20,16],"class_list":["post-342421","post","type-post","status-publish","format-standard","has-post-thumbnail","category-otsikot","tag-breaking-news","tag-breakingnews","tag-featured-news","tag-featurednews","tag-fi","tag-finland","tag-finnish","tag-headlines","tag-helsingin-sanomat","tag-latest-news","tag-latestnews","tag-main-news","tag-mainnews","tag-news","tag-otsikot","tag-paauutiset","tag-suomi","tag-top-stories","tag-topstories","tag-uutiset"],"share_on_mastodon":{"url":"https:\/\/pubeurope.com\/@fi\/117220706055103274","error":""},"_links":{"self":[{"href":"https:\/\/www.europesays.com\/fi\/wp-json\/wp\/v2\/posts\/342421","targetHints":{"allow":["GET"]}}],"collection":[{"href":"https:\/\/www.europesays.com\/fi\/wp-json\/wp\/v2\/posts"}],"about":[{"href":"https:\/\/www.europesays.com\/fi\/wp-json\/wp\/v2\/types\/post"}],"author":[{"embeddable":true,"href":"https:\/\/www.europesays.com\/fi\/wp-json\/wp\/v2\/users\/2"}],"replies":[{"embeddable":true,"href":"https:\/\/www.europesays.com\/fi\/wp-json\/wp\/v2\/comments?post=342421"}],"version-history":[{"count":0,"href":"https:\/\/www.europesays.com\/fi\/wp-json\/wp\/v2\/posts\/342421\/revisions"}],"wp:featuredmedia":[{"embeddable":true,"href":"https:\/\/www.europesays.com\/fi\/wp-json\/wp\/v2\/media\/342422"}],"wp:attachment":[{"href":"https:\/\/www.europesays.com\/fi\/wp-json\/wp\/v2\/media?parent=342421"}],"wp:term":[{"taxonomy":"category","embeddable":true,"href":"https:\/\/www.europesays.com\/fi\/wp-json\/wp\/v2\/categories?post=342421"},{"taxonomy":"post_tag","embeddable":true,"href":"https:\/\/www.europesays.com\/fi\/wp-json\/wp\/v2\/tags?post=342421"}],"curies":[{"name":"wp","href":"https:\/\/api.w.org\/{rel}","templated":true}]}}