{"id":342429,"date":"2026-09-05T22:29:12","date_gmt":"2026-09-05T22:29:12","guid":{"rendered":"https:\/\/www.europesays.com\/fi\/342429\/"},"modified":"2026-09-05T22:29:12","modified_gmt":"2026-09-05T22:29:12","slug":"saksalaisraketti-syoksyi-avaruuteen-norjan-arktiselta-alueelta-uutisia-lyhyesti","status":"publish","type":"post","link":"https:\/\/www.europesays.com\/fi\/342429\/","title":{"rendered":"Saksalaisraketti sy\u00f6ksyi avaruuteen Norjan arktiselta alueelta | Uutisia lyhyesti"},"content":{"rendered":"<p class=\"aw__sc-1qwuw0s-0 aw__sc-1vg2sqm-0 epAWpq ecELkD yle__article__paragraph\">Ensimm\u00e4inen yritys puolitoista vuotta sitten p\u00e4\u00e4ttyi raketin tuhoon.<\/p>\n<p>Isar Aerospace laukaisi raketin avaruuteen And\u00f8yassa.<\/p>\n<p class=\"aw__sc-1qwuw0s-0 aw__sc-ngllmo-0 epAWpq fzYpjk yle__article__paragraph\">Norjassa on laukaistu saksalainen raketti avaruuteen.<\/p>\n<p class=\"aw__sc-1qwuw0s-0 aw__sc-ngllmo-0 epAWpq fzYpjk yle__article__paragraph\">Saksalainen avaruusalan startup-yritys Isar Aerospace laukaisi raketin avaruuteen arktisella alueelta sijaitsevalta laukaisupaikalta.<\/p>\n<p class=\"aw__sc-1qwuw0s-0 aw__sc-ngllmo-0 epAWpq fzYpjk yle__article__paragraph\">Miehitt\u00e4m\u00e4tt\u00f6m\u00e4n Spectrum-raketin on tarkoitus olla ensimm\u00e4inen Euroopasta l\u00e4ht\u00f6isin oleva kiertoradalle suuntautuva lento. Useat maat, mukaan lukien Ruotsi ja Britannia, ovat ilmoittaneet haluavansa osuuden kasvavista kaupallisista avaruuslennoista.<\/p>\n<p class=\"aw__sc-1qwuw0s-0 aw__sc-ngllmo-0 epAWpq fzYpjk yle__article__paragraph\">Yhti\u00f6 julisti laukaisun onnistuneeksi, mutta tilannetta seurataan lennon edetess\u00e4.<\/p>\n<p class=\"aw__sc-1qwuw0s-0 aw__sc-ngllmo-0 epAWpq fzYpjk yle__article__paragraph\">\u2013 P\u00e4\u00e4sy avaruuteen on edelleen yksi suurimmista rajoitteista avaruusteollisuudelle ja kansallisen turvallisuuden infrastruktuurille, Isar Aerospacen perustaja ja toimitusjohtaja <strong class=\"aw__sc-ngllmo-2 gdRrun yle__article__strong\">Daniel Metzler<\/strong> sanoi lausunnossa ennen lauantain laukaisua.<\/p>\n<p class=\"aw__sc-1qwuw0s-0 aw__sc-ngllmo-0 epAWpq fzYpjk yle__article__paragraph\">T\u00e4m\u00e4 on Isar-yhti\u00f6n toinen yritys laukaista raketti maata kiert\u00e4v\u00e4lle radalle. Edellinen yritys puolitoista vuotta sitten p\u00e4\u00e4ttyi siihen, ett\u00e4 raketti sy\u00f6ksyi maahan ja syttyi palamaan pian laukaisun j\u00e4lkeen.<\/p>\n<p class=\"aw__sc-1qwuw0s-0 aw__sc-ngllmo-0 epAWpq fzYpjk yle__article__paragraph\">L\u00e4hde: Reuters<\/p>\n","protected":false},"excerpt":{"rendered":"Ensimm\u00e4inen yritys puolitoista vuotta sitten p\u00e4\u00e4ttyi raketin tuhoon. Isar Aerospace laukaisi raketin avaruuteen And\u00f8yassa. Norjassa on laukaistu saksalainen&hellip;\n","protected":false},"author":2,"featured_media":342430,"comment_status":"","ping_status":"","sticky":false,"template":"","format":"standard","meta":{"footnotes":"","_share_on_mastodon":"0"},"categories":[14],"tags":[4065,453,1498,1087,22,23,26,27,33,31,30,17,24,25,28,29,15,385,18,21,1920,3911,32,19,20,56,16,59,60,61],"class_list":["post-342429","post","type-post","status-publish","format-standard","has-post-thumbnail","category-ulkomaat","tag-arktinen-alue","tag-avaruus","tag-avaruuslennot","tag-avaruusliikenne","tag-breaking-news","tag-breakingnews","tag-featured-news","tag-featurednews","tag-fi","tag-finland","tag-finnish","tag-headlines","tag-latest-news","tag-latestnews","tag-main-news","tag-mainnews","tag-news","tag-norja","tag-otsikot","tag-paauutiset","tag-raketit","tag-saksa","tag-suomi","tag-top-stories","tag-topstories","tag-ulkomaat","tag-uutiset","tag-world","tag-world-news","tag-worldnews"],"share_on_mastodon":{"url":"https:\/\/pubeurope.com\/@fi\/117220800321409875","error":""},"_links":{"self":[{"href":"https:\/\/www.europesays.com\/fi\/wp-json\/wp\/v2\/posts\/342429","targetHints":{"allow":["GET"]}}],"collection":[{"href":"https:\/\/www.europesays.com\/fi\/wp-json\/wp\/v2\/posts"}],"about":[{"href":"https:\/\/www.europesays.com\/fi\/wp-json\/wp\/v2\/types\/post"}],"author":[{"embeddable":true,"href":"https:\/\/www.europesays.com\/fi\/wp-json\/wp\/v2\/users\/2"}],"replies":[{"embeddable":true,"href":"https:\/\/www.europesays.com\/fi\/wp-json\/wp\/v2\/comments?post=342429"}],"version-history":[{"count":0,"href":"https:\/\/www.europesays.com\/fi\/wp-json\/wp\/v2\/posts\/342429\/revisions"}],"wp:featuredmedia":[{"embeddable":true,"href":"https:\/\/www.europesays.com\/fi\/wp-json\/wp\/v2\/media\/342430"}],"wp:attachment":[{"href":"https:\/\/www.europesays.com\/fi\/wp-json\/wp\/v2\/media?parent=342429"}],"wp:term":[{"taxonomy":"category","embeddable":true,"href":"https:\/\/www.europesays.com\/fi\/wp-json\/wp\/v2\/categories?post=342429"},{"taxonomy":"post_tag","embeddable":true,"href":"https:\/\/www.europesays.com\/fi\/wp-json\/wp\/v2\/tags?post=342429"}],"curies":[{"name":"wp","href":"https:\/\/api.w.org\/{rel}","templated":true}]}}