{"id":342433,"date":"2026-09-05T22:31:19","date_gmt":"2026-09-05T22:31:19","guid":{"rendered":"https:\/\/www.europesays.com\/fi\/342433\/"},"modified":"2026-09-05T22:31:19","modified_gmt":"2026-09-05T22:31:19","slug":"uusi-miss-suomi-on-porilaistaustainen","status":"publish","type":"post","link":"https:\/\/www.europesays.com\/fi\/342433\/","title":{"rendered":"Uusi Miss Suomi on porilaistaustainen"},"content":{"rendered":"<p>Idea kisaan osallistumisesta oli Gr\u00f6nlundin \u00e4idin.<\/p>\n<p><img decoding=\"async\" src=\"https:\/\/www.europesays.com\/fi\/wp-content\/uploads\/2026\/09\/1788647479_961_468.jpg\" alt=\"Tuore Miss Suomi Veera Gr\u00f6nlund kuvattiin kes\u00e4kuun lopussa Porin Kirjurinluodossa.\" class=\"_Img_1rerz_1\" style=\"aspect-ratio:1920\/1280\" loading=\"eager\"\/><\/p>\n<p class=\"font-(family-name:--picture-caption-font-family) text-(length:--picture-caption-font-size) leading-(--picture-caption-leading) font-(--picture-caption-font-weight) text-(color:--picture-caption-color)\">Tuore Miss Suomi Veera Gr\u00f6nlund kuvattiin kes\u00e4kuun lopussa Porin Kirjurinluodossa. Kuva:\u00a0Kari Mankonen<\/p>\n<p>5.9. 21:30 | P\u00e4ivitetty 5.9. 22:11<\/p>\n<p class=\"article-body mb-(--paragraph-margin-b) px-nof-16\">Uudeksi Miss Suomeksi kruunattiin lauantai-iltana porilaisl\u00e4ht\u00f6inen <a class=\"font-bold underline-offset-[0.12em] [text-decoration:var(--person-link-text-decoration)] [text-decoration-color:var(--person-link-text-decoration-color)]!\" href=\"https:\/\/www.satakunnankansa.fi\/haku\/?query=Veera%20Gr%C3%B6nlund\" rel=\"nofollow noopener\" target=\"_blank\">Veera Gr\u00f6nlund<\/a>. 30-vuotias Gr\u00f6nlund osallistui ensimm\u00e4ist\u00e4 kertaa kauneuskilpailuun. Idea osallistumisesta oli alun perin h\u00e4nen \u00e4itins\u00e4.<\/p>\n<p class=\"article-body mb-(--paragraph-margin-b) px-nof-16\">Gr\u00f6nlund on el\u00e4inl\u00e4\u00e4k\u00e4riopiskelija ja toiminut Rescueyhdistys Kulkureiden varainkeruukoordinaattorina ja somevastaavana.<\/p>\n<p class=\"article-body mb-(--paragraph-margin-b) px-nof-16\">H\u00e4n asuu nyky\u00e4\u00e4n Helsingiss\u00e4, mutta on viett\u00e4nyt koko lapsuutensa ja nuoruutensa Porissa. Gr\u00f6nlund k\u00e4vi alakoulun Porin Ruosniemess\u00e4 ja yl\u00e4koulun Porin suomalaisessa yhteislyseossa (Psyl).<\/p>\n<p class=\"article-body mb-(--paragraph-margin-b) px-nof-16\">Ensimm\u00e4iseksi perint\u00f6prinsessaksi kruunattiin <a class=\"font-bold underline-offset-[0.12em] [text-decoration:var(--person-link-text-decoration)] [text-decoration-color:var(--person-link-text-decoration-color)]!\" href=\"https:\/\/www.satakunnankansa.fi\/haku\/?query=Aleksandra%20Hannusaari\" rel=\"nofollow noopener\" target=\"_blank\">Aleksandra Hannusaari<\/a> ja toiseksi perint\u00f6prinsessaksi <a class=\"font-bold underline-offset-[0.12em] [text-decoration:var(--person-link-text-decoration)] [text-decoration-color:var(--person-link-text-decoration-color)]!\" href=\"https:\/\/www.satakunnankansa.fi\/haku\/?query=Sofia%20Singh\" rel=\"nofollow noopener\" target=\"_blank\">Sofia Singh<\/a>.<\/p>\n<p class=\"article-body mb-(--paragraph-margin-b) px-nof-16\">N\u00e4in Gr\u00f6nlund p\u00e4ivitti Instagramiin ennen lauantain finaalia:<\/p>\n<p class=\"article-body mb-(--paragraph-margin-b) px-nof-16\">Tuomaristo perusteli voittajan eli Gr\u00f6nlundin muun muassa valloittavan karismallaan kansainv\u00e4lisi\u00e4 lavoja.<\/p>\n<p class=\"article-body mb-(--paragraph-margin-b) px-nof-16\">P\u00e4\u00e4tuomari <a class=\"font-bold underline-offset-[0.12em] [text-decoration:var(--person-link-text-decoration)] [text-decoration-color:var(--person-link-text-decoration-color)]!\" href=\"https:\/\/www.satakunnankansa.fi\/haku\/?query=Anitra%20Ahtola\" rel=\"nofollow noopener\" target=\"_blank\">Anitra Ahtola<\/a> kuvaili Gr\u00f6nlundilla olevan vahva arvopohja ja suomalaista sisua. H\u00e4n kehui Gr\u00f6nlundia my\u00f6s karismaattiseksi ja syd\u00e4n auki ihmiset kohtaavaksi.<\/p>\n<p class=\"article-body mb-(--paragraph-margin-b) px-nof-16\">Tuomariston muodostivat vuoden 1996 Miss Suomen 1. perint\u00f6prinsessa Anitra Ahtola, Erikoisjoukot-ohjelmasta tuttu <a class=\"font-bold underline-offset-[0.12em] [text-decoration:var(--person-link-text-decoration)] [text-decoration-color:var(--person-link-text-decoration-color)]!\" href=\"https:\/\/www.satakunnankansa.fi\/haku\/?query=Matias%20Pet%C3%A4ist%C3%B6\" rel=\"nofollow noopener\" target=\"_blank\">Matias Pet\u00e4ist\u00f6<\/a>, mentalisti <a class=\"font-bold underline-offset-[0.12em] [text-decoration:var(--person-link-text-decoration)] [text-decoration-color:var(--person-link-text-decoration-color)]!\" href=\"https:\/\/www.satakunnankansa.fi\/haku\/?query=Noora%20Karma\" rel=\"nofollow noopener\" target=\"_blank\">Noora Karma<\/a>, toimittaja <a class=\"font-bold underline-offset-[0.12em] [text-decoration:var(--person-link-text-decoration)] [text-decoration-color:var(--person-link-text-decoration-color)]!\" href=\"https:\/\/www.satakunnankansa.fi\/haku\/?query=Katja%20Lintunen\" rel=\"nofollow noopener\" target=\"_blank\">Katja Lintunen<\/a> sek\u00e4 kauneusvaikuttaja ja yritt\u00e4j\u00e4 <a class=\"font-bold underline-offset-[0.12em] [text-decoration:var(--person-link-text-decoration)] [text-decoration-color:var(--person-link-text-decoration-color)]!\" href=\"https:\/\/www.satakunnankansa.fi\/haku\/?query=Rita%20Jokinen\" rel=\"nofollow noopener\" target=\"_blank\">Rita Jokinen<\/a>, joka valittiin yleis\u00f6n suosikiksi Miss Suomi 2015 -kilpailussa.<\/p>\n<p><img decoding=\"async\" src=\"https:\/\/www.europesays.com\/fi\/wp-content\/uploads\/2026\/09\/1788647479_811_468.jpg\" alt=\"Teini-ik\u00e4isen\u00e4 Veera Gr\u00f6nlundin aluillaan ollut malliura katkesi sy\u00f6mish\u00e4iri\u00f6\u00f6n ja koulukiusaamiseen. H\u00e4n kertoi asiasta Satakunnan Kansan haastattelussa kes\u00e4ll\u00e4. Siksi kauneusmaailma j\u00e4i vuosiksi. Launtai-iltana Gr\u00f6nlund kruunattiin vuoden 2026 Miss Suomeksi.\" class=\"_Img_1rerz_1\" style=\"aspect-ratio:1920\/1280\" loading=\"eager\"\/><\/p>\n<p class=\"font-(family-name:--picture-caption-font-family) text-(length:--picture-caption-font-size) leading-(--picture-caption-leading) font-(--picture-caption-font-weight) text-(color:--picture-caption-color) picture-with-caption__caption picture-with-caption__caption--default-full\">Teini-ik\u00e4isen\u00e4 Veera Gr\u00f6nlundin aluillaan ollut malliura katkesi sy\u00f6mish\u00e4iri\u00f6\u00f6n ja koulukiusaamiseen. H\u00e4n kertoi asiasta Satakunnan Kansan haastattelussa kes\u00e4ll\u00e4. Siksi kauneusmaailma j\u00e4i vuosiksi. Launtai-iltana Gr\u00f6nlund kruunattiin vuoden 2026 Miss Suomeksi. Kuva:\u00a0Ivan Bessedin<\/p>\n<p class=\"article-body mb-(--paragraph-margin-b) px-nof-16\">Missin\u00e4 Gr\u00f6nlund aikoo edist\u00e4\u00e4 muun muassa el\u00e4inten oikeuksia. H\u00e4n on vegaani ja tehnyt jo ennen Miss Suomi -kilpailu vuosia vapaaehtoist\u00f6it\u00e4 el\u00e4inten parissa.<\/p>\n<p class=\"article-body mb-(--paragraph-margin-b) px-nof-16\">\u201dEl\u00e4imet ovat minulle todella t\u00e4rkeit\u00e4, mutta niin ovat my\u00f6s ihmiset\u201d, Gr\u00f6nlund sanoo.<\/p>\n<p class=\"article-body mb-(--paragraph-margin-b) px-nof-16\">Gr\u00f6nlundin \u00e4iti ja sisko seurasivat finaalia paikan p\u00e4\u00e4ll\u00e4. My\u00f6s h\u00e4nen yst\u00e4vi\u00e4\u00e4n oli saapunut kannustamaan.<\/p>\n<p class=\"article-body mb-(--paragraph-margin-b) px-nof-16\">\u201dEn pystynyt edes heit\u00e4 katsomaan, kun itku meinasi tulla.\u201d<\/p>\n<p><img decoding=\"async\" src=\"https:\/\/www.europesays.com\/fi\/wp-content\/uploads\/2026\/09\/1788647479_24_468.jpg\" alt=\"Veera Gr\u00f6nlund tuuletti voittoa.\" class=\"_Img_1rerz_1\" style=\"aspect-ratio:1920\/1280\" loading=\"eager\"\/><\/p>\n<p class=\"font-(family-name:--picture-caption-font-family) text-(length:--picture-caption-font-size) leading-(--picture-caption-leading) font-(--picture-caption-font-weight) text-(color:--picture-caption-color) picture-with-caption__caption picture-with-caption__caption--default-full\">Veera Gr\u00f6nlund tuuletti voittoa. Kuva:\u00a0Ivan Bessedin<\/p>\n<p class=\"article-body mb-(--paragraph-margin-b) px-nof-16\">Gr\u00f6nlund aikoo valmistautua Miss Universum -kisoihin vuoden 2024 Miss Suomen <a class=\"font-bold underline-offset-[0.12em] [text-decoration:var(--person-link-text-decoration)] [text-decoration-color:var(--person-link-text-decoration-color)]!\" href=\"https:\/\/www.satakunnankansa.fi\/haku\/?query=Matilda%20Wirtavuoren\" rel=\"nofollow noopener\" target=\"_blank\">Matilda Wirtavuoren<\/a> opastuksella, joka valmensi h\u00e4nt\u00e4 my\u00f6s Miss Suomi -kisaan yhdess\u00e4 <a class=\"font-bold underline-offset-[0.12em] [text-decoration:var(--person-link-text-decoration)] [text-decoration-color:var(--person-link-text-decoration-color)]!\" href=\"https:\/\/www.satakunnankansa.fi\/haku\/?query=Iida%20Hynnil%C3%A4n\" rel=\"nofollow noopener\" target=\"_blank\">Iida Hynnil\u00e4n<\/a> kanssa.<\/p>\n<p class=\"article-body mb-(--paragraph-margin-b) px-nof-16\">Vuonna 2024 Miss Suomeksi valitun Wirtavuoren kanssa Gr\u00f6nlundia yhdist\u00e4v\u00e4t missimaailman lis\u00e4ksi juuret, sill\u00e4 Wirtavuorenkin sukua ja perhett\u00e4 asuu Satakunnassa.<\/p>\n","protected":false},"excerpt":{"rendered":"Idea kisaan osallistumisesta oli Gr\u00f6nlundin \u00e4idin. Tuore Miss Suomi Veera Gr\u00f6nlund kuvattiin kes\u00e4kuun lopussa Porin Kirjurinluodossa. Kuva:\u00a0Kari Mankonen&hellip;\n","protected":false},"author":2,"featured_media":342434,"comment_status":"","ping_status":"","sticky":false,"template":"","format":"standard","meta":{"footnotes":"","_share_on_mastodon":"0"},"categories":[5],"tags":[22,23,26,27,33,31,30,17,24,25,28,29,15,18,21,80,32,19,20,16],"class_list":["post-342433","post","type-post","status-publish","format-standard","has-post-thumbnail","category-otsikot","tag-breaking-news","tag-breakingnews","tag-featured-news","tag-featurednews","tag-fi","tag-finland","tag-finnish","tag-headlines","tag-latest-news","tag-latestnews","tag-main-news","tag-mainnews","tag-news","tag-otsikot","tag-paauutiset","tag-satakunnan-kansa","tag-suomi","tag-top-stories","tag-topstories","tag-uutiset"],"share_on_mastodon":{"url":"https:\/\/pubeurope.com\/@fi\/117220808799898051","error":""},"_links":{"self":[{"href":"https:\/\/www.europesays.com\/fi\/wp-json\/wp\/v2\/posts\/342433","targetHints":{"allow":["GET"]}}],"collection":[{"href":"https:\/\/www.europesays.com\/fi\/wp-json\/wp\/v2\/posts"}],"about":[{"href":"https:\/\/www.europesays.com\/fi\/wp-json\/wp\/v2\/types\/post"}],"author":[{"embeddable":true,"href":"https:\/\/www.europesays.com\/fi\/wp-json\/wp\/v2\/users\/2"}],"replies":[{"embeddable":true,"href":"https:\/\/www.europesays.com\/fi\/wp-json\/wp\/v2\/comments?post=342433"}],"version-history":[{"count":0,"href":"https:\/\/www.europesays.com\/fi\/wp-json\/wp\/v2\/posts\/342433\/revisions"}],"wp:featuredmedia":[{"embeddable":true,"href":"https:\/\/www.europesays.com\/fi\/wp-json\/wp\/v2\/media\/342434"}],"wp:attachment":[{"href":"https:\/\/www.europesays.com\/fi\/wp-json\/wp\/v2\/media?parent=342433"}],"wp:term":[{"taxonomy":"category","embeddable":true,"href":"https:\/\/www.europesays.com\/fi\/wp-json\/wp\/v2\/categories?post=342433"},{"taxonomy":"post_tag","embeddable":true,"href":"https:\/\/www.europesays.com\/fi\/wp-json\/wp\/v2\/tags?post=342433"}],"curies":[{"name":"wp","href":"https:\/\/api.w.org\/{rel}","templated":true}]}}