{"id":342439,"date":"2026-09-05T22:54:25","date_gmt":"2026-09-05T22:54:25","guid":{"rendered":"https:\/\/www.europesays.com\/fi\/342439\/"},"modified":"2026-09-05T22:54:25","modified_gmt":"2026-09-05T22:54:25","slug":"paakirjoitus-datakeskus-tuo-mikkeliin-paljon-tyota-ja-toimeentuloa-paakirjoitus-mielipide","status":"publish","type":"post","link":"https:\/\/www.europesays.com\/fi\/342439\/","title":{"rendered":"P\u00e4\u00e4kirjoitus | Datakeskus tuo Mikkeliin paljon ty\u00f6t\u00e4 ja toimeentuloa | P\u00e4\u00e4kirjoitus &#038; mielipide"},"content":{"rendered":"<p>Visulahden datakeskuksen hahmo alkaa selkeyty\u00e4. Hehtaarien rakennusty\u00f6maalla n\u00e4kyy jo seinien palkistoja ja katon muotoja. Toisenlaista selkeytt\u00e4 tuli, kun my\u00f6s datakeskuksen k\u00e4ytt\u00e4j\u00e4 tuli julkisuuteen.<\/p>\n<p>Ehk\u00e4 sen nyt jo uskaltaa sanoa: Visulahteen on rakentumassa poikkeuksellisen merkitt\u00e4v\u00e4, alueelle elinvoimaa tuova hanke.<\/p>\n<p>Yhdysvaltalainen <a href=\"https:\/\/www.lansi-savo.fi\/paikalliset\/9754675\" rel=\"nofollow noopener\" target=\"_blank\">Cerebras<\/a> on tehnyt datakeskuksen kapasiteetista seitsem\u00e4n vuoden sopimuksen. Teko\u00e4ly\u00e4 kehitt\u00e4v\u00e4n <a href=\"https:\/\/www.lansi-savo.fi\/paikalliset\/9756765\" rel=\"nofollow noopener\" target=\"_blank\">Cerebrasin asiakkaita<\/a> ovat kansainv\u00e4liset suuryritykset, tutkimuslaitokset ja valtiot. Esimerkiksi suositun ChatGPT:n &#8221;\u00e4ly&#8221; saattaa siis jatkossa py\u00f6ri\u00e4 Mikkeliss\u00e4.<\/p>\n<p>Valmistuttuaan keskuksen on arvioitu tuovan Mikkeliin suoraan 80\u2013250 pysyv\u00e4\u00e4 ty\u00f6paikkaa. Haitari on laaja, koska keskus rakennetaan osissa. Ensivaihe on kooltaan 50 megawattia. Suurimmillaan laitos voi ylt\u00e4\u00e4 165 megawatin teholuokkaan.<\/p>\n<p>Jo 80 ty\u00f6paikkaa on Mikkeliss\u00e4 j\u00e4ttipotti, viel\u00e4p\u00e4 alalla, jossa n\u00e4kymi\u00e4 riitt\u00e4\u00e4 pitk\u00e4lle tulevaisuuteen.<\/p>\n<p>Toistaiseksi keskus on <a href=\"https:\/\/www.lansi-savo.fi\/paikalliset\/9700562\" rel=\"nofollow noopener\" target=\"_blank\">ty\u00f6llist\u00e4nyt l\u00e4hinn\u00e4 rakentajia<\/a>. Alueella on py\u00f6rinyt kymmeni\u00e4 ty\u00f6koneita, kymmenet maansiirtoautot ovat vieneet tarpeettomia maamassoja alueelta pois ja tarpeellisia tilalle. Osaa kaupunkilaisia rekkaralli on \u00e4rsytt\u00e4nytkin.<\/p>\n<p>Huolta liikenneturvallisuudesta ja ymp\u00e4rist\u00f6st\u00e4 pit\u00e4\u00e4 ymm\u00e4rt\u00e4\u00e4. Samalla on hyv\u00e4 muistaa, ett\u00e4 kaikki rakentaminen aiheuttaa tilap\u00e4ist\u00e4 haittaa.<\/p>\n<p>Etel\u00e4-Savossa ja Mikkeliss\u00e4 on ollut rakentamisessa ja investoinneissa pitk\u00e4\u00e4n niin hiljaista, ett\u00e4 isosta ty\u00f6maasta voisi my\u00f6s iloita. Kaupunki tarvitsee pysyvi\u00e4 ty\u00f6paikkoja ja verotuloja.<\/p>\n<p>Datakeskukset her\u00e4tt\u00e4v\u00e4t suuria tunteita. Esille nousee monenlaisia huolia tietoturvasta s\u00e4hk\u00f6nhintaan. Datakeskusty\u00f6maalla viikko sitten n\u00e4hty pieni <a href=\"https:\/\/www.lansi-savo.fi\/paikalliset\/9750191\" rel=\"nofollow noopener\" target=\"_blank\">mielenosoitus<\/a> nosti esiin s\u00e4hk\u00f6nsiirtoverkkojen rakentamisen ja niist\u00e4 aiheutuvat ymp\u00e4rist\u00f6haitat.<\/p>\n<p>Kritiikki ei ole perusteetonta. Datakeskukset kuluttavat valtavasti s\u00e4hk\u00f6\u00e4 ja muuttavat ymp\u00e4rist\u00f6\u00e4. N\u00e4ist\u00e4kin on voitava keskustella avoimesti. Suomen valtion pit\u00e4isi mietti\u00e4 selv\u00e4t s\u00e4velet sille, miten suhtaudumme ilmi\u00f6\u00f6n ja millaista toimintaa alueellemme haluamme.<\/p>\n<p>Samalla tulee muistaa, ett\u00e4 muutos on jo tapahtunut. Suuri osa suomalaisistakin k\u00e4ytt\u00e4\u00e4 datakeskusten palveluita r\u00e4pl\u00e4tess\u00e4\u00e4n somen videovirtaa, l\u00e4hett\u00e4ess\u00e4\u00e4n s\u00e4hk\u00f6postia tai tehdess\u00e4\u00e4n t\u00f6it\u00e4. Viranomaisten, kauppojen ja yritysten data on pilvess\u00e4, ja se pilvi tarkoittaa juuri datakeskusta.<\/p>\n<p>Mikkeli ei voi p\u00e4\u00e4tt\u00e4\u00e4, tuleeko Suomeen tai maailmaan datakeskuksia. Jos me emme niit\u00e4 halua, ne menev\u00e4t muualle. Jos keskus nostaa s\u00e4hk\u00f6n hintaa, hinta nousee Mikkeliss\u00e4kin ihan riippumatta siit\u00e4, onko t\u00e4\u00e4ll\u00e4 keskusta vai ei.<\/p>\n<p>Datakeskustoimijat ovat kansainv\u00e4lisi\u00e4 j\u00e4ttej\u00e4. Niiden tiedotuspolitiikka on tyypillisesti, niukkaa, salailevaa ja ep\u00e4m\u00e4\u00e4r\u00e4ist\u00e4. Siin\u00e4 mieless\u00e4 oli ilahduttavaa, ett\u00e4 Visulahden hankkeesta tiedet\u00e4\u00e4n n\u00e4inkin paljon.<\/p>\n<p>Suomalaiseen yhteiskuntaan kuuluu avoimuus. Mit\u00e4 enemm\u00e4n datakeskustoimijat kertovat hankkeistaan, energiankulutuksestaan ja vaikutuksistaan, sit\u00e4 helpompi niiden on ansaita paikallisten luottamus.<\/p>\n","protected":false},"excerpt":{"rendered":"Visulahden datakeskuksen hahmo alkaa selkeyty\u00e4. Hehtaarien rakennusty\u00f6maalla n\u00e4kyy jo seinien palkistoja ja katon muotoja. Toisenlaista selkeytt\u00e4 tuli, kun&hellip;\n","protected":false},"author":2,"featured_media":342440,"comment_status":"","ping_status":"","sticky":false,"template":"","format":"standard","meta":{"footnotes":"","_share_on_mastodon":"0"},"categories":[76],"tags":[79,3465,77,33,31,30,685,686,4025,4024,402,32,78,487],"class_list":["post-342439","post","type-post","status-publish","format-standard","has-post-thumbnail","category-talous","tag-business","tag-datakeskus","tag-economy","tag-fi","tag-finland","tag-finnish","tag-mikkeli","tag-mikkelin-seutukunta","tag-paakirjoitukset-ja-mielipiteet","tag-paakirjoitus","tag-rakentaminen-kiinteistot","tag-suomi","tag-talous","tag-teknologia-yleista"],"share_on_mastodon":{"url":"https:\/\/pubeurope.com\/@fi\/117220898702181781","error":""},"_links":{"self":[{"href":"https:\/\/www.europesays.com\/fi\/wp-json\/wp\/v2\/posts\/342439","targetHints":{"allow":["GET"]}}],"collection":[{"href":"https:\/\/www.europesays.com\/fi\/wp-json\/wp\/v2\/posts"}],"about":[{"href":"https:\/\/www.europesays.com\/fi\/wp-json\/wp\/v2\/types\/post"}],"author":[{"embeddable":true,"href":"https:\/\/www.europesays.com\/fi\/wp-json\/wp\/v2\/users\/2"}],"replies":[{"embeddable":true,"href":"https:\/\/www.europesays.com\/fi\/wp-json\/wp\/v2\/comments?post=342439"}],"version-history":[{"count":0,"href":"https:\/\/www.europesays.com\/fi\/wp-json\/wp\/v2\/posts\/342439\/revisions"}],"wp:featuredmedia":[{"embeddable":true,"href":"https:\/\/www.europesays.com\/fi\/wp-json\/wp\/v2\/media\/342440"}],"wp:attachment":[{"href":"https:\/\/www.europesays.com\/fi\/wp-json\/wp\/v2\/media?parent=342439"}],"wp:term":[{"taxonomy":"category","embeddable":true,"href":"https:\/\/www.europesays.com\/fi\/wp-json\/wp\/v2\/categories?post=342439"},{"taxonomy":"post_tag","embeddable":true,"href":"https:\/\/www.europesays.com\/fi\/wp-json\/wp\/v2\/tags?post=342439"}],"curies":[{"name":"wp","href":"https:\/\/api.w.org\/{rel}","templated":true}]}}