{"id":342445,"date":"2026-09-05T22:57:11","date_gmt":"2026-09-05T22:57:11","guid":{"rendered":"https:\/\/www.europesays.com\/fi\/342445\/"},"modified":"2026-09-05T22:57:11","modified_gmt":"2026-09-05T22:57:11","slug":"sri-lankan-keihastahti-ravaytti-kisassa-nahtiin-ikava-loukkaantuminen","status":"publish","type":"post","link":"https:\/\/www.europesays.com\/fi\/342445\/","title":{"rendered":"Sri Lankan keih\u00e4st\u00e4hti r\u00e4v\u00e4ytti \u2013 kisassa n\u00e4htiin ik\u00e4v\u00e4 loukkaantuminen"},"content":{"rendered":"<p class=\"article-body mb-(--paragraph-margin-b) px-nof-16\">Sri Lankan <a class=\"font-bold underline-offset-[0.12em] [text-decoration:var(--person-link-text-decoration)] [text-decoration-color:var(--person-link-text-decoration-color)]!\" href=\"https:\/\/www.hs.fi\/haku\/?query=Rumesh%20Tharanga%20Pathirage\" rel=\"nofollow noopener\" target=\"_blank\">Rumesh Tharanga Pathirage<\/a> on ollut t\u00e4ll\u00e4 kaudella omaa luokkaansa keih\u00e4\u00e4nheitossa, eik\u00e4 mies pett\u00e4nyt my\u00f6sk\u00e4\u00e4n Timanttiliigan Brysselin osakilpailussa lauantaina.<\/p>\n<p class=\"article-body mb-(--paragraph-margin-b) px-nof-16\">Pathiragen nimiss\u00e4 on kauden k\u00e4rkitulos 92,62, ja mies on iskenyt reik\u00e4\u00e4 90 metrin havinoille kisasta toiseen. Sama toistui Brysseliss\u00e4, vaikka alku n\u00e4yttikin vaikealta.<\/p>\n<p class=\"article-body mb-(--paragraph-margin-b) px-nof-16\">Ensimm\u00e4isell\u00e4 kierroksella keih\u00e4s lensi vain 80,42 ja toisella viel\u00e4 huonommin 79,73. Kolmannella kuitenkin r\u00e4v\u00e4hti: 89,04. Se vei h\u00e4net k\u00e4rkeen kolmen kierroksen j\u00e4lkeen.<\/p>\n<p class=\"article-body mb-(--paragraph-margin-b) px-nof-16\">Toisena oli Puolan <a class=\"font-bold underline-offset-[0.12em] [text-decoration:var(--person-link-text-decoration)] [text-decoration-color:var(--person-link-text-decoration-color)]!\" href=\"https:\/\/www.hs.fi\/haku\/?query=Dawid%20Wegner\" rel=\"nofollow noopener\" target=\"_blank\">Dawid Wegner<\/a>, joka paransi enn\u00e4tyst\u00e4\u00e4n 1,8 metri\u00e4 ja kiskaisi kolmannellaan per\u00e4ti 87,47.<\/p>\n<p class=\"article-body mb-(--paragraph-margin-b) px-nof-16\">K\u00e4rkimiehet eiv\u00e4t tuloksiaan parantaneet, joten Pathirage vei voiton 89,04 kantaneella heitollaan. Wegner oli toinen ja Trinidad ja Tobagon <a class=\"font-bold underline-offset-[0.12em] [text-decoration:var(--person-link-text-decoration)] [text-decoration-color:var(--person-link-text-decoration-color)]!\" href=\"https:\/\/www.hs.fi\/haku\/?query=Keshorn%20Walcott\" rel=\"nofollow noopener\" target=\"_blank\">Keshorn Walcott<\/a> kolmas tuloksella 83,99.<\/p>\n<p class=\"article-body mb-(--paragraph-margin-b) px-nof-16\">Brysseliss\u00e4 kisaa seurannut Sanoman toimittaja <a class=\"font-bold underline-offset-[0.12em] [text-decoration:var(--person-link-text-decoration)] [text-decoration-color:var(--person-link-text-decoration-color)]!\" href=\"https:\/\/www.hs.fi\/haku\/?query=Saara%20Hakanen\" rel=\"nofollow noopener\" target=\"_blank\">Saara Hakanen<\/a> kertoi ik\u00e4v\u00e4st\u00e4 tapahtumasta, jota ei televisiossa n\u00e4ytetty.<\/p>\n<p class=\"article-body mb-(--paragraph-margin-b) px-nof-16\">Belgian <a class=\"font-bold underline-offset-[0.12em] [text-decoration:var(--person-link-text-decoration)] [text-decoration-color:var(--person-link-text-decoration-color)]!\" href=\"https:\/\/www.hs.fi\/haku\/?query=Timothy%20Herman\" rel=\"nofollow noopener\" target=\"_blank\">Timothy Herman<\/a> nimitt\u00e4in lyyhistyi kesken vauhtijuoksunsa ja j\u00e4i pitelem\u00e4\u00e4n jalkaansa. Herman vietiin paareilla pois, ja h\u00e4n keskeytti kilpailun. Parhaaksi j\u00e4i toisen kierroksen 71,79. Se riitti kuudenteen sijaan. Taakse j\u00e4i vain Yhdysvaltojen <a class=\"font-bold underline-offset-[0.12em] [text-decoration:var(--person-link-text-decoration)] [text-decoration-color:var(--person-link-text-decoration-color)]!\" href=\"https:\/\/www.hs.fi\/haku\/?query=Curtis%20Thompson\" rel=\"nofollow noopener\" target=\"_blank\">Curtis Thompson<\/a> (69,52).<\/p>\n<p class=\"article-body mb-(--paragraph-margin-b) px-nof-16\">Naisten seiv\u00e4shypyss\u00e4 Yhdysvaltojen <a class=\"font-bold underline-offset-[0.12em] [text-decoration:var(--person-link-text-decoration)] [text-decoration-color:var(--person-link-text-decoration-color)]!\" href=\"https:\/\/www.hs.fi\/haku\/?query=Hana%20Moll\" rel=\"nofollow noopener\" target=\"_blank\">Hana Moll<\/a> otti voiton n\u00e4yt\u00f6styyliin. <a class=\"font-bold underline-offset-[0.12em] [text-decoration:var(--person-link-text-decoration)] [text-decoration-color:var(--person-link-text-decoration-color)]!\" href=\"https:\/\/www.hs.fi\/haku\/?query=Wilma%20Heltel%C3%A4n\" rel=\"nofollow noopener\" target=\"_blank\">Wilma Heltel\u00e4n<\/a> kilpakumppani Moll ylitti kolmannellaan korkeuden 491 ja paransi samalla enn\u00e4tyst\u00e4\u00e4n yhdell\u00e4 sentill\u00e4. H\u00e4n pudotti kolmesti korkeudesta 496.<\/p>\n<p class=\"article-body mb-(--paragraph-margin-b) px-nof-16\">Toiseksi kilpailussa tuli Sveitsin <a class=\"font-bold underline-offset-[0.12em] [text-decoration:var(--person-link-text-decoration)] [text-decoration-color:var(--person-link-text-decoration-color)]!\" href=\"https:\/\/www.hs.fi\/haku\/?query=Angelica%20Moser\" rel=\"nofollow noopener\" target=\"_blank\">Angelica Moser<\/a> (480) ennen Slovenian <a class=\"font-bold underline-offset-[0.12em] [text-decoration:var(--person-link-text-decoration)] [text-decoration-color:var(--person-link-text-decoration-color)]!\" href=\"https:\/\/www.hs.fi\/haku\/?query=Tina%20Sutejta\" rel=\"nofollow noopener\" target=\"_blank\">Tina Sutejta<\/a> (470). Heltel\u00e4 ei ollut t\u00e4ss\u00e4 kisassa mukana.<\/p>\n<p><img decoding=\"async\" src=\"https:\/\/www.europesays.com\/fi\/wp-content\/uploads\/2026\/09\/1788649031_716_468.jpg\" alt=\"Hana Moll oli seip\u00e4\u00e4ss\u00e4 ylivoimainen.\" class=\"_Img_1rerz_1\" style=\"aspect-ratio:1920\/1280\" loading=\"eager\"\/><\/p>\n<p class=\"font-(family-name:--picture-caption-font-family) text-(length:--picture-caption-font-size) leading-(--picture-caption-leading) font-(--picture-caption-font-weight) text-(color:--picture-caption-color) picture-with-caption__caption picture-with-caption__caption--default-full\">Hana Moll oli seip\u00e4\u00e4ss\u00e4 ylivoimainen. Kuva:\u00a0imago sport<\/p>\n<p class=\"article-body mb-(--paragraph-margin-b) px-nof-16\">Vasta 21-vuotias Moll on ollut viime viikkoina huimassa vireess\u00e4. H\u00e4n teki edellisen enn\u00e4tyksen viikko sitten Z\u00fcrichiss\u00e4. Tuosta kisasta Heltel\u00e4 joutui j\u00e4\u00e4m\u00e4\u00e4n sivuun sairastumisen takia.<\/p>\n<p class=\"article-body mb-(--paragraph-margin-b) px-nof-16\">Mollin kehitys on ollut vahvaa. Vuonna 2023 h\u00e4n hypp\u00e4si enn\u00e4tyksekseen 465. Viime vuonna h\u00e4n paransi sit\u00e4 lukemiin 481, ja nyt viiden metrin haamuraja on vain yhdeks\u00e4n sentin p\u00e4\u00e4ss\u00e4.<\/p>\n<p class=\"article-body mb-(--paragraph-margin-b) px-nof-16\">Miesten 200 metrill\u00e4 Yhdysvaltojen <a class=\"font-bold underline-offset-[0.12em] [text-decoration:var(--person-link-text-decoration)] [text-decoration-color:var(--person-link-text-decoration-color)]!\" href=\"https:\/\/www.hs.fi\/haku\/?query=Kenneth%20Bednarek\" rel=\"nofollow noopener\" target=\"_blank\">Kenneth Bednarek<\/a> puolestaan paineli ylivoimaiseen voittoon ajalla 19,62. Aika sivuaa miehen nimiss\u00e4 ollutta kauden k\u00e4rkiaikaa. My\u00f6t\u00e4tuulta juoksussa oli sallittu 0,8 metri\u00e4 sekunnissa.<\/p>\n<p class=\"article-body mb-(--paragraph-margin-b) px-nof-16\">Bednarekin, 27, j\u00e4lkeen toisena maaliviivan ylitti Etel\u00e4-Afrikan <a class=\"font-bold underline-offset-[0.12em] [text-decoration:var(--person-link-text-decoration)] [text-decoration-color:var(--person-link-text-decoration-color)]!\" href=\"https:\/\/www.hs.fi\/haku\/?query=Sinesipho%20Dambile\" rel=\"nofollow noopener\" target=\"_blank\">Sinesipho Dambile<\/a> (19,89) ennen Zimbabwen <a class=\"font-bold underline-offset-[0.12em] [text-decoration:var(--person-link-text-decoration)] [text-decoration-color:var(--person-link-text-decoration-color)]!\" href=\"https:\/\/www.hs.fi\/haku\/?query=Makanakaishe%20Charambaa\" rel=\"nofollow noopener\" target=\"_blank\">Makanakaishe Charambaa<\/a> (19,99). Muita 20 sekunnin alittajia ei n\u00e4hty.<\/p>\n<p class=\"article-body mb-(--paragraph-margin-b) px-nof-16\">200 metrin maailmanenn\u00e4tys on Jamaikan <a class=\"font-bold underline-offset-[0.12em] [text-decoration:var(--person-link-text-decoration)] [text-decoration-color:var(--person-link-text-decoration-color)]!\" href=\"https:\/\/www.hs.fi\/haku\/?query=Usain%20Boltin\" rel=\"nofollow noopener\" target=\"_blank\">Usain Boltin<\/a> vuonna 2009 juoksema 19,19. Bednarekin enn\u00e4tys on 19,57, jonka h\u00e4n juoksi vuonna 2024.<\/p>\n<p class=\"article-body mb-(--paragraph-margin-b) px-nof-16\">Bednarek on 200 metrin erikoismies, ja h\u00e4nell\u00e4 on palkintokaapissaan kaksi MM- ja olympiahopeaa. Ainoa MM-kulta on 4&#215;100 metrin viestist\u00e4 vuodelta 2025.<\/p>\n","protected":false},"excerpt":{"rendered":"Sri Lankan Rumesh Tharanga Pathirage on ollut t\u00e4ll\u00e4 kaudella omaa luokkaansa keih\u00e4\u00e4nheitossa, eik\u00e4 mies pett\u00e4nyt my\u00f6sk\u00e4\u00e4n Timanttiliigan Brysselin&hellip;\n","protected":false},"author":2,"featured_media":342446,"comment_status":"","ping_status":"","sticky":false,"template":"","format":"standard","meta":{"footnotes":"","_share_on_mastodon":"0"},"categories":[5],"tags":[22,23,26,27,33,31,30,17,46,24,25,28,29,15,18,21,32,19,20,16],"class_list":["post-342445","post","type-post","status-publish","format-standard","has-post-thumbnail","category-otsikot","tag-breaking-news","tag-breakingnews","tag-featured-news","tag-featurednews","tag-fi","tag-finland","tag-finnish","tag-headlines","tag-helsingin-sanomat","tag-latest-news","tag-latestnews","tag-main-news","tag-mainnews","tag-news","tag-otsikot","tag-paauutiset","tag-suomi","tag-top-stories","tag-topstories","tag-uutiset"],"share_on_mastodon":{"url":"https:\/\/pubeurope.com\/@fi\/117220910233625172","error":""},"_links":{"self":[{"href":"https:\/\/www.europesays.com\/fi\/wp-json\/wp\/v2\/posts\/342445","targetHints":{"allow":["GET"]}}],"collection":[{"href":"https:\/\/www.europesays.com\/fi\/wp-json\/wp\/v2\/posts"}],"about":[{"href":"https:\/\/www.europesays.com\/fi\/wp-json\/wp\/v2\/types\/post"}],"author":[{"embeddable":true,"href":"https:\/\/www.europesays.com\/fi\/wp-json\/wp\/v2\/users\/2"}],"replies":[{"embeddable":true,"href":"https:\/\/www.europesays.com\/fi\/wp-json\/wp\/v2\/comments?post=342445"}],"version-history":[{"count":0,"href":"https:\/\/www.europesays.com\/fi\/wp-json\/wp\/v2\/posts\/342445\/revisions"}],"wp:featuredmedia":[{"embeddable":true,"href":"https:\/\/www.europesays.com\/fi\/wp-json\/wp\/v2\/media\/342446"}],"wp:attachment":[{"href":"https:\/\/www.europesays.com\/fi\/wp-json\/wp\/v2\/media?parent=342445"}],"wp:term":[{"taxonomy":"category","embeddable":true,"href":"https:\/\/www.europesays.com\/fi\/wp-json\/wp\/v2\/categories?post=342445"},{"taxonomy":"post_tag","embeddable":true,"href":"https:\/\/www.europesays.com\/fi\/wp-json\/wp\/v2\/tags?post=342445"}],"curies":[{"name":"wp","href":"https:\/\/api.w.org\/{rel}","templated":true}]}}