{"id":342457,"date":"2026-09-05T23:23:14","date_gmt":"2026-09-05T23:23:14","guid":{"rendered":"https:\/\/www.europesays.com\/fi\/342457\/"},"modified":"2026-09-05T23:23:14","modified_gmt":"2026-09-05T23:23:14","slug":"prinssi-william-osallistuu-kuningas-haraldin-hautajaisiin","status":"publish","type":"post","link":"https:\/\/www.europesays.com\/fi\/342457\/","title":{"rendered":"Prinssi William osallistuu kuningas Haraldin hautajaisiin"},"content":{"rendered":"<p>Hautajaisiin osallistuu yksityishenkil\u00f6n\u00e4 my\u00f6s prinsessa Anne.<\/p>\n<p><img decoding=\"async\" src=\"https:\/\/www.europesays.com\/fi\/wp-content\/uploads\/2026\/09\/1788650593_173_468.jpg\" alt=\"Prinssi William osallistuu keskiviikkona j\u00e4rjestett\u00e4viin kuningas Haraldin hautajaisiin. \" class=\"_Img_1rerz_1\" style=\"aspect-ratio:1920\/1280\" loading=\"eager\"\/><\/p>\n<p class=\"font-(family-name:--picture-caption-font-family) text-(length:--picture-caption-font-size) leading-(--picture-caption-leading) font-(--picture-caption-font-weight) text-(color:--picture-caption-color)\">Prinssi William osallistuu keskiviikkona j\u00e4rjestett\u00e4viin kuningas Haraldin hautajaisiin.  Kuva:\u00a0Jack Taylor<\/p>\n<p class=\"article-body mb-(--paragraph-margin-b) px-nof-16\">Prinssi <a class=\"font-bold underline-offset-[0.12em] [text-decoration:var(--person-link-text-decoration)] [text-decoration-color:var(--person-link-text-decoration-color)]!\" href=\"https:\/\/www.is.fi\/haku\/?query=William\" rel=\"nofollow noopener\" target=\"_blank\">William <\/a>osallistuu keskiviikkona Norjan kuninkaan <a class=\"font-bold underline-offset-[0.12em] [text-decoration:var(--person-link-text-decoration)] [text-decoration-color:var(--person-link-text-decoration-color)]!\" href=\"https:\/\/www.is.fi\/haku\/?query=Harald\" rel=\"nofollow noopener\" target=\"_blank\">Harald <\/a>V:n hautajaisiin Oslossa, tiedottaa Buckinghamin palatsi BBC:n <a class=\"underline underline-offset-[0.12em] [text-decoration-thickness:var(--generic-link-underline-thickness)] [text-decoration-color:var(--generic-link-underline-color)] [text-decoration-skip-ink:var(--generic-link-underline-skip-ink)] break-words\" href=\"https:\/\/www.bbc.com\/news\/articles\/cp301rw6kvro\" rel=\"nofollow noopener\" target=\"_blank\">mukaan<\/a>.<\/p>\n<p class=\"article-body mb-(--paragraph-margin-b) px-nof-16\">Hautajaisiin osallistuu yksityishenkil\u00f6n\u00e4 my\u00f6s prinsessa <a class=\"font-bold underline-offset-[0.12em] [text-decoration:var(--person-link-text-decoration)] [text-decoration-color:var(--person-link-text-decoration-color)]!\" href=\"https:\/\/www.is.fi\/haku\/?query=Anne\" rel=\"nofollow noopener\" target=\"_blank\">Anne<\/a>, joka on Norjan uuden kuninkaan <a class=\"font-bold underline-offset-[0.12em] [text-decoration:var(--person-link-text-decoration)] [text-decoration-color:var(--person-link-text-decoration-color)]!\" href=\"https:\/\/www.is.fi\/haku\/?query=Haakon\" rel=\"nofollow noopener\" target=\"_blank\">Haakon <\/a>VIII:n kummit\u00e4ti.<\/p>\n<p class=\"article-body mb-(--paragraph-margin-b) px-nof-16\">Kuningas Harald kuoli 89-vuotiaana viime kuussa. H\u00e4n ehti olla Norjan kuninkaana 35 vuotta.<\/p>\n<p class=\"article-body mb-(--paragraph-margin-b) px-nof-16\">Kuninkaallisl\u00e4hteiden mukaan prinssi William osallistuu hautajaisiin is\u00e4ns\u00e4 kuningas <a class=\"font-bold underline-offset-[0.12em] [text-decoration:var(--person-link-text-decoration)] [text-decoration-color:var(--person-link-text-decoration-color)]!\" href=\"https:\/\/www.is.fi\/haku\/?query=Charlesin\" rel=\"nofollow noopener\" target=\"_blank\">Charlesin <\/a>edustajana. BBC:n mukaan kyseess\u00e4 on k\u00e4yt\u00e4nt\u00f6, jonka mukaan hallitseva monarkki ei yleens\u00e4 osallistu toisen valtionp\u00e4\u00e4miehen hautajaisiin.<\/p>\n<p><img decoding=\"async\" src=\"https:\/\/www.europesays.com\/fi\/wp-content\/uploads\/2026\/09\/1788650594_139_468.jpg\" alt=\"My\u00f6s prinsessa Anne osallistuu hautajaisiin.\" class=\"_Img_1rerz_1\" style=\"aspect-ratio:1920\/1279\" loading=\"eager\"\/><\/p>\n<p class=\"font-(family-name:--picture-caption-font-family) text-(length:--picture-caption-font-size) leading-(--picture-caption-leading) font-(--picture-caption-font-weight) text-(color:--picture-caption-color) picture-with-caption__caption picture-with-caption__caption--default-full\">My\u00f6s prinsessa Anne osallistuu hautajaisiin. Kuva:\u00a0Jane Barlow \/ AFP<\/p>\n<p class=\"article-body mb-(--paragraph-margin-b) px-nof-16\">Kuningas Haraldin j\u00e4\u00e4hyv\u00e4istilaisuuteen 9. syyskuuta odotetaan suuria v\u00e4kijoukkoja. Siunaustilaisuus pidet\u00e4\u00e4n Oslon tuomiokirkossa.<\/p>\n<p class=\"article-body mb-(--paragraph-margin-b) px-nof-16\">Siunaustilaisuuden j\u00e4lkeen kuningas haudataan yksityisess\u00e4 tilaisuudessa Norjan kuninkaalliseen mausoleumiin Akershusin linnoituksessa.<\/p>\n<p class=\"article-body mb-(--paragraph-margin-b) px-nof-16\">Norjan kuningasperheen lis\u00e4ksi hautajaisiin osallistuu my\u00f6s muiden Euroopan kuningashuoneiden edustajia.<\/p>\n<p class=\"article-body mb-(--paragraph-margin-b) px-nof-16\">My\u00f6s tasavallan presidentti <a class=\"font-bold underline-offset-[0.12em] [text-decoration:var(--person-link-text-decoration)] [text-decoration-color:var(--person-link-text-decoration-color)]! font-bold\" href=\"https:\/\/www.is.fi\/haku\/?query=Alexander%20Stubb\" rel=\"nofollow noopener\" target=\"_blank\">Alexander Stubb<\/a> ja h\u00e4nen puolisonsa <a class=\"font-bold underline-offset-[0.12em] [text-decoration:var(--person-link-text-decoration)] [text-decoration-color:var(--person-link-text-decoration-color)]! font-bold\" href=\"https:\/\/www.is.fi\/haku\/?query=Suzanne%20Innes-Stubb\" rel=\"nofollow noopener\" target=\"_blank\">Suzanne Innes-Stubb<\/a> osallistuvat hautajaisiin, tasavallan presidentin kanslia tiedotti aiemmin.<\/p>\n","protected":false},"excerpt":{"rendered":"Hautajaisiin osallistuu yksityishenkil\u00f6n\u00e4 my\u00f6s prinsessa Anne. Prinssi William osallistuu keskiviikkona j\u00e4rjestett\u00e4viin kuningas Haraldin hautajaisiin. Kuva:\u00a0Jack Taylor Prinssi William&hellip;\n","protected":false},"author":2,"featured_media":342458,"comment_status":"","ping_status":"","sticky":false,"template":"","format":"standard","meta":{"footnotes":"","_share_on_mastodon":"0"},"categories":[5],"tags":[22,23,26,27,33,31,30,17,34,24,25,28,29,15,18,21,32,19,20,16],"class_list":["post-342457","post","type-post","status-publish","format-standard","has-post-thumbnail","category-otsikot","tag-breaking-news","tag-breakingnews","tag-featured-news","tag-featurednews","tag-fi","tag-finland","tag-finnish","tag-headlines","tag-ilta-sanomat","tag-latest-news","tag-latestnews","tag-main-news","tag-mainnews","tag-news","tag-otsikot","tag-paauutiset","tag-suomi","tag-top-stories","tag-topstories","tag-uutiset"],"share_on_mastodon":{"url":"https:\/\/pubeurope.com\/@fi\/117221012456511083","error":""},"_links":{"self":[{"href":"https:\/\/www.europesays.com\/fi\/wp-json\/wp\/v2\/posts\/342457","targetHints":{"allow":["GET"]}}],"collection":[{"href":"https:\/\/www.europesays.com\/fi\/wp-json\/wp\/v2\/posts"}],"about":[{"href":"https:\/\/www.europesays.com\/fi\/wp-json\/wp\/v2\/types\/post"}],"author":[{"embeddable":true,"href":"https:\/\/www.europesays.com\/fi\/wp-json\/wp\/v2\/users\/2"}],"replies":[{"embeddable":true,"href":"https:\/\/www.europesays.com\/fi\/wp-json\/wp\/v2\/comments?post=342457"}],"version-history":[{"count":0,"href":"https:\/\/www.europesays.com\/fi\/wp-json\/wp\/v2\/posts\/342457\/revisions"}],"wp:featuredmedia":[{"embeddable":true,"href":"https:\/\/www.europesays.com\/fi\/wp-json\/wp\/v2\/media\/342458"}],"wp:attachment":[{"href":"https:\/\/www.europesays.com\/fi\/wp-json\/wp\/v2\/media?parent=342457"}],"wp:term":[{"taxonomy":"category","embeddable":true,"href":"https:\/\/www.europesays.com\/fi\/wp-json\/wp\/v2\/categories?post=342457"},{"taxonomy":"post_tag","embeddable":true,"href":"https:\/\/www.europesays.com\/fi\/wp-json\/wp\/v2\/tags?post=342457"}],"curies":[{"name":"wp","href":"https:\/\/api.w.org\/{rel}","templated":true}]}}