{"id":342461,"date":"2026-09-05T23:43:25","date_gmt":"2026-09-05T23:43:25","guid":{"rendered":"https:\/\/www.europesays.com\/fi\/342461\/"},"modified":"2026-09-05T23:43:25","modified_gmt":"2026-09-05T23:43:25","slug":"jennifer-lawrence-paljastaa-kauneusleikkaushaaveensa-fanit-jarkyttyivat","status":"publish","type":"post","link":"https:\/\/www.europesays.com\/fi\/342461\/","title":{"rendered":"Jennifer Lawrence paljastaa kauneusleikkaushaaveensa \u2013 fanit j\u00e4rkyttyiv\u00e4t"},"content":{"rendered":"<p>\n            epa12460611 US actor and producer Jennifer Lawrence attends the &#8217;Die, My Love&#8217; gala screening at the BFI London Film Festival, in London, Britain, 17 October 2025. The 69th edition of the annual film festival runs from 08 to 19 October 2025.  EPA\/NEIL HALL<br \/>\n            NEIL HALL \/ All Over Press\n        <\/p>\n<p class=\"subtitle \">Jennifer Lawrencen fanit eiv\u00e4t ymm\u00e4rr\u00e4, miksi n\u00e4yttelij\u00e4 haluaisi muuttaa kasvojaan.<\/p>\n<p class=\"article-content article-content-width !bg-background\">Rakastettu Hollywood-n\u00e4yttelij\u00e4 , 36, paljasti, mink\u00e4 kauneusleikkauksen h\u00e4n todella haluaisi.<\/p>\n<p class=\"font-weight-bold m-font-weight-bold article-content article-content-width !bg-background\">Video: N\u00e4m\u00e4 julkkikset ovat kuin ilmetyt vanhempansa.\u00a0<\/p>\n<p>Rasva pois poskista<\/p>\n<p class=\"article-content article-content-width !bg-background\">Oscar-palkittu Jennifer kertoo <a href=\"https:\/\/www.vogue.com\/article\/jennifer-lawrence-beauty-aging-interview\" target=\"_blank\" rel=\"nofollow noopener\">Voguen <\/a>tuoreessa haastattelussa, ett\u00e4 h\u00e4n haaveilee buccal fat removal -operaatiosta. Suomeksi kyseess\u00e4 on poskirasvan poisto.<\/p>\n<p class=\"article-content article-content-width !bg-background\">Kirurgisessa toimenpiteess\u00e4 poistetaan poskien sis\u00e4lt\u00e4 rasvakudosta, jotta kasvoista saataisiin kapeammat. Kauneusleikkaus on ollut viime vuosina suosittu Hollywoodissa. <a href=\"https:\/\/www.nytimes.com\/2022\/12\/16\/style\/buccal-fat-removal-tiktok-plastic-surgery.html\" target=\"_blank\" rel=\"nofollow noopener\">The New York Times<\/a> kirjoitti jo vuonna 2022, ett\u00e4 operaation suosio oli yht\u00e4kki\u00e4 r\u00e4j\u00e4ht\u00e4nyt. Kiinnostusta leikkaukseen ajoi tietenkin sosiaalinen media.<\/p>\n<p class=\"article-content article-content-width !bg-background\">Jennifer tunnetaan juurikin h\u00e4nen py\u00f6reist\u00e4 poskistaan, ja n\u00e4yttelij\u00e4n paljastus sai monet fanit j\u00e4rkyttym\u00e4\u00e4n sosiaalisessa mediassa.<\/p>\n<p>        <a itemprop=\"url\" href=\"https:\/\/www.seiska.fi\/ulkomaat\/nalkapeli-tahti-pidatettiin-hyokkasi-pistoolin-kanssa\/2130173\" rel=\"nofollow noopener\" target=\"_blank\"><\/p>\n<p>\nN\u00e4lk\u00e4peli-t\u00e4hti pid\u00e4tettiin\n<\/p>\n<p class=\"section-date\">\n        <strong class=\"article-section\" data-section=\"ulkomaat\"><br \/>\n            ulkomaat<br \/>\n        <\/strong><br \/>\n        16.4. 20:00\n    <\/p>\n<p>N\u00e4lk\u00e4peli-t\u00e4hti pid\u00e4tettiin: Hy\u00f6kk\u00e4si pistoolin kanssa\n    <\/p>\n<p itemprop=\"description\" class=\"subtitle \">\n    Ensimm\u00e4isess\u00e4 N\u00e4lk\u00e4peliss\u00e4 n\u00e4hty Ethan Jamieson on joutunut vakavien rikossyyt\u00f6sten kohteeksi.\n<\/p>\n<p>        <\/a><\/p>\n<p>&#8221;Pit\u00e4isin sit\u00e4 rikollisena&#8221;<\/p>\n<p class=\"article-content article-content-width !bg-background\">Viestipalvelu <a href=\"https:\/\/x.com\/todoxjlaw\/status\/2095510601388716414\" target=\"_blank\" rel=\"nofollow\">X<\/a>:ss\u00e4 k\u00e4ytiin asiasta kiivasta keskustelua haastattelun julkaisun j\u00e4lkimainingeissa.<\/p>\n<blockquote class=\"twitter-tweet\">\n<p lang=\"en\" dir=\"ltr\">&#8221;I believe in facials. But I can\u2019t really get very much done. I need to have movement in my face. I get baby Botox, but I can&#8217;t do a lot. If my skin is going to be a little saggier than I would like, at least it looks dewy and pretty. I\u2019m really nervous about these fat transfers.\u2026 <a href=\"https:\/\/t.co\/ugArgJ9mnk\" rel=\"nofollow\">pic.twitter.com\/ugArgJ9mnk<\/a><\/p>\n<p>\u2014 ~ Lu ~ (@todoxjlaw) <a href=\"https:\/\/x.com\/todoxjlaw\/status\/2095510601388716414?ref_src=twsrc%5Etfw\" rel=\"nofollow\">September 3, 2026<\/a><\/p><\/blockquote>\n<p class=\"article-content article-content-width !bg-background\">\u2013 Pit\u00e4isin sit\u00e4 rikollisena jos h\u00e4n ikin\u00e4 p\u00e4\u00e4tt\u00e4isi poistattaa poskirasvansa, tarkoitan ett\u00e4 h\u00e4n saa tietysti tehd\u00e4 miten haluaa mutta h\u00e4nen py\u00f6re\u00e4t poskensa ovat aina olleet lempiasiani h\u00e4ness\u00e4, joku kirjoittaa itkuemojin kanssa.<\/p>\n<p class=\"article-content article-content-width !bg-background\">\u2013 H\u00e4n on aina ollut itsetietoinen poskistaan, vaikka ne ovat yksi h\u00e4nen vieh\u00e4tt\u00e4vimmist\u00e4 piirteist\u00e4\u00e4n. Ik\u00e4 saa ne n\u00e4kym\u00e4\u00e4n v\u00e4hemm\u00e4n joka tapauksessa, h\u00e4n tulee olemaan iloinen 60 vuotiaana, ettei tehnyt niille mit\u00e4\u00e4n, pohdiskeli toinen.\u00a0<\/p>\n<p class=\"article-content article-content-width !bg-background\">\u2013 Miksi h\u00e4n puhuu n\u00e4in?? Kirjaimellisesti kukaan ei halua n\u00e4hd\u00e4, ett\u00e4 h\u00e4n muuttaisi kasvojaan, kommentoi kolmas.<\/p>\n<p>                <img loading=\"lazy\" decoding=\"async\" src=\"https:\/\/www.europesays.com\/fi\/wp-content\/uploads\/2026\/09\/1662354.webp\" width=\"576\" height=\"274\" alt=\"Jennifer Lawrence vuonna 2024.\" \/>            <\/p>\n<p>\n            Jennifer Lawrence vuonna 2024.<br \/>\n            ALLISON DINNER\n        <\/p>\n<p>        <a itemprop=\"url\" href=\"https:\/\/www.seiska.fi\/ulkomaat\/vauvauutisia-jennifer-lawrence-synnytti-toisen-lapsensa\/1662349\" rel=\"nofollow noopener\" target=\"_blank\"><\/p>\n<p>\nVauvauutisia!\n<\/p>\n<p class=\"section-date\">\n        <strong class=\"article-section\" data-section=\"ulkomaat\"><br \/>\n            ulkomaat<br \/>\n        <\/strong><br \/>\n        1.4.2025 19:33\n    <\/p>\n<p>Vauvauutisia! Jennifer Lawrence synnytti toisen lapsensa\n    <\/p>\n<p itemprop=\"description\" class=\"subtitle \">\n    People-lehti paljastaa ilouutisen Hollywood-t\u00e4hden el\u00e4m\u00e4st\u00e4.\n<\/p>\n<p>        <\/a><\/p>\n<p>&#8221;Jos ihoni tulee roikkumaan&#8230;&#8221;<\/p>\n<p class=\"article-content article-content-width !bg-background\">Fanien onneksi Jennifer kuitenkin toteaa haastattelussa my\u00f6s, ettei voisi tehd\u00e4 toivomaansa operaatiota.<\/p>\n<p class=\"article-content article-content-width !bg-background\">\u2013 Tarkoitan, ett\u00e4 rakastaisin k\u00e4yd\u00e4 poistamassa poskirasvani. En voi, koska kaikki tiet\u00e4isiv\u00e4t siit\u00e4, mutta nyt tied\u00e4t, ett\u00e4 haluaisin sen, Jennifer kertoo haastattelussa.<\/p>\n<p class=\"article-content article-content-width !bg-background\">N\u00e4yttelij\u00e4 ei siis halua tehd\u00e4 operaatiota, koska lopputulos olisi niin ilmiselv\u00e4, ettei sen peitteleminen onnistuisi. Jennifer kertoi haastattelussa my\u00f6s, ett\u00e4 h\u00e4n uskoo kasvohoitohin ja on kokeillut \u201cbaby botoxia\u201d, eli h\u00e4n on ottanut vain pieni\u00e4 m\u00e4\u00e4ri\u00e4 botuliinia.\u00a0<\/p>\n<p class=\"article-content article-content-width !bg-background\">\u2013 Kyll\u00e4, koska en voi tehd\u00e4 paljoa. Minulla t\u00e4ytyy olla liikkuvuutta kasvoissani, Jennifer kuvailee haastattelussa sit\u00e4, miksi k\u00e4y ennemmin kasvohoidoissa kuin tekisi isompia muutoksia kasvoilleen. N\u00e4yttelij\u00e4nty\u00f6n kannalta kasvojen j\u00e4\u00e4dytt\u00e4minen olisi ep\u00e4k\u00e4yt\u00e4nn\u00f6llist\u00e4.<\/p>\n<p class=\"article-content article-content-width !bg-background\">\u2013 Jos ihoni tulee roikkumaan v\u00e4h\u00e4n enemm\u00e4n kuin tykk\u00e4\u00e4n, niin ainakin se voi n\u00e4ytt\u00e4\u00e4 kuulaalta ja kauniilta, n\u00e4yttelij\u00e4 pohtii.<\/p>\n<p>                <img loading=\"lazy\" decoding=\"async\" src=\"https:\/\/www.europesays.com\/fi\/wp-content\/uploads\/2026\/09\/1150312.webp\" width=\"576\" height=\"456\" alt=\"Jennifer Lawrence vuonna 2024.\" \/>            <\/p>\n<p>\n            Jennifer Lawrence vuonna 2024.<br \/>\n            Stella Pictures \/ All Over Press\n        <\/p>\n<p>        <a itemprop=\"url\" href=\"https:\/\/www.seiska.fi\/ulkomaat\/mita-tapahtui-jennifer-lawrencen-kasvoille-paljonpuhuvat-kuvat\/1150224\" rel=\"nofollow noopener\" target=\"_blank\"><\/p>\n<p class=\"section-date\">\n        <strong class=\"article-section\" data-section=\"ulkomaat\"><br \/>\n            ulkomaat<br \/>\n        <\/strong><br \/>\n        29.9.2023 14:12\n    <\/p>\n<p>Mit\u00e4 tapahtui Jennifer Lawrencen kasvoille? Paljonpuhuvat kuvat!\n    <\/p>\n<p itemprop=\"description\" class=\"subtitle \">\n    Amerikkalaist\u00e4hden muuttunut ulkon\u00e4k\u00f6 her\u00e4tti huomiota Pariisissa.\n<\/p>\n<p>        <\/a><\/p>\n<p><script async src=\"https:\/\/platform.twitter.com\/widgets.js\" charset=\"utf-8\"><\/script><\/p>\n","protected":false},"excerpt":{"rendered":"epa12460611 US actor and producer Jennifer Lawrence attends the &#8217;Die, My Love&#8217; gala screening at the BFI London&hellip;\n","protected":false},"author":2,"featured_media":342462,"comment_status":"","ping_status":"","sticky":false,"template":"","format":"standard","meta":{"footnotes":"","_share_on_mastodon":"0"},"categories":[130],"tags":[42190,137,33,31,30,4169,2123,2684,32,109],"class_list":["post-342461","post","type-post","status-publish","format-standard","has-post-thumbnail","category-viihde","tag-buccal-fat-removal","tag-entertainment","tag-fi","tag-finland","tag-finnish","tag-hollywood","tag-jennifer-lawrence","tag-kauneusleikkaus","tag-suomi","tag-viihde"],"share_on_mastodon":{"url":"https:\/\/pubeurope.com\/@fi\/117221091619103864","error":""},"_links":{"self":[{"href":"https:\/\/www.europesays.com\/fi\/wp-json\/wp\/v2\/posts\/342461","targetHints":{"allow":["GET"]}}],"collection":[{"href":"https:\/\/www.europesays.com\/fi\/wp-json\/wp\/v2\/posts"}],"about":[{"href":"https:\/\/www.europesays.com\/fi\/wp-json\/wp\/v2\/types\/post"}],"author":[{"embeddable":true,"href":"https:\/\/www.europesays.com\/fi\/wp-json\/wp\/v2\/users\/2"}],"replies":[{"embeddable":true,"href":"https:\/\/www.europesays.com\/fi\/wp-json\/wp\/v2\/comments?post=342461"}],"version-history":[{"count":0,"href":"https:\/\/www.europesays.com\/fi\/wp-json\/wp\/v2\/posts\/342461\/revisions"}],"wp:featuredmedia":[{"embeddable":true,"href":"https:\/\/www.europesays.com\/fi\/wp-json\/wp\/v2\/media\/342462"}],"wp:attachment":[{"href":"https:\/\/www.europesays.com\/fi\/wp-json\/wp\/v2\/media?parent=342461"}],"wp:term":[{"taxonomy":"category","embeddable":true,"href":"https:\/\/www.europesays.com\/fi\/wp-json\/wp\/v2\/categories?post=342461"},{"taxonomy":"post_tag","embeddable":true,"href":"https:\/\/www.europesays.com\/fi\/wp-json\/wp\/v2\/tags?post=342461"}],"curies":[{"name":"wp","href":"https:\/\/api.w.org\/{rel}","templated":true}]}}