{"id":342481,"date":"2026-09-06T00:15:14","date_gmt":"2026-09-06T00:15:14","guid":{"rendered":"https:\/\/www.europesays.com\/fi\/342481\/"},"modified":"2026-09-06T00:15:14","modified_gmt":"2026-09-06T00:15:14","slug":"ruokakauppa-ryostettiin-espoossa-poliisi-etsii-tekijaa","status":"publish","type":"post","link":"https:\/\/www.europesays.com\/fi\/342481\/","title":{"rendered":"Ruokakauppa ry\u00f6stettiin Espoossa: Poliisi etsii tekij\u00e4\u00e4"},"content":{"rendered":"<p>Ep\u00e4ilty uhkasi myyj\u00e4\u00e4 ter\u00e4aseella.<\/p>\n<p><img decoding=\"async\" class=\"image image-show image-preview\" src=\"https:\/\/www.europesays.com\/fi\/wp-content\/uploads\/2026\/09\/d705d79a92cee390abdfc404e44bb6cdb9cf11177999e3ea15cd6830c07928a8.jpg\" alt=\"\"\/><img decoding=\"async\" class=\"image image-show\" src=\"https:\/\/www.europesays.com\/fi\/wp-content\/uploads\/2026\/09\/1788653714_268_d705d79a92cee390abdfc404e44bb6cdb9cf11177999e3ea15cd6830c07928a8.jpg\" alt=\"\"\/><\/p>\n<p>Paikalla oli useita poliisipartioita.  Kuvakaappaus \/ Lukijavideo<\/p>\n<p class=\"paragraph\">L\u00e4nsi-Uudenmaan poliisi etsii henkil\u00f6\u00e4, jonka ep\u00e4ill\u00e4\u00e4n ry\u00f6st\u00e4neen ruokakaupan kassan aseella uhaten Espoon Lintuvaarassa.<\/p>\n<p class=\"paragraph\">V\u00e4likohtaus tapahtui lauantaina iltayhdeks\u00e4n j\u00e4lkeen.<\/p>\n<p class=\"paragraph\">Iltalehden tavoittaman silminn\u00e4kij\u00e4n mukaan v\u00e4likohtaus tapahtui Alepassa.<\/p>\n<p class=\"paragraph\">Poliisi l\u00e4hetti paikalle useita partioita. Poliisi etsii tuntomerkkeihin sopivaa ep\u00e4ilty\u00e4. Ket\u00e4\u00e4n ei ole otettu kiinni rikoksesta ep\u00e4iltyn\u00e4, poliisi kertoi tiedotteessa.<\/p>\n<p class=\"paragraph\">Poliisi tutkii tapahtunutta alustavasti ry\u00f6st\u00f6n\u00e4, mutta rikosnimikkeet voivat muuttua tai t\u00e4ydenty\u00e4 esitutkinnan edetess\u00e4.<\/p>\n<p class=\"paragraph\">Kukaan ei loukkaantunut tilanteessa.<\/p>\n","protected":false},"excerpt":{"rendered":"Ep\u00e4ilty uhkasi myyj\u00e4\u00e4 ter\u00e4aseella. Paikalla oli useita poliisipartioita. Kuvakaappaus \/ Lukijavideo L\u00e4nsi-Uudenmaan poliisi etsii henkil\u00f6\u00e4, jonka ep\u00e4ill\u00e4\u00e4n ry\u00f6st\u00e4neen&hellip;\n","protected":false},"author":2,"featured_media":342482,"comment_status":"","ping_status":"","sticky":false,"template":"","format":"standard","meta":{"footnotes":"","_share_on_mastodon":"0"},"categories":[5],"tags":[35,22,23,26,27,33,31,30,17,55,24,25,28,29,15,18,21,122,54,52,32,19,20,546,16],"class_list":["post-342481","post","type-post","status-publish","format-standard","has-post-thumbnail","category-otsikot","tag-24h","tag-breaking-news","tag-breakingnews","tag-featured-news","tag-featurednews","tag-fi","tag-finland","tag-finnish","tag-headlines","tag-lainvalvonta","tag-latest-news","tag-latestnews","tag-main-news","tag-mainnews","tag-news","tag-otsikot","tag-paauutiset","tag-pelastaminen","tag-pelastuspalvelut","tag-poliisi","tag-suomi","tag-top-stories","tag-topstories","tag-turvallisuus","tag-uutiset"],"share_on_mastodon":{"url":"https:\/\/pubeurope.com\/@fi\/117221217142506509","error":""},"_links":{"self":[{"href":"https:\/\/www.europesays.com\/fi\/wp-json\/wp\/v2\/posts\/342481","targetHints":{"allow":["GET"]}}],"collection":[{"href":"https:\/\/www.europesays.com\/fi\/wp-json\/wp\/v2\/posts"}],"about":[{"href":"https:\/\/www.europesays.com\/fi\/wp-json\/wp\/v2\/types\/post"}],"author":[{"embeddable":true,"href":"https:\/\/www.europesays.com\/fi\/wp-json\/wp\/v2\/users\/2"}],"replies":[{"embeddable":true,"href":"https:\/\/www.europesays.com\/fi\/wp-json\/wp\/v2\/comments?post=342481"}],"version-history":[{"count":0,"href":"https:\/\/www.europesays.com\/fi\/wp-json\/wp\/v2\/posts\/342481\/revisions"}],"wp:featuredmedia":[{"embeddable":true,"href":"https:\/\/www.europesays.com\/fi\/wp-json\/wp\/v2\/media\/342482"}],"wp:attachment":[{"href":"https:\/\/www.europesays.com\/fi\/wp-json\/wp\/v2\/media?parent=342481"}],"wp:term":[{"taxonomy":"category","embeddable":true,"href":"https:\/\/www.europesays.com\/fi\/wp-json\/wp\/v2\/categories?post=342481"},{"taxonomy":"post_tag","embeddable":true,"href":"https:\/\/www.europesays.com\/fi\/wp-json\/wp\/v2\/tags?post=342481"}],"curies":[{"name":"wp","href":"https:\/\/api.w.org\/{rel}","templated":true}]}}