{"id":34250,"date":"2025-09-14T03:06:15","date_gmt":"2025-09-14T03:06:15","guid":{"rendered":"https:\/\/www.europesays.com\/fi\/34250\/"},"modified":"2025-09-14T03:06:15","modified_gmt":"2025-09-14T03:06:15","slug":"markkinaoikeus-hylkasi-tvon-valituksen-jarjestelmasuojakiistassa-fingrid-ei-rikkonut-velvoitteitaan-uutissuomalainen-2","status":"publish","type":"post","link":"https:\/\/www.europesays.com\/fi\/34250\/","title":{"rendered":"Markkinaoikeus hylk\u00e4si TVO:n valituksen j\u00e4rjestelm\u00e4suojakiistassa \u2013 Fingrid ei rikkonut velvoitteitaan | Uutissuomalainen"},"content":{"rendered":"<p>Markkinaoikeus on hyl\u00e4nnyt Teollisuuden Voiman (TVO) valituksen kiistassa kantaverkkoyhti\u00f6 Fingridin kanssa, TVO <a href=\"https:\/\/www.tvo.fi\/ajankohtaista\/tiedotteetporssitiedotteet\/2025\/5212142.html\" rel=\"nofollow noopener\" target=\"_blank\">kertoo<\/a>. Kiista liittyy muun muassa siihen, kummalla osapuolella on vastuu s\u00e4hk\u00f6j\u00e4rjestelm\u00e4n niin sanotun j\u00e4rjestelm\u00e4suojan kustannusten kattamisesta.<\/p>\n<p>Markkinaoikeus katsoi p\u00e4\u00e4t\u00f6ksess\u00e4\u00e4n, ett\u00e4 Fingrid ei ole siirt\u00e4nyt perusteettomasti TVO:n vastuulle kantaverkon suojausj\u00e4rjestelm\u00e4\u00e4n liittyvi\u00e4 velvoitteitaan. Tammikuussa 2024 Enegiavirasto katsoi, ett\u00e4 kantaverkon suojaus kuuluu Fingridin vastuulle.<\/p>\n<p>Sek\u00e4 TVO ett\u00e4 Fingrid ovat aiemmin valittaneet Energiaviraston p\u00e4\u00e4t\u00f6ksest\u00e4.<\/p>\n<p>TVO kuvaa tiedotteessaan markkinaoikeuden p\u00e4\u00e4t\u00f6st\u00e4 pettymykseksi.<\/p>\n<p>\u2013\u2009Markkinaoikeuden p\u00e4\u00e4t\u00f6s oli pettymys. -\u2009- TVO:n n\u00e4kemyksen mukaan vastuu kantaverkon kehitt\u00e4misest\u00e4 sek\u00e4 suojauksesta kuuluu Fingridille kuten Energiavirasto tammikuussa 2024 p\u00e4\u00e4t\u00f6ksess\u00e4\u00e4n totesi, TVO:n lakiasiainjohtaja Ulla-Maija Moisio sanoo tiedotteessa.<\/p>\n<p>Markkinaoikeus jatkaa viel\u00e4 Energiaviraston p\u00e4\u00e4t\u00f6ksen, joka koskee kantaverkon maksujen m\u00e4\u00e4r\u00e4ytymisperusteita, k\u00e4sittely\u00e4. Ratkaisu t\u00e4st\u00e4 annetaan my\u00f6hemmin syksyll\u00e4, <a href=\"https:\/\/www.fingrid.fi\/ajankohtaista\/tiedotteet\/2025\/markkinaoikeus-paatti-olkiluoto-3n-jarjestelmasuojasta\/\" rel=\"nofollow noopener\" target=\"_blank\">kertoo<\/a> Fingrid tiedotteessaan.<\/p>\n<p>\t\t\t\tTaustalla vuosien riita<\/p>\n<p>Pitk\u00e4\u00e4n jatkuneen kiistan taustalla on tutkintapyynt\u00f6, jonka TVO teki toukokuussa 2022 valtionyhti\u00f6 Fingridin toiminnasta Olkiluoto 3 -hankkeen yhteydess\u00e4. TVO:n mukaan Fingrid oli laiminly\u00f6nyt kantaverkon kehitt\u00e4misen. TVO:n mielest\u00e4 Fingridin olisi pit\u00e4nyt kehitt\u00e4\u00e4 kantaverkosta sellainen, ettei j\u00e4rjestelm\u00e4suoja olisi tarpeen. Lis\u00e4ksi TVO:n mukaan Fingrid pyrki vieritt\u00e4m\u00e4\u00e4n vastuuta j\u00e4rjestelm\u00e4suojasta ja sen kustannuksista TVO:lle.<\/p>\n<p>T\u00e4n\u00e4\u00e4n antamassaan p\u00e4\u00e4t\u00f6ksess\u00e4 markkinaoikeus totesi Fingridin mukaan, ettei Fingridin itse ole tarvinnut toteuttaa kaikkia Olkiluoto 3:n j\u00e4rjestelm\u00e4suojan luomisen ja yll\u00e4pidon kannalta v\u00e4ltt\u00e4m\u00e4tt\u00f6mi\u00e4 toimia.<\/p>\n<p>Markkinaoikeus katsoi Fingridin kannan mukaisesti, ett\u00e4 j\u00e4rjestelm\u00e4suojasta voitiin sopia erikseen. Markkinaoikeus katsoi kuitenkin, ett\u00e4 Fingridin olisi tullut vahvistuttaa j\u00e4rjestelm\u00e4suojan maksujen m\u00e4\u00e4r\u00e4ytymisperusteet Energiavirastolla, Fingrid kertoo tiedotteessa.<\/p>\n<p>Olkiluoto 3 on noin 1\u2009600 megawatin tehollaan Suomen ja Pohjoismaiden suurin voimalaitosyksikk\u00f6. Sen koko tuotantotehon \u00e4killinen menetys olisi riski Suomen s\u00e4hk\u00f6j\u00e4rjestelm\u00e4lle, joten vaikutuksia on pyritty pienent\u00e4m\u00e4\u00e4n j\u00e4rjestelm\u00e4suojan avulla.<\/p>\n","protected":false},"excerpt":{"rendered":"Markkinaoikeus on hyl\u00e4nnyt Teollisuuden Voiman (TVO) valituksen kiistassa kantaverkkoyhti\u00f6 Fingridin kanssa, TVO kertoo. Kiista liittyy muun muassa siihen,&hellip;\n","protected":false},"author":2,"featured_media":34251,"comment_status":"","ping_status":"","sticky":false,"template":"","format":"standard","meta":{"footnotes":""},"categories":[76],"tags":[79,77,124,1628,33,6135,31,30,9568,2007,32,78,1247],"class_list":{"0":"post-34250","1":"post","2":"type-post","3":"status-publish","4":"format-standard","5":"has-post-thumbnail","7":"category-talous","8":"tag-business","9":"tag-economy","10":"tag-energia-sektori","11":"tag-energia-ja-energiavarat","12":"tag-fi","13":"tag-fingrid","14":"tag-finland","15":"tag-finnish","16":"tag-olkiluoto-3","17":"tag-sahko","18":"tag-suomi","19":"tag-talous","20":"tag-televisio"},"share_on_mastodon":{"url":"","error":""},"_links":{"self":[{"href":"https:\/\/www.europesays.com\/fi\/wp-json\/wp\/v2\/posts\/34250","targetHints":{"allow":["GET"]}}],"collection":[{"href":"https:\/\/www.europesays.com\/fi\/wp-json\/wp\/v2\/posts"}],"about":[{"href":"https:\/\/www.europesays.com\/fi\/wp-json\/wp\/v2\/types\/post"}],"author":[{"embeddable":true,"href":"https:\/\/www.europesays.com\/fi\/wp-json\/wp\/v2\/users\/2"}],"replies":[{"embeddable":true,"href":"https:\/\/www.europesays.com\/fi\/wp-json\/wp\/v2\/comments?post=34250"}],"version-history":[{"count":0,"href":"https:\/\/www.europesays.com\/fi\/wp-json\/wp\/v2\/posts\/34250\/revisions"}],"wp:featuredmedia":[{"embeddable":true,"href":"https:\/\/www.europesays.com\/fi\/wp-json\/wp\/v2\/media\/34251"}],"wp:attachment":[{"href":"https:\/\/www.europesays.com\/fi\/wp-json\/wp\/v2\/media?parent=34250"}],"wp:term":[{"taxonomy":"category","embeddable":true,"href":"https:\/\/www.europesays.com\/fi\/wp-json\/wp\/v2\/categories?post=34250"},{"taxonomy":"post_tag","embeddable":true,"href":"https:\/\/www.europesays.com\/fi\/wp-json\/wp\/v2\/tags?post=34250"}],"curies":[{"name":"wp","href":"https:\/\/api.w.org\/{rel}","templated":true}]}}